{"id":547712,"date":"2026-09-01T09:44:00","date_gmt":"2026-09-01T13:44:00","guid":{"rendered":"https:\/\/diarioelpopular.com\/?p=547712"},"modified":"2026-09-01T09:44:00","modified_gmt":"2026-09-01T13:44:00","slug":"al-interior-del-nuevo-poder-judicial-un-ano-de-fidelidad-a-sheinbaum-peleas-por-el-presupuesto-y-tension-entre-presidentes","status":"publish","type":"post","link":"https:\/\/diarioelpopular.com\/index.php\/2026\/09\/01\/al-interior-del-nuevo-poder-judicial-un-ano-de-fidelidad-a-sheinbaum-peleas-por-el-presupuesto-y-tension-entre-presidentes\/","title":{"rendered":"Al interior del nuevo Poder Judicial: un a\u00f1o de fidelidad a Sheinbaum, peleas por el presupuesto y tensi\u00f3n entre presidentes"},"content":{"rendered":"<div id=\"attachment_547713\" style=\"width: 646px\" class=\"wp-caption alignnone\"><img loading=\"lazy\" decoding=\"async\" aria-describedby=\"caption-attachment-547713\" class=\"wp-image-547713 size-custom-full-size\" src=\"https:\/\/diarioelpopular.com\/wp-content\/uploads\/2026\/09\/Screen-Shot-2026-09-01-at-9.43.00-AM-636x420.png\" alt=\"\" width=\"636\" height=\"420\" srcset=\"https:\/\/diarioelpopular.com\/wp-content\/uploads\/2026\/09\/Screen-Shot-2026-09-01-at-9.43.00-AM-636x420.png 636w, https:\/\/diarioelpopular.com\/wp-content\/uploads\/2026\/09\/Screen-Shot-2026-09-01-at-9.43.00-AM-300x198.png 300w, https:\/\/diarioelpopular.com\/wp-content\/uploads\/2026\/09\/Screen-Shot-2026-09-01-at-9.43.00-AM-768x507.png 768w, https:\/\/diarioelpopular.com\/wp-content\/uploads\/2026\/09\/Screen-Shot-2026-09-01-at-9.43.00-AM-85x55.png 85w, https:\/\/diarioelpopular.com\/wp-content\/uploads\/2026\/09\/Screen-Shot-2026-09-01-at-9.43.00-AM-1536x1014.png 1536w, https:\/\/diarioelpopular.com\/wp-content\/uploads\/2026\/09\/Screen-Shot-2026-09-01-at-9.43.00-AM-1200x792.png 1200w, https:\/\/diarioelpopular.com\/wp-content\/uploads\/2026\/09\/Screen-Shot-2026-09-01-at-9.43.00-AM-111x73.png 111w, https:\/\/diarioelpopular.com\/wp-content\/uploads\/2026\/09\/Screen-Shot-2026-09-01-at-9.43.00-AM.png 1024w\" sizes=\"auto, (max-width: 636px) 100vw, 636px\" \/><p id=\"caption-attachment-547713\" class=\"wp-caption-text\">Tribunal Superior de Justicia de la Ciudad de M\u00e9xico , el 5 de diciembre de 2025. Foto Mario Jasso (Cuartoscuro)<\/p><\/div>\n<p>&nbsp;<\/p>\n<ul>\n<li><em><strong>Durante algunas semanas, los muebles que ven\u00edan de la unidad de investigaci\u00f3n de la Suprema Corte se quedaron en el patio del Tribunal de Disciplina deterior\u00e1ndose a la intemperie. <\/strong><\/em><\/li>\n<\/ul>\n<p>&nbsp;<\/p>\n<p class=\"\">La raz\u00f3n era sencilla: esas mesas y esas sillas, elegantes y ejecutivas, que hab\u00edan estado en los salones de madera del Alto Tribunal no cab\u00edan en su nuevo destino de la avenida Insurgentes Sur 2417. Algo parecido pas\u00f3 tambi\u00e9n con los ordenadores: se hab\u00eda trasladado al personal encargado de la vigilancia y control de la SCJN y del Tribunal Electoral al nuevo \u00f3rgano, pero sus computadoras no eran compatibles. Ni las usaban ni les compraban otras. Esos muebles ilustran desde el detalle c\u00f3mo ha sido la transici\u00f3n general del nuevo Poder Judicial, que ha logrado a trompicones cumplir su primer a\u00f1o, marcado por las peleas por el presupuesto, la tensi\u00f3n entre las cabezas de los distintos \u00f3rganos y la fidelidad al Gobierno de Claudia Sheinbaum.<\/p>\n<p class=\"\">El 1 de septiembre de 2025\u00a0<a title=\"https:\/\/elpais.com\/mexico\/2025-09-02\/mexico-abre-una-nueva-era-para-su-sistema-de-justicia-con-un-poder-judicial-electo-por-voto-popular.html\" href=\"https:\/\/elpais.com\/mexico\/2025-09-02\/mexico-abre-una-nueva-era-para-su-sistema-de-justicia-con-un-poder-judicial-electo-por-voto-popular.html\" target=\"_self\" rel=\"\" data-link-track-dtm=\"\" data-mrf-link=\"https:\/\/elpais.com\/mexico\/2025-09-02\/mexico-abre-una-nueva-era-para-su-sistema-de-justicia-con-un-poder-judicial-electo-por-voto-popular.html\">se inaugur\u00f3 una nueva era en el sistema judicial de M\u00e9xico<\/a>: el pa\u00eds se convirti\u00f3 en el \u00fanico del mundo en elegir por elecci\u00f3n popular a todos sus juzgadores. Ese d\u00eda, de un plumazo, entraron nuevos 881 cargos federales y 1.800 locales. Adem\u00e1s se inauguraron el \u00d3rgano de Administraci\u00f3n Judicial (OAJ) y el Tribunal de Disciplina, las dos nuevas cabezas del antiguo Consejo de la Judicatura Federal, con todo el caos burocr\u00e1tico y de personal que supuso esa separaci\u00f3n tajante de la noche a la ma\u00f1ana.<\/p>\n<p class=\"\">Los cr\u00edticos a la reforma judicial avisaban de la inexperiencia de muchos de los nuevos cargos, de los riesgos de que los jueces se convirtieran en pol\u00edticos en una elecci\u00f3n constante y, sobre todo,\u00a0<a title=\"https:\/\/elpais.com\/mexico\/2025-06-04\/pleno-para-morena-en-el-tribunal-de-disciplina-los-cinco-candidatos-del-oficialismo-ganan-en-la-eleccion-judicial.html\" href=\"https:\/\/elpais.com\/mexico\/2025-06-04\/pleno-para-morena-en-el-tribunal-de-disciplina-los-cinco-candidatos-del-oficialismo-ganan-en-la-eleccion-judicial.html\" target=\"_self\" rel=\"\" data-link-track-dtm=\"\" data-mrf-link=\"https:\/\/elpais.com\/mexico\/2025-06-04\/pleno-para-morena-en-el-tribunal-de-disciplina-los-cinco-candidatos-del-oficialismo-ganan-en-la-eleccion-judicial.html\">del debilitamiento de los contrapesos al Gobierno de Morena<\/a>. Sus defensores cre\u00edan que se acercaba al pueblo una justicia elitista y que iba a favorecer la rendici\u00f3n de cuentas. Un a\u00f1o despu\u00e9s, EL PA\u00cdS reconstruye con trabajadores las tensiones, las negociaciones, los avances y los grandes pendientes. \u201cCreo que queda mucho por hacer\u201d, resume una fuente del Tribunal de Disciplina, \u201cs\u00ed hay problemas porque es una transici\u00f3n, pero no todo es blanco y negro\u201d.<\/p>\n<h2 class=\"\">El silencio del \u00d3rgano de Administraci\u00f3n<\/h2>\n<p class=\"\">Los que han estado en el despacho de N\u00e9stor Vargas, el presidente del poderoso \u00d3rgano de Administraci\u00f3n Judicial (OAJ), identifican dos fotos: a un lado, la mandataria Claudia Sheinbaum; al otro, Rosa Icela Rodr\u00edguez, la secretaria de Gobernaci\u00f3n. \u201cEso nunca se hab\u00eda visto en un \u00f3rgano judicial\u201d, apunta una fuente cercana. Vargas, quien arrastra una <a title=\"https:\/\/elpais.com\/mexico\/2023-08-21\/tania-castillo-funcionaria-del-gobierno-de-ciudad-de-mexico-el-consejero-juridico-nestor-vargas-abuso-sexualmente-de-mi.html\" href=\"https:\/\/elpais.com\/mexico\/2023-08-21\/tania-castillo-funcionaria-del-gobierno-de-ciudad-de-mexico-el-consejero-juridico-nestor-vargas-abuso-sexualmente-de-mi.html\" target=\"_self\" rel=\"\" data-link-track-dtm=\"\" data-mrf-link=\"https:\/\/elpais.com\/mexico\/2023-08-21\/tania-castillo-funcionaria-del-gobierno-de-ciudad-de-mexico-el-consejero-juridico-nestor-vargas-abuso-sexualmente-de-mi.html\">denuncia por abuso sexual<\/a>, fue consejero jur\u00eddico de Sheinbaum en el Gobierno de Ciudad de M\u00e9xico y\u00a0<a title=\"https:\/\/elpais.com\/mexico\/2025-08-21\/sheinbaum-designa-al-abogado-nestor-vargas-en-el-poderoso-organo-de-administracion-judicial.html\" href=\"https:\/\/elpais.com\/mexico\/2025-08-21\/sheinbaum-designa-al-abogado-nestor-vargas-en-el-poderoso-organo-de-administracion-judicial.html\" target=\"_self\" rel=\"\" data-link-track-dtm=\"\" data-mrf-link=\"https:\/\/elpais.com\/mexico\/2025-08-21\/sheinbaum-designa-al-abogado-nestor-vargas-en-el-poderoso-organo-de-administracion-judicial.html\">despu\u00e9s designado por ella para el \u00d3rgano<\/a>. Los otros integrantes lo eligieron presidente en un acto a puerta cerrada y desde entonces est\u00e1 al frente del monstruo que controla el millonario presupuesto del poder judicial.<\/p>\n<p>&nbsp;<\/p>\n<figure class=\"a_m a_m-h \">\n<p><div style=\"width: 424px\" class=\"wp-caption alignnone\"><img loading=\"lazy\" decoding=\"async\" class=\"_re lazyload a_m-h\" src=\"https:\/\/imagenes.elpais.com\/resizer\/v2\/IO2HMR4RO5FZLFFNP6PRN57NGI.jpg?auth=03815752b069b1d39826bc9e78a92c2badf1dd58b8311b05a40505b9eae73bba&amp;width=414\" sizes=\"auto, (min-width:1199px) 760px,(min-width:1001px) calc((100vw - 44px-11*31px)\/12*8+217), (min-width:767px) 767px, 100vw\" srcset=\"https:\/\/imagenes.elpais.com\/resizer\/v2\/IO2HMR4RO5FZLFFNP6PRN57NGI.jpg?auth=03815752b069b1d39826bc9e78a92c2badf1dd58b8311b05a40505b9eae73bba&amp;width=414 414w,https:\/\/imagenes.elpais.com\/resizer\/v2\/IO2HMR4RO5FZLFFNP6PRN57NGI.jpg?auth=03815752b069b1d39826bc9e78a92c2badf1dd58b8311b05a40505b9eae73bba&amp;width=828 640w,https:\/\/imagenes.elpais.com\/resizer\/v2\/IO2HMR4RO5FZLFFNP6PRN57NGI.jpg?auth=03815752b069b1d39826bc9e78a92c2badf1dd58b8311b05a40505b9eae73bba&amp;width=980 1000w,https:\/\/imagenes.elpais.com\/resizer\/v2\/IO2HMR4RO5FZLFFNP6PRN57NGI.jpg?auth=03815752b069b1d39826bc9e78a92c2badf1dd58b8311b05a40505b9eae73bba&amp;width=1960 1960w\" alt=\"\" width=\"414\" height=\"276\" \/><p class=\"wp-caption-text\">Ernestina Godoy, Hugo Aguilar Ortiz y N\u00e9stor Vargas Solano, firman de Convenio Marco de Colaboraci\u00f3n entre la SCJN, el OAJ, la FGR y el INACIPE, el 9 de julio. Foto Camila Ayala Benabib (Cuartoscuro)<\/p><\/div><figcaption class=\"a_m_p\" aria-hidden=\"true\"><\/figcaption><\/figure>\n<p>&nbsp;<\/p>\n<p class=\"\">Pese a su poder, el OAJ ha tratado de mantenerse lejos del escrutinio p\u00fablico, al que s\u00ed est\u00e1n sometidos a diario, por ejemplo,\u00a0<a title=\"https:\/\/elpais.com\/mexico\/2026-08-30\/la-pugna-por-la-presidencia-eclipsa-el-primer-aniversario-de-una-suprema-corte-que-no-encara-sus-grandes-pendientes.html\" href=\"https:\/\/elpais.com\/mexico\/2026-08-30\/la-pugna-por-la-presidencia-eclipsa-el-primer-aniversario-de-una-suprema-corte-que-no-encara-sus-grandes-pendientes.html\" target=\"_self\" rel=\"\" data-link-track-dtm=\"\" data-mrf-link=\"https:\/\/elpais.com\/mexico\/2026-08-30\/la-pugna-por-la-presidencia-eclipsa-el-primer-aniversario-de-una-suprema-corte-que-no-encara-sus-grandes-pendientes.html\">los ministros de la Suprema Corte<\/a>. En esta estrategia hubo una grieta. El 6 de enero, Lorena Josefina P\u00e9rez Romo dej\u00f3 su puesto en una salida inesperada despu\u00e9s de solo cuatro meses en el cargo. Oficialmente sigue sin conocerse nada sobre la renuncia, pero alrededor han girado acusaciones de irregularidades econ\u00f3micas dentro del \u00f3rgano y tambi\u00e9n\u00a0<a title=\"https:\/\/elpais.com\/mexico\/2026-01-30\/la-silla-vacia-en-el-poderoso-organo-de-administracion-revela-el-pulso-por-el-control-del-poder-judicial.html\" href=\"https:\/\/elpais.com\/mexico\/2026-01-30\/la-silla-vacia-en-el-poderoso-organo-de-administracion-revela-el-pulso-por-el-control-del-poder-judicial.html\" target=\"_self\" rel=\"\" data-link-track-dtm=\"\" data-mrf-link=\"https:\/\/elpais.com\/mexico\/2026-01-30\/la-silla-vacia-en-el-poderoso-organo-de-administracion-revela-el-pulso-por-el-control-del-poder-judicial.html\">de una lucha de poder con Vargas<\/a>. P\u00e9rez fue sustituida por\u00a0<a title=\"https:\/\/elpais.com\/mexico\/2026-02-06\/xochitl-almendra-hernandez-la-polemica-nueva-pieza-del-organo-de-administracion-judicial.html\" href=\"https:\/\/elpais.com\/mexico\/2026-02-06\/xochitl-almendra-hernandez-la-polemica-nueva-pieza-del-organo-de-administracion-judicial.html\" target=\"_self\" rel=\"\" data-link-track-dtm=\"\" data-mrf-link=\"https:\/\/elpais.com\/mexico\/2026-02-06\/xochitl-almendra-hernandez-la-polemica-nueva-pieza-del-organo-de-administracion-judicial.html\">X\u00f3chitl Almendra Hern\u00e1ndez<\/a>, cercana al ministro de la Corte Irving Espinosa. Despu\u00e9s de ah\u00ed, de nuevo el silencio.<\/p>\n<p class=\"\">\u201cEl OAJ no est\u00e1 funcionando como un \u00f3rgano colegiado, es N\u00e9stor quien est\u00e1 tomando las decisiones, lo hace todo \u00e9l, como si \u00e9l fuera el \u00f3rgano\u201d, apunta una fuente cercana, que identifica que ante la duda, el presidente nombra a la presidenta: \u201cYo ya le dije a Claudia\u201d. Dos fuentes se\u00f1alan el enfrentamiento claro entre Vargas y\u00a0<a title=\"https:\/\/elpais.com\/mexico\/2025-06-30\/celia-maya-el-tribunal-de-disciplina-tiene-las-mismas-funciones-que-antes-pero-ahora-hay-voluntad-politica.html\" href=\"https:\/\/elpais.com\/mexico\/2025-06-30\/celia-maya-el-tribunal-de-disciplina-tiene-las-mismas-funciones-que-antes-pero-ahora-hay-voluntad-politica.html\" target=\"_self\" rel=\"\" data-link-track-dtm=\"\" data-mrf-link=\"https:\/\/elpais.com\/mexico\/2025-06-30\/celia-maya-el-tribunal-de-disciplina-tiene-las-mismas-funciones-que-antes-pero-ahora-hay-voluntad-politica.html\">Celia Maya, la presidenta del Tribunal de Disciplina<\/a>. Una tensi\u00f3n que ha obstaculizado el ya de por s\u00ed desordenado traslado de recursos del OAJ al resto de tribunales.<\/p>\n<p class=\"\">\u201cEl \u00d3rgano de Administraci\u00f3n es un completo desastre que ha permeado al funcionamiento de todos los tribunales\u201d, afirma un cargo dentro del Tribunal Electoral, que explica que la aprobaci\u00f3n de los recursos se hace semana a semana, lo que obliga \u201ca una serie de conversaciones desgastantes para que se aprueben cosas bastante banales\u201d, como la compra de papel higi\u00e9nico o de folios para imprimir. El comedor institucional del TEPJF, por ejemplo, estuvo sin funcionar durante meses porque el contrato se hab\u00eda quedado \u201catorado\u201d en el OAJ. Lo mismo con las sillas o los ordenadores del Tribunal de Disciplina. \u201cNo han encontrado una forma eficiente de trabajar con todos los tribunales que tienen que atender\u201d, apuntan. Es un \u00d3rgano para m\u00e1s de 900 \u00f3rganos jurisdiccionales federales.<\/p>\n<h2 class=\"\">El torpe despertar del Tribunal de Disciplina<\/h2>\n<p class=\"\">Era final de octubre y el Tribunal de Disciplina apenas estaba todav\u00eda repartiendo a sus cinco integrantes en comisiones. Hace apenas un mes que entr\u00f3 en vigor su reglamento interno y 10 d\u00edas que crearon su Comit\u00e9 de Transparencia. La estrella de la reforma judicial,\u00a0<a title=\"https:\/\/elpais.com\/mexico\/2025-09-03\/el-tribunal-de-disciplina-se-estrena-con-la-amenaza-de-revisar-el-patrimonio-de-los-jueces-y-encarcelar-a-los-corruptos.html\" href=\"https:\/\/elpais.com\/mexico\/2025-09-03\/el-tribunal-de-disciplina-se-estrena-con-la-amenaza-de-revisar-el-patrimonio-de-los-jueces-y-encarcelar-a-los-corruptos.html\" target=\"_self\" rel=\"\" data-link-track-dtm=\"\" data-mrf-link=\"https:\/\/elpais.com\/mexico\/2025-09-03\/el-tribunal-de-disciplina-se-estrena-con-la-amenaza-de-revisar-el-patrimonio-de-los-jueces-y-encarcelar-a-los-corruptos.html\">el que iba a encargarse de la correcci\u00f3n de los jueces y magistrados<\/a>, no ha publicado todav\u00eda cu\u00e1ntos casos est\u00e1 investigando, cu\u00e1ntos juzgadores han sido sancionados y por qu\u00e9 motivos, cu\u00e1ntas quejas han llegado y c\u00f3mo se han canalizado. Una fuente dentro del tribunal define todo este primer a\u00f1o como una transici\u00f3n, mientras otra identifica ya la falta de controles y los sesgos en las investigaciones.<\/p>\n<p class=\"\">\u201cHa faltado agilidad porque el Tribunal no tiene acceso directo a su presupuesto. Entonces es complejo que otro \u00f3rgano decida qu\u00e9 necesitas\u201d, apunta una fuente interna, que valora la divisi\u00f3n del antiguo Consejo porque ten\u00eda \u201cmucho poder\u201d: \u201cAhora hay m\u00e1s equilibrio\u201d. Sin embargo, en la partici\u00f3n, el OAJ se qued\u00f3 con el personal, lo que tambi\u00e9n ha lastrado la puesta en marcha del Tribunal de Disciplina.<\/p>\n<p class=\"\">A eso se ha unido al alto n\u00famero de quejas que reciben: unas 1.000 al mes. Estas reclamaciones \u2014que vienen de la Fiscal\u00eda, la Consejer\u00eda Jur\u00eddica, los sindicatos o cualquier ciudadano\u2014 pasan primero por el \u00d3rgano de Investigaci\u00f3n de Responsabilidades Administrativas (OIRA). Este departamento tiene la instrucci\u00f3n de solo avanzar con las que tengan \u201celementos\u201d y que no todo sea una \u201csanci\u00f3n\u201d. As\u00ed, por ejemplo, cuando se reciben reclamos por la tardanza en los tribunales (el 66% de los asuntos en los tribunales de circuito presenta rezago y el 26% de los juzgados de distrito, seg\u00fan las cifras del OAJ) se opta primero por llamar a los titulares para presionar: \u201cTienes rezago, tienes que atenderlo, se est\u00e1n quejando\u201d. Estos avisos, apunta una fuente cercana, s\u00ed est\u00e1n funcionando.<\/p>\n<p>&nbsp;<\/p>\n<figure class=\"a_m a_m-h \">\n<p><div style=\"width: 424px\" class=\"wp-caption alignnone\"><img loading=\"lazy\" decoding=\"async\" class=\"_re lazyload a_m-h\" src=\"https:\/\/imagenes.elpais.com\/resizer\/v2\/LNEOWWKZY5GCFB6HVPT5OOMVQI.jpg?auth=614685d55062d89ef579036ab5ff287d205f5fcf4994af2d40cb393c6c2bfed9&amp;width=414\" sizes=\"auto, (min-width:1199px) 760px,(min-width:1001px) calc((100vw - 44px-11*31px)\/12*8+217), (min-width:767px) 767px, 100vw\" srcset=\"https:\/\/imagenes.elpais.com\/resizer\/v2\/LNEOWWKZY5GCFB6HVPT5OOMVQI.jpg?auth=614685d55062d89ef579036ab5ff287d205f5fcf4994af2d40cb393c6c2bfed9&amp;width=414 414w,https:\/\/imagenes.elpais.com\/resizer\/v2\/LNEOWWKZY5GCFB6HVPT5OOMVQI.jpg?auth=614685d55062d89ef579036ab5ff287d205f5fcf4994af2d40cb393c6c2bfed9&amp;width=828 640w,https:\/\/imagenes.elpais.com\/resizer\/v2\/LNEOWWKZY5GCFB6HVPT5OOMVQI.jpg?auth=614685d55062d89ef579036ab5ff287d205f5fcf4994af2d40cb393c6c2bfed9&amp;width=980 1000w,https:\/\/imagenes.elpais.com\/resizer\/v2\/LNEOWWKZY5GCFB6HVPT5OOMVQI.jpg?auth=614685d55062d89ef579036ab5ff287d205f5fcf4994af2d40cb393c6c2bfed9&amp;width=1960 1960w\" alt=\"\" width=\"414\" height=\"277\" \/><p class=\"wp-caption-text\">Toma de protesta de Celia Maya, Eva De Gyves, Indira Garc\u00eda, Bernardo B\u00e1tiz y Rufino Le\u00f3n como magistrados del Tribunal de Disciplina Judicial, en la C\u00e1mara de Senadores, el 1 de septiembre de 2025. Foto Mario Jasso (Cuartoscuro)<\/p><\/div><figcaption class=\"a_m_p\" aria-hidden=\"true\"><\/figcaption><\/figure>\n<p>&nbsp;<\/p>\n<p class=\"\">Esa din\u00e1mica es muy diferente de la que otra fuente identifica en las suspensiones a jueces y magistrados. \u201cHay varios grupos: algunos conflictos laborales, equivocaciones de titulares y, sobre todo, cuestiones pol\u00edticas\u201d, apunta: \u201cSe est\u00e1 juzgando el criterio jurisdiccional, es decir, c\u00f3mo resolvieron. Tambi\u00e9n cuestiones procesales sobre la reforma judicial, por ejemplo, un magistrado est\u00e1 ahora suspendido por presentar en las audiencias a una magistrada como magistrada electa\u201d.<\/p>\n<p class=\"\">Adem\u00e1s de vigilar la tan mentada corrupci\u00f3n de los jueces y el rezago en la impartici\u00f3n de justicia, el Tribunal de Disciplina era tambi\u00e9n la respuesta del Gobierno para corregir la inexperiencia de los jueces electos. Se iba a encargar de evaluarlos y tambi\u00e9n de ordenarles los cursos de formaci\u00f3n. Una fuente interna cifra que entre el 8% y el 11% de los nuevos juzgadores van a tener que pasar el curso de actualizaci\u00f3n tras no aprobar los ex\u00e1menes de evaluaci\u00f3n.<\/p>\n<h2 class=\"\">Sin debates en el Tribunal Electoral<\/h2>\n<p class=\"\">Hace a\u00f1os que\u00a0<a title=\"https:\/\/elpais.com\/mexico\/2024-01-17\/crisis-en-el-tribunal-electoral-la-caida-en-camara-lenta-del-magistrado-reyes-rodriguez.html\" href=\"https:\/\/elpais.com\/mexico\/2024-01-17\/crisis-en-el-tribunal-electoral-la-caida-en-camara-lenta-del-magistrado-reyes-rodriguez.html\" target=\"_self\" rel=\"\" data-link-track-dtm=\"\" data-mrf-link=\"https:\/\/elpais.com\/mexico\/2024-01-17\/crisis-en-el-tribunal-electoral-la-caida-en-camara-lenta-del-magistrado-reyes-rodriguez.html\">la pol\u00e9mica envuelve al Tribunal Electoral<\/a>. La lucha por controlar la instituci\u00f3n estall\u00f3 en 2023 y sus consecuencias todav\u00eda siguen. En 2024, los votos de la Sala Superior fueron necesarios para\u00a0<a title=\"https:\/\/elpais.com\/mexico\/2024-08-29\/el-tribunal-electoral-confirma-la-supermayoria-de-morena-en-el-congreso.html\" href=\"https:\/\/elpais.com\/mexico\/2024-08-29\/el-tribunal-electoral-confirma-la-supermayoria-de-morena-en-el-congreso.html\" target=\"_self\" rel=\"\" data-link-track-dtm=\"\" data-mrf-link=\"https:\/\/elpais.com\/mexico\/2024-08-29\/el-tribunal-electoral-confirma-la-supermayoria-de-morena-en-el-congreso.html\">ratificar la supermayor\u00eda de Morena en las elecciones<\/a>. Esto llev\u00f3 a que en 2025 fuera la \u00fanica que se salvara de la demolici\u00f3n judicial. Solo sus dos puestos vacantes salieron a las urnas y se permiti\u00f3 que los magistrados que ya estaban se quedaran hasta la siguiente elecci\u00f3n judicial. Ahora eso todav\u00eda ha ido a m\u00e1s:\u00a0<a title=\"https:\/\/elpais.com\/mexico\/2026-05-28\/la-reforma-judicial-de-sheinbaum-avanza-en-la-camara-de-diputados-bajo-el-asedio-opositor-con-alusiones-al-narcogobierno.html\" href=\"https:\/\/elpais.com\/mexico\/2026-05-28\/la-reforma-judicial-de-sheinbaum-avanza-en-la-camara-de-diputados-bajo-el-asedio-opositor-con-alusiones-al-narcogobierno.html\" target=\"_self\" rel=\"\" data-link-track-dtm=\"\" data-mrf-link=\"https:\/\/elpais.com\/mexico\/2026-05-28\/la-reforma-judicial-de-sheinbaum-avanza-en-la-camara-de-diputados-bajo-el-asedio-opositor-con-alusiones-al-narcogobierno.html\">Morena acaba de aprobar que puedan reelegirse en 2028<\/a>\u00a0y permanecer en el m\u00e1ximo \u00f3rgano electoral seis a\u00f1os m\u00e1s, es decir, hasta 2034. As\u00ed, algunos podr\u00edan sumar hasta 17 a\u00f1os en el cargo cuando su mandato era solo de ocho.<\/p>\n<p class=\"\">Este premio es una consecuencia directa de la actuaci\u00f3n de los magistrados. En el Tribunal Electoral, relata una fuente interna, los debates se han acabado: \u201cEl magistrado Reyes Rodr\u00edguez explica el sentido de sus votos y razona los argumentos, pero eso dej\u00f3 de ser frecuente, como antes de la elecci\u00f3n\u00a0<a title=\"https:\/\/elpais.com\/mexico\/2025-10-30\/el-oficialismo-se-perpetua-en-el-tribunal-electoral.html\" href=\"https:\/\/elpais.com\/mexico\/2025-10-30\/el-oficialismo-se-perpetua-en-el-tribunal-electoral.html\" target=\"_self\" rel=\"\" data-link-track-dtm=\"\" data-mrf-link=\"https:\/\/elpais.com\/mexico\/2025-10-30\/el-oficialismo-se-perpetua-en-el-tribunal-electoral.html\">cuando todav\u00eda hab\u00eda un poco m\u00e1s de pluralidad<\/a>\u00a0y se discut\u00edan las posturas durante la sesi\u00f3n p\u00fablica. El debate ya es una rareza dentro del tribunal\u201d.<\/p>\n<p class=\"\">Cuando hay temas delicados, agrega esta empleada, \u201chay una coordinaci\u00f3n de las magistraturas para decidir qui\u00e9n va a argumentar frente a la postura del magistrado Reyes Rodr\u00edguez\u201d. Tratan, se\u00f1ala, de que no sea el presidente Gilberto B\u00e1tiz quien lo haga y suele ser la magistrada Claudia Valle. Ambos fueron electos en junio del 2025, pero s\u00ed conoc\u00edan la labor jurisdiccional del tribunal (Valle, por ejemplo, ven\u00eda de una sala regional): \u201cHa sido un pleno decoroso en ese sentido\u201d.<\/p>\n<p class=\"\">El Tribunal se agit\u00f3 hace unos d\u00edas con\u00a0<a title=\"https:\/\/elpais.com\/mexico\/2026-08-18\/monica-soto-renuncia-como-magistrada-de-la-sala-superior-del-tribunal-electoral.html\" href=\"https:\/\/elpais.com\/mexico\/2026-08-18\/monica-soto-renuncia-como-magistrada-de-la-sala-superior-del-tribunal-electoral.html\" target=\"_self\" rel=\"\" data-link-track-dtm=\"\" data-mrf-link=\"https:\/\/elpais.com\/mexico\/2026-08-18\/monica-soto-renuncia-como-magistrada-de-la-sala-superior-del-tribunal-electoral.html\">la salida sorpresa de la magistrada M\u00f3nica Soto<\/a>, pol\u00e9mica por su cercan\u00eda con Morena. Su renuncia \u2014unida a la de Janine Ot\u00e1lora cuando se acab\u00f3 su mandato\u2014 vuelve a dejar a la sala superior con solo cinco integrantes. Hasta el momento, el Gobierno no tiene intenci\u00f3n de completar el pleno (que son siete) hasta que vuelvan a salir las plazas en la elecci\u00f3n judicial de 2028.<\/p>\n","protected":false},"excerpt":{"rendered":"<p>&nbsp; Durante algunas semanas, los muebles que ven\u00edan de la unidad de investigaci\u00f3n de la Suprema Corte se quedaron en el patio del Tribunal de&hellip;<\/p>\n","protected":false},"author":99,"featured_media":547713,"comment_status":"open","ping_status":"open","sticky":false,"template":"","format":"standard","meta":{"footnotes":""},"categories":[23],"tags":[],"class_list":["post-547712","post","type-post","status-publish","format-standard","has-post-thumbnail","hentry","category-latinoamerica"],"_links":{"self":[{"href":"https:\/\/diarioelpopular.com\/index.php\/wp-json\/wp\/v2\/posts\/547712","targetHints":{"allow":["GET"]}}],"collection":[{"href":"https:\/\/diarioelpopular.com\/index.php\/wp-json\/wp\/v2\/posts"}],"about":[{"href":"https:\/\/diarioelpopular.com\/index.php\/wp-json\/wp\/v2\/types\/post"}],"author":[{"embeddable":true,"href":"https:\/\/diarioelpopular.com\/index.php\/wp-json\/wp\/v2\/users\/99"}],"replies":[{"embeddable":true,"href":"https:\/\/diarioelpopular.com\/index.php\/wp-json\/wp\/v2\/comments?post=547712"}],"version-history":[{"count":1,"href":"https:\/\/diarioelpopular.com\/index.php\/wp-json\/wp\/v2\/posts\/547712\/revisions"}],"predecessor-version":[{"id":547714,"href":"https:\/\/diarioelpopular.com\/index.php\/wp-json\/wp\/v2\/posts\/547712\/revisions\/547714"}],"wp:featuredmedia":[{"embeddable":true,"href":"https:\/\/diarioelpopular.com\/index.php\/wp-json\/wp\/v2\/media\/547713"}],"wp:attachment":[{"href":"https:\/\/diarioelpopular.com\/index.php\/wp-json\/wp\/v2\/media?parent=547712"}],"wp:term":[{"taxonomy":"category","embeddable":true,"href":"https:\/\/diarioelpopular.com\/index.php\/wp-json\/wp\/v2\/categories?post=547712"},{"taxonomy":"post_tag","embeddable":true,"href":"https:\/\/diarioelpopular.com\/index.php\/wp-json\/wp\/v2\/tags?post=547712"}],"curies":[{"name":"wp","href":"https:\/\/api.w.org\/{rel}","templated":true}]}}