{"id":547715,"date":"2026-09-01T09:50:19","date_gmt":"2026-09-01T13:50:19","guid":{"rendered":"https:\/\/diarioelpopular.com\/?p=547715"},"modified":"2026-09-01T09:50:19","modified_gmt":"2026-09-01T13:50:19","slug":"sequias-en-el-centro-y-temporales-en-el-sur-el-nino-empieza-a-mostrar-sus-multiples-caras-en-america-latina","status":"publish","type":"post","link":"https:\/\/diarioelpopular.com\/index.php\/2026\/09\/01\/sequias-en-el-centro-y-temporales-en-el-sur-el-nino-empieza-a-mostrar-sus-multiples-caras-en-america-latina\/","title":{"rendered":"Sequ\u00edas en el centro y temporales en el sur: \u2018El Ni\u00f1o\u2019 empieza a mostrar sus m\u00faltiples caras en Am\u00e9rica Latina"},"content":{"rendered":"<div id=\"attachment_547718\" style=\"width: 1210px\" class=\"wp-caption alignnone\"><img loading=\"lazy\" decoding=\"async\" aria-describedby=\"caption-attachment-547718\" class=\"wp-image-547718 size-custom-big-size\" src=\"https:\/\/diarioelpopular.com\/wp-content\/uploads\/2026\/09\/Screen-Shot-2026-09-01-at-9.49.21-AM-1200x811.png\" alt=\"\" width=\"1200\" height=\"811\" srcset=\"https:\/\/diarioelpopular.com\/wp-content\/uploads\/2026\/09\/Screen-Shot-2026-09-01-at-9.49.21-AM-1200x811.png 1200w, https:\/\/diarioelpopular.com\/wp-content\/uploads\/2026\/09\/Screen-Shot-2026-09-01-at-9.49.21-AM-300x203.png 300w, https:\/\/diarioelpopular.com\/wp-content\/uploads\/2026\/09\/Screen-Shot-2026-09-01-at-9.49.21-AM-768x519.png 768w, https:\/\/diarioelpopular.com\/wp-content\/uploads\/2026\/09\/Screen-Shot-2026-09-01-at-9.49.21-AM-1536x1038.png 1536w, https:\/\/diarioelpopular.com\/wp-content\/uploads\/2026\/09\/Screen-Shot-2026-09-01-at-9.49.21-AM-636x430.png 636w, https:\/\/diarioelpopular.com\/wp-content\/uploads\/2026\/09\/Screen-Shot-2026-09-01-at-9.49.21-AM-80x55.png 80w, https:\/\/diarioelpopular.com\/wp-content\/uploads\/2026\/09\/Screen-Shot-2026-09-01-at-9.49.21-AM-108x73.png 108w, https:\/\/diarioelpopular.com\/wp-content\/uploads\/2026\/09\/Screen-Shot-2026-09-01-at-9.49.21-AM.png 1024w\" sizes=\"auto, (max-width: 1200px) 100vw, 1200px\" \/><p id=\"caption-attachment-547718\" class=\"wp-caption-text\">Bomberos caminan en una calle inundada en el \u00e1rea suburbana de Santiago de Chile, en julio pasado. Foto Lucas Aguayo Araos (Getty Images)<\/p><\/div>\n<p>&nbsp;<\/p>\n<ul>\n<li><em><strong>El fen\u00f3meno de 2026 tiene una probabilidad mayor al 90% de convertirse en \u201cmuy fuerte\u201d. Centroam\u00e9rica declara alerta, mientras que en la Amazonia sus impactos podr\u00e1n darse m\u00e1s adelante con incendios de bosques primarios<\/strong><\/em><\/li>\n<\/ul>\n<p>&nbsp;<\/p>\n<p class=\"\">Desde sequ\u00edas en Centroam\u00e9rica, pasando por incendios en Colombia y llegando a intensos temporales en Chile, el fen\u00f3meno de<i>\u00a0El Ni\u00f1o<\/i>\u00a0ya empez\u00f3 a mostrar sus m\u00faltiples caras en\u00a0<a title=\"https:\/\/elpais.com\/america-futura\/2026-04-16\/el-fenomeno-de-el-nino-llegara-en-2026-aunque-no-hay-certeza-sobre-su-fortaleza-america-latina-y-el-caribe-deben-prepararse.html\" href=\"https:\/\/elpais.com\/america-futura\/2026-04-16\/el-fenomeno-de-el-nino-llegara-en-2026-aunque-no-hay-certeza-sobre-su-fortaleza-america-latina-y-el-caribe-deben-prepararse.html\" target=\"_self\" rel=\"\" data-link-track-dtm=\"\" data-mrf-link=\"https:\/\/elpais.com\/america-futura\/2026-04-16\/el-fenomeno-de-el-nino-llegara-en-2026-aunque-no-hay-certeza-sobre-su-fortaleza-america-latina-y-el-caribe-deben-prepararse.html\">Am\u00e9rica Latina y el Caribe.<\/a>\u00a0Declarado oficialmente como tal en junio, no es ninguna sorpresa que regrese: se trata de un mecanismo natural y c\u00edclico que se ha reportado desde finales del siglo XIX. All\u00ed no hay ninguna novedad. Lo que s\u00ed genera expectativa es c\u00f3mo se vivir\u00e1 en lo que queda de 2026 y por varias razones. Primero, como cuenta B\u00e1rbara Tapia Cort\u00e9s, de la Organizaci\u00f3n Meteorol\u00f3gica Mundial, es que \u201cnunca hay un\u00a0<i>Ni\u00f1o\u00a0<\/i>igual a otro\u201d. En el clima juegan otras variables locales que pueden potenciar o frenar sus impactos.<\/p>\n<p class=\"\">Lo segundo gira en torno a sus predicciones. Seg\u00fan el m\u00e1s reciente bolet\u00edn de la Oficina Nacional de Administraci\u00f3n Oce\u00e1nica y Atmosf\u00e9rica de Estados Unidos (NOAA), publicado el 13 de agosto, hay una probabilidad superior al 90% de que se produzca un fen\u00f3meno de\u00a0<i>El Ni\u00f1o\u00a0<\/i>de intensidad \u201cmuy fuerte\u201d entre septiembre y comienzos de 2027. Se trata de la categor\u00eda m\u00e1s alta entre las cuatro que tiene\u00a0<i>El Ni\u00f1o<\/i>\u00a0y aplica cuando la superficie del oc\u00e9ano en un punto espec\u00edfico del Pac\u00edfico ecuatorial se calienta alrededor de 2 \u00b0C por encima de lo normal \u2014para declarar un\u00a0<i>Ni\u00f1o\u00a0<\/i>\u201cd\u00e9bil\u201d se necesita que el valor est\u00e9 0.5 \u00b0C por encima del valor promedio hist\u00f3rico durante tres meses\u2014. Incluso, dice la NOAA, para octubre y diciembre, hay un 69% de chance de que se produzca un\u00a0<i>Ni\u00f1o\u00a0<\/i>hist\u00f3rico: uno con una intensidad que supere a la de sus anteriores desde 1950.<\/p>\n<p class=\"\">Lo tercero es que este fen\u00f3meno de 2026 se da en el contexto de crisis clim\u00e1tica que, de por s\u00ed, ya ha calentado tanto la atm\u00f3sfera como el oc\u00e9ano. De hecho, el planeta lleva tres a\u00f1os consecutivos quebrando el r\u00e9cord de la<a title=\"https:\/\/elpais.com\/clima-y-medio-ambiente\/2026-08-24\/los-oceanos-del-planeta-registran-la-temperatura-mas-alta-desde-que-hay-datos.html\" href=\"https:\/\/elpais.com\/clima-y-medio-ambiente\/2026-08-24\/los-oceanos-del-planeta-registran-la-temperatura-mas-alta-desde-que-hay-datos.html\" target=\"_self\" rel=\"\" data-link-track-dtm=\"\" data-mrf-link=\"https:\/\/elpais.com\/clima-y-medio-ambiente\/2026-08-24\/los-oceanos-del-planeta-registran-la-temperatura-mas-alta-desde-que-hay-datos.html\">\u00a0temperatura de sus oc\u00e9anos<\/a>.<\/p>\n<p class=\"\">\u201cTenemos todos los ingredientes para que sea un evento fuerte\u201d, dice Tapia. Pero, como en toda receta, tener los ingredientes no significa que el producto final vaya a salir como creemos. \u201cNo todo\u00a0<i>Ni\u00f1o\u00a0<\/i>fuerte implica que los impactos ser\u00e1n fuertes\u201d, comenta dando cierto parte de tranquilidad. La preparaci\u00f3n ante el\u00a0<i>Ni\u00f1o\u00a0<\/i>y reducir la vulnerabilidad de las personas ante lo que puede venir \u2014o ya se est\u00e1 viviendo\u2014 puede incluso ser un mayor determinante de c\u00f3mo sale esa \u201creceta\u201d clim\u00e1tica.<\/p>\n<h2 class=\"\">Las caras de\u00a0<i>El Ni\u00f1o<\/i><\/h2>\n<p class=\"\">La semana pasada, Centroam\u00e9rica entr\u00f3 en alerta por sequ\u00eda. Casi en el mismo d\u00eda, Honduras, Panam\u00e1 y El Salvador se declararon en emergencia asociada a<i>\u00a0El Ni\u00f1o<\/i>. En la capital del primer pa\u00eds, Tegucigalpa, las fuentes que abastecen de agua a la ciudad llegaron a puntos cr\u00edticos y las autoridades han tenido que instaurar una dotaci\u00f3n de agua que var\u00eda entre cada 10 y 20 d\u00edas. Mientras, en\u00a0<a title=\"https:\/\/elpais.com\/america-futura\/2024-05-01\/el-nino-y-no-el-cambio-climatico-fue-el-principal-causante-de-la-sequia-de-panama.html\" href=\"https:\/\/elpais.com\/america-futura\/2024-05-01\/el-nino-y-no-el-cambio-climatico-fue-el-principal-causante-de-la-sequia-de-panama.html\" target=\"_self\" rel=\"\" data-link-track-dtm=\"\" data-mrf-link=\"https:\/\/elpais.com\/america-futura\/2024-05-01\/el-nino-y-no-el-cambio-climatico-fue-el-principal-causante-de-la-sequia-de-panama.html\">Panam\u00e1<\/a>, hay 11 cuencas con estr\u00e9s h\u00eddrico, incluida de la que dependen las aguas del canal. Seg\u00fan las autoridades de esta v\u00eda de navegaci\u00f3n, desde mayo las lluvias han estado un 34\u202f% debajo del promedio hist\u00f3rico y los aportes a la cuenca se han disminuido un 44%. Por eso, a partir del 3 de septiembre, el n\u00famero de buques que podr\u00e1n pasar por all\u00ed bajar\u00e1 de 38 a 34 diarios, y solo ser\u00e1 de 32 desde el 15 de septiembre. Tambi\u00e9n pusieron nuevas restricciones de calado, situaci\u00f3n que rebotar\u00e1 en la econom\u00eda, ya que por el Canal de Panam\u00e1 pasa un 5% del tr\u00e1fico mar\u00edtimo del mundo.<\/p>\n<div class=\"raw_html\">\n<div>\n<div id=\"elnino-impactos-homologado\" data-ready=\"1\">\n<div class=\"eh-footer\">\n<div class=\"eh-footer\"><img loading=\"lazy\" decoding=\"async\" class=\"alignnone size-custom-full-size wp-image-547716\" src=\"https:\/\/diarioelpopular.com\/wp-content\/uploads\/2026\/09\/Screen-Shot-2026-09-01-at-9.46.58-AM-636x653.png\" alt=\"\" width=\"636\" height=\"653\" srcset=\"https:\/\/diarioelpopular.com\/wp-content\/uploads\/2026\/09\/Screen-Shot-2026-09-01-at-9.46.58-AM-636x653.png 636w, https:\/\/diarioelpopular.com\/wp-content\/uploads\/2026\/09\/Screen-Shot-2026-09-01-at-9.46.58-AM-292x300.png 292w, https:\/\/diarioelpopular.com\/wp-content\/uploads\/2026\/09\/Screen-Shot-2026-09-01-at-9.46.58-AM-768x788.png 768w, https:\/\/diarioelpopular.com\/wp-content\/uploads\/2026\/09\/Screen-Shot-2026-09-01-at-9.46.58-AM-71x73.png 71w, https:\/\/diarioelpopular.com\/wp-content\/uploads\/2026\/09\/Screen-Shot-2026-09-01-at-9.46.58-AM.png 986w\" sizes=\"auto, (max-width: 636px) 100vw, 636px\" \/><\/div>\n<\/div>\n<\/div>\n<\/div>\n<\/div>\n<p class=\"\">Del lado del Caribe, la sequ\u00eda tambi\u00e9n empieza a verse, aunque con una suerte de ventaja. Las condiciones asociadas a\u00a0<i>El Ni\u00f1o<\/i>\u00a0aumentan las caracter\u00edsticas del viento que sube a la atm\u00f3sfera, lo que hace que los huracanes se desintegren. Eso implica que la temporada de huracanes en el Atl\u00e1ntico ser\u00e1 m\u00e1s tranquila. La NOAA prev\u00e9 incluso un 35% de probabilidad de que sea una casi normal, un 10% superior y un 55% inferior a lo normal. Esto, sin embargo, podr\u00eda implicar que islas como\u00a0<a title=\"https:\/\/elpais.com\/america-futura\/2026-08-28\/el-cambio-climatico-si-esta-detras-de-la-reciente-reduccion-de-las-lluvias-en-puerto-rico-y-jamaica.html\" href=\"https:\/\/elpais.com\/america-futura\/2026-08-28\/el-cambio-climatico-si-esta-detras-de-la-reciente-reduccion-de-las-lluvias-en-puerto-rico-y-jamaica.html\" target=\"_self\" rel=\"\" data-link-track-dtm=\"\" data-mrf-link=\"https:\/\/elpais.com\/america-futura\/2026-08-28\/el-cambio-climatico-si-esta-detras-de-la-reciente-reduccion-de-las-lluvias-en-puerto-rico-y-jamaica.html\">Jamaica y Puerto Rico,\u00a0<\/a>que est\u00e1n viviendo sequ\u00edas durante el comienzo de lo que deber\u00eda ser la temporada h\u00fameda, no puedan equilibrar la actual falta de agua. \u201cMenos sistemas tropicales disminuir\u00e1n una fuente de precipitaciones caracter\u00edsticas de esta \u00e9poca del a\u00f1o\u201d, asegur\u00f3 Paul Miller, profesor en meteorolog\u00eda costera de la Universidad de Luisiana durante una rueda de prensa.<\/p>\n<p>&nbsp;<\/p>\n<figure class=\"a_m a_m-h \">\n<p><div style=\"width: 424px\" class=\"wp-caption alignnone\"><img loading=\"lazy\" decoding=\"async\" class=\"_re lazyload a_m-h\" src=\"https:\/\/imagenes.elpais.com\/resizer\/v2\/ZP6NM3FLXNPVPAUTTDOVWI43EQ.jpg?auth=72beeab8c63900a45d47a7e87514be40bc3ed643bf0bb59ade7432ac8858dab3&amp;width=414\" sizes=\"auto, (min-width:1199px) 760px,(min-width:1001px) calc((100vw - 44px-11*31px)\/12*8+217), (min-width:767px) 767px, 100vw\" srcset=\"https:\/\/imagenes.elpais.com\/resizer\/v2\/ZP6NM3FLXNPVPAUTTDOVWI43EQ.jpg?auth=72beeab8c63900a45d47a7e87514be40bc3ed643bf0bb59ade7432ac8858dab3&amp;width=414 414w,https:\/\/imagenes.elpais.com\/resizer\/v2\/ZP6NM3FLXNPVPAUTTDOVWI43EQ.jpg?auth=72beeab8c63900a45d47a7e87514be40bc3ed643bf0bb59ade7432ac8858dab3&amp;width=828 640w,https:\/\/imagenes.elpais.com\/resizer\/v2\/ZP6NM3FLXNPVPAUTTDOVWI43EQ.jpg?auth=72beeab8c63900a45d47a7e87514be40bc3ed643bf0bb59ade7432ac8858dab3&amp;width=980 1000w,https:\/\/imagenes.elpais.com\/resizer\/v2\/ZP6NM3FLXNPVPAUTTDOVWI43EQ.jpg?auth=72beeab8c63900a45d47a7e87514be40bc3ed643bf0bb59ade7432ac8858dab3&amp;width=1960 1960w\" alt=\"\" width=\"414\" height=\"276\" \/><p class=\"wp-caption-text\">Un buque transita por el canal de Panam\u00e1, en marzo pasado. Foto Enea Lebrun (REUTERS)<\/p><\/div><figcaption class=\"a_m_p\" aria-hidden=\"true\"><\/figcaption><\/figure>\n<p>&nbsp;<\/p>\n<p class=\"\">En Sudam\u00e9rica tambi\u00e9n se sienten las se\u00f1ales de\u00a0<i>El Ni\u00f1o<\/i>. Colombia ha vivido un agosto de\u00a0<a title=\"https:\/\/elpais.com\/america-colombia\/2026-08-27\/sospechas-de-fuego-provocado-y-sequias-por-el-nino-las-claves-de-los-incendios-forestales-en-colombia.html\" href=\"https:\/\/elpais.com\/america-colombia\/2026-08-27\/sospechas-de-fuego-provocado-y-sequias-por-el-nino-las-claves-de-los-incendios-forestales-en-colombia.html\" target=\"_self\" rel=\"\" data-link-track-dtm=\"\" data-mrf-link=\"https:\/\/elpais.com\/america-colombia\/2026-08-27\/sospechas-de-fuego-provocado-y-sequias-por-el-nino-las-claves-de-los-incendios-forestales-en-colombia.html\">incendios forestale<\/a>s concentrados en el departamento de Tolima, al centro-oeste del pa\u00eds, con m\u00e1s de 50.000 hect\u00e1reas afectadas. Y es que es en esta parte del continente americano donde<i>\u00a0El Ni\u00f1o<\/i>\u00a0m\u00e1s provoca un aumento de \u00e1reas quemadas. As\u00ed lo encontr\u00f3 un estudio publicado en\u00a0<a title=\"https:\/\/www.frontiersin.org\/journals\/earth-science\/articles\/10.3389\/feart.2020.00199\/\" href=\"https:\/\/www.frontiersin.org\/journals\/earth-science\/articles\/10.3389\/feart.2020.00199\/\" target=\"_blank\" rel=\"noopener\" data-link-track-dtm=\"\" data-mrf-link=\"https:\/\/www.frontiersin.org\/journals\/earth-science\/articles\/10.3389\/feart.2020.00199\/\"><i><u>Frontiers In Earth Sciene<\/u><\/i><\/a>\u00a0en 2020, apuntando que, tras el fen\u00f3meno de 2015 y 2016, su incremento mundial fue de un 4%, mientras que para Sudam\u00e9rica fue del 13%.<\/p>\n<p class=\"\">En el Pac\u00edfico y en las costas de Per\u00fa se suman otros impactos. Desde mayo, el Ministerio de Producci\u00f3n ha suspendido en distintas ocasiones las temporadas de pesca de anchoa peruana (<i>Engraulis ringens<\/i>) y anchoa blanca (<i>Anchoa nasus<\/i>) en la principal zona pesquera del pa\u00eds. El calentamiento de las aguas del mar peruano hace que las anchovetas adultas naden a aguas m\u00e1s profundas o migren hacia el sur, quedando solo sobre la superficie los peces m\u00e1s j\u00f3venes. Entre Argentina y Chile, adem\u00e1s, se ha cerrado por m\u00e1s de 30 d\u00edas el paso fronterizo conocido como el Cristo Redentor por un temporal que dej\u00f3 hasta cuatro metros de nieve. Jos\u00e9 Antonio Kast, presidente\u00a0<a title=\"https:\/\/elpais.com\/chile\/2026-08-24\/cuando-llega-la-lluvia-a-santiago-el-nuevo-sistema-frontal-y-rio-atmosferico-que-afectara-a-chile.html\" href=\"https:\/\/elpais.com\/chile\/2026-08-24\/cuando-llega-la-lluvia-a-santiago-el-nuevo-sistema-frontal-y-rio-atmosferico-que-afectara-a-chile.html\" target=\"_self\" rel=\"\" data-link-track-dtm=\"\" data-mrf-link=\"https:\/\/elpais.com\/chile\/2026-08-24\/cuando-llega-la-lluvia-a-santiago-el-nuevo-sistema-frontal-y-rio-atmosferico-que-afectara-a-chile.html\">chileno<\/a>,\u202fdeclar\u00f3 \u201cestado de cat\u00e1strofe\u201d\u202fen el norte del pa\u00eds, en las regiones de Atacama y Coquimbo, por las tormentas de julio.<\/p>\n<p class=\"\"><i>El Ni\u00f1o<\/i>, asegura tambi\u00e9n un informe de la entidad bancaria BBVA sobre lo que viene este a\u00f1o, \u201csupone una perturbaci\u00f3n econ\u00f3mica significativa y persistente, cuyos efectos dependen en gran medida de las condiciones locales y de la estructura econ\u00f3mica\u201d.<\/p>\n<h2 class=\"\">Lo que viene<\/h2>\n<p class=\"\">\u201cA\u00fan hay tiempo para prepararse\u201d, dice Tapia.\u00a0<i>El Ni\u00f1o\u00a0<\/i>es uno de los fen\u00f3menos m\u00e1s estudiados y monitoreados a nivel mundial. Las predicciones est\u00e1n y, ante el clima, aplica un popular refr\u00e1n: \u201ces mejor prevenir que lamentar\u201d. \u201cSon condiciones que venimos observando y anunciando desde hace varios meses, as\u00ed que los gobiernos tienen la oportunidad de alistarse\u201d.<\/p>\n<p class=\"\">A grandes rasgos, lo que viene para la regi\u00f3n entre septiembre y noviembre son temperaturas sobre lo normal para gran parte de Sudam\u00e9rica, pero con mayor intensidad en Venezuela, Colombia, Ecuador, Per\u00fa, Chile y Brasil. \u201cSe pueden alcanzar valores de entre 2 \u00b0C a 3 \u00b0C sobre lo normal\u201d, se\u00f1ala el Centro Internacional para la Investigaci\u00f3n del Fen\u00f3meno de El Ni\u00f1o. Alrededor de las lluvias, se cree que ser\u00e1n mayores en la costa de Ecuador, sur de Brasil, parte de Bolivia y Paraguay y el centro de Chile. A la vez, se har\u00e1n escasas en Colombia, Venezuela, las Guayanas y el sur de Chile.<\/p>\n<p><img loading=\"lazy\" decoding=\"async\" class=\"alignnone size-custom-full-size wp-image-547717\" src=\"https:\/\/diarioelpopular.com\/wp-content\/uploads\/2026\/09\/Screen-Shot-2026-09-01-at-9.48.17-AM-636x768.png\" alt=\"\" width=\"636\" height=\"768\" srcset=\"https:\/\/diarioelpopular.com\/wp-content\/uploads\/2026\/09\/Screen-Shot-2026-09-01-at-9.48.17-AM-636x768.png 636w, https:\/\/diarioelpopular.com\/wp-content\/uploads\/2026\/09\/Screen-Shot-2026-09-01-at-9.48.17-AM-248x300.png 248w, https:\/\/diarioelpopular.com\/wp-content\/uploads\/2026\/09\/Screen-Shot-2026-09-01-at-9.48.17-AM-768x928.png 768w, https:\/\/diarioelpopular.com\/wp-content\/uploads\/2026\/09\/Screen-Shot-2026-09-01-at-9.48.17-AM-60x73.png 60w, https:\/\/diarioelpopular.com\/wp-content\/uploads\/2026\/09\/Screen-Shot-2026-09-01-at-9.48.17-AM.png 848w\" sizes=\"auto, (max-width: 636px) 100vw, 636px\" \/><\/p>\n","protected":false},"excerpt":{"rendered":"<p>&nbsp; El fen\u00f3meno de 2026 tiene una probabilidad mayor al 90% de convertirse en \u201cmuy fuerte\u201d. Centroam\u00e9rica declara alerta, mientras que en la Amazonia sus&hellip;<\/p>\n","protected":false},"author":99,"featured_media":547718,"comment_status":"open","ping_status":"open","sticky":false,"template":"","format":"standard","meta":{"footnotes":""},"categories":[23],"tags":[],"class_list":["post-547715","post","type-post","status-publish","format-standard","has-post-thumbnail","hentry","category-latinoamerica"],"_links":{"self":[{"href":"https:\/\/diarioelpopular.com\/index.php\/wp-json\/wp\/v2\/posts\/547715","targetHints":{"allow":["GET"]}}],"collection":[{"href":"https:\/\/diarioelpopular.com\/index.php\/wp-json\/wp\/v2\/posts"}],"about":[{"href":"https:\/\/diarioelpopular.com\/index.php\/wp-json\/wp\/v2\/types\/post"}],"author":[{"embeddable":true,"href":"https:\/\/diarioelpopular.com\/index.php\/wp-json\/wp\/v2\/users\/99"}],"replies":[{"embeddable":true,"href":"https:\/\/diarioelpopular.com\/index.php\/wp-json\/wp\/v2\/comments?post=547715"}],"version-history":[{"count":1,"href":"https:\/\/diarioelpopular.com\/index.php\/wp-json\/wp\/v2\/posts\/547715\/revisions"}],"predecessor-version":[{"id":547719,"href":"https:\/\/diarioelpopular.com\/index.php\/wp-json\/wp\/v2\/posts\/547715\/revisions\/547719"}],"wp:featuredmedia":[{"embeddable":true,"href":"https:\/\/diarioelpopular.com\/index.php\/wp-json\/wp\/v2\/media\/547718"}],"wp:attachment":[{"href":"https:\/\/diarioelpopular.com\/index.php\/wp-json\/wp\/v2\/media?parent=547715"}],"wp:term":[{"taxonomy":"category","embeddable":true,"href":"https:\/\/diarioelpopular.com\/index.php\/wp-json\/wp\/v2\/categories?post=547715"},{"taxonomy":"post_tag","embeddable":true,"href":"https:\/\/diarioelpopular.com\/index.php\/wp-json\/wp\/v2\/tags?post=547715"}],"curies":[{"name":"wp","href":"https:\/\/api.w.org\/{rel}","templated":true}]}}