{"id":547723,"date":"2026-09-01T10:02:07","date_gmt":"2026-09-01T14:02:07","guid":{"rendered":"https:\/\/diarioelpopular.com\/?p=547723"},"modified":"2026-09-01T10:02:07","modified_gmt":"2026-09-01T14:02:07","slug":"8-de-los-edificios-mas-coloridos-del-mundo","status":"publish","type":"post","link":"https:\/\/diarioelpopular.com\/index.php\/2026\/09\/01\/8-de-los-edificios-mas-coloridos-del-mundo\/","title":{"rendered":"8 de los edificios m\u00e1s coloridos del mundo"},"content":{"rendered":"<p><img loading=\"lazy\" decoding=\"async\" class=\"alignnone size-custom-full-size wp-image-547724\" src=\"https:\/\/diarioelpopular.com\/wp-content\/uploads\/2026\/09\/Screen-Shot-2026-09-01-at-10.01.30-AM-636x356.png\" alt=\"\" width=\"636\" height=\"356\" srcset=\"https:\/\/diarioelpopular.com\/wp-content\/uploads\/2026\/09\/Screen-Shot-2026-09-01-at-10.01.30-AM-636x356.png 636w, https:\/\/diarioelpopular.com\/wp-content\/uploads\/2026\/09\/Screen-Shot-2026-09-01-at-10.01.30-AM-300x168.png 300w, https:\/\/diarioelpopular.com\/wp-content\/uploads\/2026\/09\/Screen-Shot-2026-09-01-at-10.01.30-AM-768x430.png 768w, https:\/\/diarioelpopular.com\/wp-content\/uploads\/2026\/09\/Screen-Shot-2026-09-01-at-10.01.30-AM-130x73.png 130w, https:\/\/diarioelpopular.com\/wp-content\/uploads\/2026\/09\/Screen-Shot-2026-09-01-at-10.01.30-AM.png 1024w\" sizes=\"auto, (max-width: 636px) 100vw, 636px\" \/><\/p>\n<p>&nbsp;<\/p>\n<div class=\"css-1k9op6x e17x9cvu0\" dir=\"ltr\">\n<ul>\n<li class=\"css-s4cjt0 eea635z0\" dir=\"ltr\"><em><strong>Desde hace mucho tiempo, los arquitectos con m\u00e1s imaginaci\u00f3n usan el color para realzar sus obras.<\/strong><\/em><\/li>\n<\/ul>\n<\/div>\n<div class=\"css-1k9op6x e17x9cvu0\" dir=\"ltr\">\n<p dir=\"ltr\">\n<p class=\"css-s4cjt0 eea635z0\" dir=\"ltr\">Llevamos cientos de miles de a\u00f1os utilizando el color para transmitir alegr\u00eda.<\/p>\n<\/div>\n<div class=\"css-1k9op6x e17x9cvu0\" dir=\"ltr\">\n<p class=\"css-s4cjt0 eea635z0\" dir=\"ltr\">Los primeros neandertales decoraban las paredes de las cuevas con pigmentos extra\u00eddos de la tierra.<\/p>\n<\/div>\n<div class=\"css-1k9op6x e17x9cvu0\" dir=\"ltr\">\n<p class=\"css-s4cjt0 eea635z0\" dir=\"ltr\">A estos inicios les siguieron los templos policromados del antiguo Egipto y Grecia, as\u00ed como las estructuras de m\u00e1rmol multicolor de la antigua Roma.<\/p>\n<\/div>\n<div class=\"css-1k9op6x e17x9cvu0\" dir=\"ltr\">\n<p class=\"css-s4cjt0 eea635z0\" dir=\"ltr\">A lo largo de todas estas \u00e9pocas, el color estuvo siempre presente, all\u00e1 donde se mirara.<\/p>\n<\/div>\n<section class=\"css-3l3nc6\" role=\"region\" aria-label=\"Publicidad 2\" aria-hidden=\"true\" data-e2e=\"advertisement\"><\/section>\n<div class=\"css-1k9op6x e17x9cvu0\" dir=\"ltr\">\n<p class=\"css-s4cjt0 eea635z0\" dir=\"ltr\">Desempe\u00f1\u00f3 un papel protagonista en las vidrieras de las iglesias medievales y en los techos y paredes decorados con frescos durante el Renacimiento italiano.<\/p>\n<\/div>\n<div class=\"css-1k9op6x e17x9cvu0\" dir=\"ltr\">\n<p class=\"css-s4cjt0 eea635z0\" dir=\"ltr\">Asimismo, es un elemento esencial en las superficies brillantes y luminosas de finales del siglo XX y del siglo XXI, como la entrada c\u00fabica del Centro Pompidou de M\u00e1laga, obra de Daniel Buren (que aparece en la imagen superior): una aut\u00e9ntica sinfon\u00eda de color y luz.<\/p>\n<\/div>\n<div class=\"css-1k9op6x e17x9cvu0\" dir=\"ltr\">\n<p class=\"css-s4cjt0 eea635z0\" dir=\"ltr\">El color es &#8220;el ingrediente crucial que eleva un edificio a cotas de resonancia y deleite inalcanzables por otros medios&#8221;, seg\u00fan afirman el dise\u00f1ador Adam Nathaniel Furman y la autora Kate Mazade en su obra\u00a0<i class=\"css-6whwaq ezrtjzf0\">Chromatic Architecture \u2013 the Craft of Colour in Design<\/i>.<\/p>\n<\/div>\n<section id=\"search-oj-experiment-trigger\" class=\"css-1o3v5ug\" role=\"region\" data-e2e=\"recommendations-heading\" aria-labelledby=\"recommendations-heading\"><\/section>\n<div class=\"css-1k9op6x e17x9cvu0\" dir=\"ltr\">\n<p class=\"css-s4cjt0 eea635z0\" dir=\"ltr\">A continuaci\u00f3n, presentamos ocho estructuras coloridas recogidas en su nuevo libro.<\/p>\n<\/div>\n<div class=\"css-1k9op6x e17x9cvu0\" dir=\"ltr\">\n<p class=\"css-s4cjt0 eea635z0\" dir=\"ltr\">Estos edificios vibrantes invitan a los arquitectos a emplear el color con mayor audacia y nos animan a abrir los ojos a las posibilidades que este ofrece.<\/p>\n<\/div>\n<div class=\"css-1k9op6x e17x9cvu0\" dir=\"ltr\">\n<h2 id=\"1-Templo-de-Sri-Ranganatha-Swamy-Tamil-Nadu-India\" class=\"css-jtxtr9 emoh99e1\" tabindex=\"-1\">1. Templo de Sri Ranganatha Swamy, Tamil Nadu, India<\/h2>\n<\/div>\n<figure class=\"css-1qn0xuy\">\n<div class=\"css-1jir9cx\">\n<div style=\"width: 1386px\" class=\"wp-caption alignnone\"><img loading=\"lazy\" decoding=\"async\" class=\"css-1seqhu9\" src=\"https:\/\/ichef.bbci.co.uk\/ace\/ws\/640\/cpsprodpb\/0e25\/live\/eb2b7670-9beb-11f1-aed2-8d6da8d75094.jpg.webp\" alt=\"Un templo indio con much\u00edsimas estatuas de colores.\" width=\"1376\" height=\"1031\" \/><p class=\"wp-caption-text\">Fuente de la imagen,Rupesh Maurya\/ Creative Commons. Los templos de Tamil Nadu tienen unas estatuas coloridas.<\/p><\/div>\n<p class=\"css-by8ykd\" role=\"text\">\n<\/div>\n<\/figure>\n<div class=\"css-1k9op6x e17x9cvu0\" dir=\"ltr\">\n<p dir=\"ltr\">\n<p class=\"css-s4cjt0 eea635z0\" dir=\"ltr\">El estado sure\u00f1o de Tamil Nadu, en India, es conocido por su antigua tradici\u00f3n en el uso del color.<\/p>\n<\/div>\n<div class=\"css-1k9op6x e17x9cvu0\" dir=\"ltr\">\n<p class=\"css-s4cjt0 eea635z0\" dir=\"ltr\">La construcci\u00f3n de este templo comenz\u00f3 en el siglo I d.C. y continu\u00f3 a lo largo de varias dinast\u00edas hasta finales del siglo XX.<\/p>\n<\/div>\n<div class=\"css-1k9op6x e17x9cvu0\" dir=\"ltr\">\n<p class=\"css-s4cjt0 eea635z0\" dir=\"ltr\">El resultado es uno de los complejos religiosos m\u00e1s grandes del mundo, con una extensi\u00f3n superior a las 60 hect\u00e1reas.<\/p>\n<\/div>\n<div class=\"css-1k9op6x e17x9cvu0\" dir=\"ltr\">\n<p class=\"css-s4cjt0 eea635z0\" dir=\"ltr\">Est\u00e1 custodiado por 21 puertas de acceso o\u00a0<i class=\"css-6whwaq ezrtjzf0\">gopurams<\/i>, cuyos elementos tridimensionales est\u00e1n decorados con pigmentos vivos.<\/p>\n<\/div>\n<div class=\"css-1k9op6x e17x9cvu0\" dir=\"ltr\">\n<p class=\"css-s4cjt0 eea635z0\" dir=\"ltr\">&#8220;Este lugar rebosa una hiperabundancia de vida espiritual que se manifiesta de forma visceral mediante el hermoso uso de pigmentos; estos logran transportar al visitante y al fiel fuera de lo cotidiano para adentrarlos en el reino de la contemplaci\u00f3n y el asombro&#8221;, comenta Furman a la BBC.<\/p>\n<\/div>\n<div class=\"css-1k9op6x e17x9cvu0\" dir=\"ltr\">\n<h2 id=\"2-Palau-de-la-M\u00fasica-Catalana-Barcelona-Espa\u00f1a\" class=\"css-jtxtr9 emoh99e1\" tabindex=\"-1\">2. Palau de la M\u00fasica Catalana, Barcelona, Espa\u00f1a<\/h2>\n<\/div>\n<figure class=\"css-1qn0xuy\">\n<div class=\"css-1jir9cx\">\n<div style=\"width: 1386px\" class=\"wp-caption alignnone\"><img loading=\"lazy\" decoding=\"async\" class=\"css-1seqhu9\" src=\"https:\/\/ichef.bbci.co.uk\/ace\/ws\/640\/cpsprodpb\/906b\/live\/90f5efe0-9bec-11f1-aed2-8d6da8d75094.jpg.webp\" alt=\"Un corredor donde hay varias columnas adornadas con baldosas de colores\" width=\"1376\" height=\"2004\" \/><p class=\"wp-caption-text\">Fuente de la imagen,Consuelo Borroni\/ Pexels. La est\u00e9tica del Palau encarna a Catalu\u00f1a.<\/p><\/div>\n<p class=\"css-by8ykd\" role=\"text\">\n<\/div>\n<\/figure>\n<div class=\"css-1k9op6x e17x9cvu0\" dir=\"ltr\">\n<p dir=\"ltr\">\n<p class=\"css-s4cjt0 eea635z0\" dir=\"ltr\">La est\u00e9tica de esta sala de conciertos de 1908 lleg\u00f3 a encarnar a Catalu\u00f1a, una regi\u00f3n espa\u00f1ola de marcada identidad cultural, pr\u00f3spera y en plena industrializaci\u00f3n.<\/p>\n<\/div>\n<div class=\"css-1k9op6x e17x9cvu0\" dir=\"ltr\">\n<p class=\"css-s4cjt0 eea635z0\" dir=\"ltr\">Dise\u00f1ada por Llu\u00eds Dom\u00e8nech i Montaner, su arquitectura fusiona influencias del\u00a0<i class=\"css-6whwaq ezrtjzf0\">art nouveau<\/i>, el rom\u00e1nico y el neog\u00f3tico con motivos de inspiraci\u00f3n mud\u00e9jar y tradiciones valencianas.<\/p>\n<\/div>\n<div class=\"css-1k9op6x e17x9cvu0\" dir=\"ltr\">\n<p class=\"css-s4cjt0 eea635z0\" dir=\"ltr\">Para Furman, cada detalle del Palau rebosa simbolismo y encajar\u00eda a la perfecci\u00f3n en un bosque de cuento de hadas.<\/p>\n<\/div>\n<div class=\"css-1k9op6x e17x9cvu0\" dir=\"ltr\">\n<p class=\"css-s4cjt0 eea635z0\" dir=\"ltr\">&#8220;Cada piedra, balaustre, dovela, columna y capitel, as\u00ed como cada aplique y tirador, est\u00e1n impregnados de color y formas decorativas que parecen infundirles vida por arte de magia&#8221;, expone.<\/p>\n<\/div>\n<div class=\"css-1k9op6x e17x9cvu0\" dir=\"ltr\">\n<h2 id=\"3-Guardian-Building-Detroit-Michigan-EEUU\" class=\"css-jtxtr9 emoh99e1\" tabindex=\"-1\">3. Guardian Building, Detroit, Michigan, EE.UU.<\/h2>\n<\/div>\n<figure class=\"css-1qn0xuy\">\n<div class=\"css-1jir9cx\">\n<div style=\"width: 1386px\" class=\"wp-caption alignnone\"><img loading=\"lazy\" decoding=\"async\" class=\"css-1seqhu9\" src=\"https:\/\/ichef.bbci.co.uk\/ace\/ws\/640\/cpsprodpb\/ab69\/live\/5e518ac0-9bee-11f1-a291-b542ee92de7c.jpg.webp\" alt=\"El lobby del edificio Guardian, con diferentes baldosas de colores en el techo.\" width=\"1376\" height=\"2064\" \/><p class=\"wp-caption-text\">Fuente de la imagen,Guardian Building. El Guardian Building es uno de los rascacielos m\u00e1s ic\u00f3nicos del art d\u00e9co\u00a0en EE.UU.<\/p><\/div>\n<p class=\"css-by8ykd\" role=\"text\">\n<\/div>\n<\/figure>\n<div class=\"css-1k9op6x e17x9cvu0\" dir=\"ltr\">\n<p dir=\"ltr\">\n<p class=\"css-s4cjt0 eea635z0\" dir=\"ltr\">Los habitantes de la zona conocen este edificio de oficinas de 1929, obra de Wirt C. Rowland, como la &#8220;Catedral de las Finanzas&#8221;.<\/p>\n<\/div>\n<div class=\"css-1k9op6x e17x9cvu0\" dir=\"ltr\">\n<p class=\"css-s4cjt0 eea635z0\" dir=\"ltr\">Es tambi\u00e9n uno de los rascacielos de estilo\u00a0<i class=\"css-6whwaq ezrtjzf0\">art d\u00e9co<\/i>\u00a0m\u00e1s importantes del mundo.<\/p>\n<\/div>\n<div class=\"css-1k9op6x e17x9cvu0\" dir=\"ltr\">\n<p class=\"css-s4cjt0 eea635z0\" dir=\"ltr\">&#8220;Rowland utiliz\u00f3 el color aqu\u00ed para mostrar la gran variedad de la artesan\u00eda de la regi\u00f3n de los Grandes Lagos de EE.UU. a principios del siglo XX&#8221;, comenta Mazade.<\/p>\n<\/div>\n<div class=\"css-1k9op6x e17x9cvu0\" dir=\"ltr\">\n<p class=\"css-s4cjt0 eea635z0\" dir=\"ltr\">El exterior est\u00e1 revestido con cerca de dos millones de ladrillos y baldosas de terracota de tonalidad anaranjada.<\/p>\n<\/div>\n<div class=\"css-1k9op6x e17x9cvu0\" dir=\"ltr\">\n<p class=\"css-s4cjt0 eea635z0\" dir=\"ltr\">Por su parte, el vest\u00edbulo principal cuenta con un techo abovedado de tres alturas, cubierto en su interior por una especie de &#8220;colcha&#8221; de azulejos en colores primarios.<\/p>\n<\/div>\n<div class=\"css-1k9op6x e17x9cvu0\" dir=\"ltr\">\n<p class=\"css-s4cjt0 eea635z0\" dir=\"ltr\">&#8220;El edificio fue una audaz declaraci\u00f3n del \u00e9xito comercial de Detroit en aquella \u00e9poca y hoy sirve como un recordatorio vibrante de ello&#8221;, a\u00f1ade.<\/p>\n<\/div>\n<div class=\"css-1k9op6x e17x9cvu0\" dir=\"ltr\">\n<h2 id=\"4-Grandes-almacenes-De-Bijenkorf-Eindhoven-Pa\u00edses-Bajos\" class=\"css-jtxtr9 emoh99e1\" tabindex=\"-1\">4. Grandes almacenes De Bijenkorf, Eindhoven, Pa\u00edses Bajos<\/h2>\n<\/div>\n<figure class=\"css-1qn0xuy\">\n<div class=\"css-1jir9cx\">\n<div style=\"width: 1034px\" class=\"wp-caption alignnone\"><img loading=\"lazy\" decoding=\"async\" class=\"css-1seqhu9\" src=\"https:\/\/ichef.bbci.co.uk\/ace\/ws\/640\/cpsprodpb\/9a1f\/live\/9f0f1c60-9bf0-11f1-a291-b542ee92de7c.jpg.webp\" alt=\"La verde fachada del edificio de las tiendas por departamento De Bijenkorf \" width=\"1024\" height=\"681\" \/><p class=\"wp-caption-text\">Fuente de la imagen,Getty Images. Los campos holandeses fueron la inspiraci\u00f3n para la fachada del edificio.<\/p><\/div>\n<p class=\"css-by8ykd\" role=\"text\">\n<\/div>\n<\/figure>\n<div class=\"css-1k9op6x e17x9cvu0\" dir=\"ltr\">\n<p dir=\"ltr\">\n<p class=\"css-s4cjt0 eea635z0\" dir=\"ltr\">Se dice que el arquitecto, dise\u00f1ador y artista italiano Gio Ponti se inspir\u00f3 en la exuberante y variada cuadr\u00edcula de los campos holandeses \u2014vista desde la ventanilla de un avi\u00f3n\u2014 para este dise\u00f1o de 1969.<\/p>\n<\/div>\n<div class=\"css-1k9op6x e17x9cvu0\" dir=\"ltr\">\n<p class=\"css-s4cjt0 eea635z0\" dir=\"ltr\">Lograr que este edificio de gran tama\u00f1o y sin ventanas resultara atractivo habr\u00eda supuesto un desaf\u00edo para muchos arquitectos, pero no para Ponti, quien contribuy\u00f3 al modernismo tanto como Le Corbusier y Mies van der Rohe.<\/p>\n<\/div>\n<div class=\"css-1k9op6x e17x9cvu0\" dir=\"ltr\">\n<p class=\"css-s4cjt0 eea635z0\" dir=\"ltr\">Lo transform\u00f3 en &#8220;un vasto y resplandeciente campo de maravillas esmeralda&#8221;, dice Furman. Y, al hacerlo, &#8220;convirti\u00f3 la t\u00edpica y pesadillesca fachada de hormig\u00f3n liso de la \u00e9poca en una aut\u00e9ntica obra maestra del arte moderno para la ciudad&#8221;.<\/p>\n<\/div>\n<div class=\"css-1k9op6x e17x9cvu0\" dir=\"ltr\">\n<h2 id=\"5-Reversible-Destiny-Lofts-Tokio-Jap\u00f3n\" class=\"css-jtxtr9 emoh99e1\" tabindex=\"-1\">5. Reversible Destiny Lofts, Tokio, Jap\u00f3n<\/h2>\n<\/div>\n<figure class=\"css-1qn0xuy\">\n<div class=\"css-1jir9cx\">\n<div style=\"width: 1386px\" class=\"wp-caption alignnone\"><img loading=\"lazy\" decoding=\"async\" class=\"css-1seqhu9\" src=\"https:\/\/ichef.bbci.co.uk\/ace\/ws\/640\/cpsprodpb\/ed78\/live\/14d086f0-9bf1-11f1-a291-b542ee92de7c.jpg.webp\" alt=\"El corredor de un edificio pintado de una inmensa gama de colores.\" width=\"1376\" height=\"774\" \/><p class=\"wp-caption-text\">Fuente de la imagen,Reversible Destiny Foundation. El concepto del edificio era el de lograr &#8220;desbalancear&#8221; a sus habitantes para que sean menos sedentarios.<\/p><\/div>\n<p class=\"css-by8ykd\" role=\"text\">\n<\/div>\n<\/figure>\n<div class=\"css-13c4x68 e10amb7i0\" dir=\"ltr\" data-e2e=\"podcast-promo\"><\/div>\n<div class=\"css-1k9op6x e17x9cvu0\" dir=\"ltr\">\n<p class=\"css-s4cjt0 eea635z0\" dir=\"ltr\">Este proyecto de viviendas de alquiler de 2005 se concibi\u00f3 en memoria de Helen Keller, escritora y defensora de los derechos de las personas con discapacidad en Estados Unidos.<\/p>\n<\/div>\n<div class=\"css-1k9op6x e17x9cvu0\" dir=\"ltr\">\n<p class=\"css-s4cjt0 eea635z0\" dir=\"ltr\">El libro describe los nueve lofts, obra de Shusaku Arakawa y Madeline Gins, como un\u00a0<i class=\"css-6whwaq ezrtjzf0\">bricollage<\/i>\u00a0futurista compuesto por cilindros, prismas rectangulares, esferas y elementos arquitect\u00f3nicos modernos de colores vivos.<\/p>\n<\/div>\n<div class=\"css-1k9op6x e17x9cvu0\" dir=\"ltr\">\n<p class=\"css-s4cjt0 eea635z0\" dir=\"ltr\">Todos estos componentes se integran para crear un entorno residencial alternativo y envolvente, en el que cada superficie y elemento del mobiliario vibra con una intensa policrom\u00eda.<\/p>\n<\/div>\n<div class=\"css-1k9op6x e17x9cvu0\" dir=\"ltr\">\n<p class=\"css-s4cjt0 eea635z0\" dir=\"ltr\">El artista Arakawa y la poeta Gins buscaban que la elecci\u00f3n de los colores desestabilizara a los residentes.<\/p>\n<\/div>\n<div class=\"css-1k9op6x e17x9cvu0\" dir=\"ltr\">\n<p class=\"css-s4cjt0 eea635z0\" dir=\"ltr\">&#8220;Cre\u00edan que, si el entorno lograba sacar a las personas de su estilo de vida sedentario y dom\u00e9stico para revitalizarlas, estas podr\u00edan vivir m\u00e1s tiempo&#8221;, explica Mazade.<\/p>\n<\/div>\n<div class=\"css-1k9op6x e17x9cvu0\" dir=\"ltr\">\n<p class=\"css-s4cjt0 eea635z0\" dir=\"ltr\">Combinaron suelos ondulantes con habitaciones esf\u00e9ricas y las decoraron con una paleta crom\u00e1tica que supone una radical saturaci\u00f3n sensorial, todo ello en beneficio \u2014en teor\u00eda\u2014 de sus ocupantes, a\u00f1ade.<\/p>\n<\/div>\n<div class=\"css-1k9op6x e17x9cvu0\" dir=\"ltr\">\n<h2 id=\"6-Planta-de-incineraci\u00f3n-de-residuos-de-Maishima-Osaka-Jap\u00f3n\" class=\"css-jtxtr9 emoh99e1\" tabindex=\"-1\">6. Planta de incineraci\u00f3n de residuos de Maishima, Osaka, Jap\u00f3n<\/h2>\n<\/div>\n<figure class=\"css-1qn0xuy\">\n<div class=\"css-1jir9cx\">\n<div style=\"width: 1386px\" class=\"wp-caption alignnone\"><img loading=\"lazy\" decoding=\"async\" class=\"css-1seqhu9\" src=\"https:\/\/ichef.bbci.co.uk\/ace\/ws\/640\/cpsprodpb\/5317\/live\/d4f02e90-9bf1-11f1-b109-879e35c24276.jpg.webp\" alt=\"Un edificio masivo pintado de colores con una gran torre azul al frente.\" width=\"1376\" height=\"1651\" \/><p class=\"wp-caption-text\">Fuente de la imagen,Corporaci\u00f3n HU-NET, Osaka<\/p><\/div>\n<p class=\"css-by8ykd\" role=\"text\">\n<\/div>\n<\/figure>\n<div class=\"css-1k9op6x e17x9cvu0\" dir=\"ltr\">\n<p class=\"css-s4cjt0 eea635z0\" dir=\"ltr\">El artista visual y arquitecto austriaco Friedensreich Hundertwasser falleci\u00f3 en 2000, un a\u00f1o antes de que se terminara de construir su edificio.<\/p>\n<\/div>\n<div class=\"css-1k9op6x e17x9cvu0\" dir=\"ltr\">\n<p class=\"css-s4cjt0 eea635z0\" dir=\"ltr\">Seg\u00fan explica el libro, era conocido por rechazar la uniformidad plana del modernismo y por defender la arquitectura como un organismo en evoluci\u00f3n, en lugar de como una m\u00e1quina destinada a cumplir funciones estrictamente definidas.<\/p>\n<\/div>\n<div class=\"css-1k9op6x e17x9cvu0\" dir=\"ltr\">\n<p class=\"css-s4cjt0 eea635z0\" dir=\"ltr\">Para Hundertwasser, este principio se aplicaba tanto a los edificios industriales como a las viviendas.<\/p>\n<\/div>\n<div class=\"css-1k9op6x e17x9cvu0\" dir=\"ltr\">\n<p class=\"css-s4cjt0 eea635z0\" dir=\"ltr\">La planta de Maishima recuerda a un castillo extravagante al estilo del Dr. Seuss, y a menudo se la confunde con un parque de atracciones cercano.<\/p>\n<\/div>\n<div class=\"css-1k9op6x e17x9cvu0\" dir=\"ltr\">\n<p class=\"css-s4cjt0 eea635z0\" dir=\"ltr\">Unas franjas amarillas de aspecto &#8220;dibujado a mano&#8221; parecen gotear por los elementos m\u00e1s bajos del edificio, mientras que su torre cil\u00edndrica alargada luce franjas similares en color rojo.<\/p>\n<\/div>\n<div class=\"css-1k9op6x e17x9cvu0\" dir=\"ltr\">\n<p class=\"css-s4cjt0 eea635z0\" dir=\"ltr\">Todas las estructuras del complejo, incluido el elemento en voladizo, se alzan sobre pilares bajos y redondeados decorados con bloques de color.<\/p>\n<\/div>\n<div class=\"css-1k9op6x e17x9cvu0\" dir=\"ltr\">\n<p class=\"css-s4cjt0 eea635z0\" dir=\"ltr\">Cada parte de esta estructura es un acto de rebeld\u00eda, afirma Mazade.<\/p>\n<\/div>\n<div class=\"css-1k9op6x e17x9cvu0\" dir=\"ltr\">\n<p class=\"css-s4cjt0 eea635z0\" dir=\"ltr\">&#8220;Una planta de tratamiento de residuos con una chimenea de color turquesa, paredes con motivos de tablero de ajedrez y franjas de color girasol y escarlata: \u00bfqu\u00e9 hay m\u00e1s rebelde que eso?&#8221;.<\/p>\n<\/div>\n<div class=\"css-1k9op6x e17x9cvu0\" dir=\"ltr\">\n<h2 id=\"7-Biblioteca-Central-de-Legan\u00e9s-Legan\u00e9s-Espa\u00f1a\" class=\"css-jtxtr9 emoh99e1\" tabindex=\"-1\">7. Biblioteca Central de Legan\u00e9s, Legan\u00e9s, Espa\u00f1a<\/h2>\n<\/div>\n<figure class=\"css-1qn0xuy\">\n<div class=\"css-1jir9cx\">\n<div style=\"width: 1386px\" class=\"wp-caption alignnone\"><img loading=\"lazy\" decoding=\"async\" class=\"css-1seqhu9\" src=\"https:\/\/ichef.bbci.co.uk\/ace\/ws\/640\/cpsprodpb\/e341\/live\/4d6d5dc0-9bf2-11f1-aed2-8d6da8d75094.jpg.webp\" alt=\"Un edificio adornado con cilindros de colores, que parecen ser libros guardados en una biblioteca.\" width=\"1376\" height=\"1032\" \/><p class=\"wp-caption-text\">Fuente de la imagen,Roland Halbe. El concepto de la biblioteca es el de reflejar lo que tiene por dentro.<\/p><\/div>\n<p class=\"css-by8ykd\" role=\"text\">\n<\/div>\n<\/figure>\n<div class=\"css-1k9op6x e17x9cvu0\" dir=\"ltr\">\n<p dir=\"ltr\">\n<p class=\"css-s4cjt0 eea635z0\" dir=\"ltr\">Construida en 2019, esta biblioteca p\u00fablica y archivo municipal, obra de BN Asociados Arquitectos, constituye una met\u00e1fora visual de su contenido.<\/p>\n<\/div>\n<div class=\"css-1k9op6x e17x9cvu0\" dir=\"ltr\">\n<p class=\"css-s4cjt0 eea635z0\" dir=\"ltr\">La fachada abombada, revestida de piezas cer\u00e1micas de gran formato en tonos pastel, se adhiere a los laterales redondeados del edificio, sugiriendo a los vecinos la cantidad y variedad de libros que albergan sus estanter\u00edas.<\/p>\n<\/div>\n<div class=\"css-1k9op6x e17x9cvu0\" dir=\"ltr\">\n<p class=\"css-s4cjt0 eea635z0\" dir=\"ltr\">Este dise\u00f1o crea, adem\u00e1s, un icono urbano en un nuevo barrio de Madrid que carec\u00eda de referentes culturales.<\/p>\n<\/div>\n<div class=\"css-1k9op6x e17x9cvu0\" dir=\"ltr\">\n<p class=\"css-s4cjt0 eea635z0\" dir=\"ltr\">&#8220;A medida que la luz del sol se desplaza sobre la cer\u00e1mica ondulada, los suaves tonos pastel y la textura mate generan un efecto que recuerda al papel&#8221;, se\u00f1ala Mazade.<\/p>\n<\/div>\n<div class=\"css-1k9op6x e17x9cvu0\" dir=\"ltr\">\n<h2 id=\"8-Croydon-Colonnade-Londres-Reino-Unido\" class=\"css-jtxtr9 emoh99e1\" tabindex=\"-1\">8. Croydon Colonnade, Londres, Reino Unido<\/h2>\n<\/div>\n<figure class=\"css-1qn0xuy\">\n<div class=\"css-1jir9cx\">\n<div style=\"width: 1386px\" class=\"wp-caption alignnone\"><img loading=\"lazy\" decoding=\"async\" class=\"css-1seqhu9\" src=\"https:\/\/ichef.bbci.co.uk\/ace\/ws\/640\/cpsprodpb\/de3e\/live\/ccead910-9bf2-11f1-b109-879e35c24276.jpg.webp\" alt=\"Varias columnas con azulejos a los lados de un paso peatonal.\" width=\"1376\" height=\"917\" \/><p class=\"wp-caption-text\">Fuente de la imagen,Gareth Gardner. La estructura se inaugur\u00f3 en 2003, en una zona de Londres con poco inter\u00e9s arquitect\u00f3nico.<\/p><\/div>\n<p class=\"css-by8ykd\" role=\"text\">\n<\/div>\n<\/figure>\n<div class=\"css-1k9op6x e17x9cvu0\" dir=\"ltr\">\n<p dir=\"ltr\">\n<p class=\"css-s4cjt0 eea635z0\" dir=\"ltr\">Este espacio peatonal de 50 metros, situado en la localidad de Croydon \u2014un lugar con escaso atractivo arquitect\u00f3nico\u2014, est\u00e1 compuesto por 16 columnas gigantes y dos grandes muros.<\/p>\n<\/div>\n<div class=\"css-1k9op6x e17x9cvu0\" dir=\"ltr\">\n<p class=\"css-s4cjt0 eea635z0\" dir=\"ltr\">La estructura, creada en 2003 por Adam Nathaniel Furman, est\u00e1 revestida con miles de azulejos de porcelana tridimensionales hechos a mano.<\/p>\n<\/div>\n<div class=\"css-1k9op6x e17x9cvu0\" dir=\"ltr\">\n<p class=\"css-s4cjt0 eea635z0\" dir=\"ltr\">Cada uno de ellos cuenta con un esmalte transl\u00facido, rico y denso; la base presenta un intenso azul submarino que se difumina hasta convertirse en un blanco cremoso en la parte superior.<\/p>\n<\/div>\n<div class=\"css-1k9op6x e17x9cvu0\" dir=\"ltr\">\n<p class=\"css-s4cjt0 eea635z0\" dir=\"ltr\">El proyecto busca llevar a la estaci\u00f3n de tren de East Croydon elementos crom\u00e1ticos destacados procedentes de diversas \u00e9pocas y lugares.<\/p>\n<\/div>\n<div class=\"css-1k9op6x e17x9cvu0\" dir=\"ltr\">\n<p class=\"css-s4cjt0 eea635z0\" dir=\"ltr\">&#8220;El color envuelve al transe\u00fante en un entorno rico y sensorial. Evoca milenios de tradici\u00f3n en cer\u00e1mica arquitect\u00f3nica azul y blanca utilizada en edificios monumentales de todo el mundo: desde el antiguo Egipto hasta Portugal, Turqu\u00eda, el Ir\u00e1n saf\u00e1vida, Babilonia y muchos otros lugares&#8221;, afirma su dise\u00f1ador, Furman.<\/p>\n<\/div>\n","protected":false},"excerpt":{"rendered":"<p>&nbsp; Desde hace mucho tiempo, los arquitectos con m\u00e1s imaginaci\u00f3n usan el color para realzar sus obras. Llevamos cientos de miles de a\u00f1os utilizando el&hellip;<\/p>\n","protected":false},"author":99,"featured_media":547724,"comment_status":"open","ping_status":"open","sticky":false,"template":"","format":"standard","meta":{"footnotes":""},"categories":[24],"tags":[],"class_list":["post-547723","post","type-post","status-publish","format-standard","has-post-thumbnail","hentry","category-mundo"],"_links":{"self":[{"href":"https:\/\/diarioelpopular.com\/index.php\/wp-json\/wp\/v2\/posts\/547723","targetHints":{"allow":["GET"]}}],"collection":[{"href":"https:\/\/diarioelpopular.com\/index.php\/wp-json\/wp\/v2\/posts"}],"about":[{"href":"https:\/\/diarioelpopular.com\/index.php\/wp-json\/wp\/v2\/types\/post"}],"author":[{"embeddable":true,"href":"https:\/\/diarioelpopular.com\/index.php\/wp-json\/wp\/v2\/users\/99"}],"replies":[{"embeddable":true,"href":"https:\/\/diarioelpopular.com\/index.php\/wp-json\/wp\/v2\/comments?post=547723"}],"version-history":[{"count":1,"href":"https:\/\/diarioelpopular.com\/index.php\/wp-json\/wp\/v2\/posts\/547723\/revisions"}],"predecessor-version":[{"id":547725,"href":"https:\/\/diarioelpopular.com\/index.php\/wp-json\/wp\/v2\/posts\/547723\/revisions\/547725"}],"wp:featuredmedia":[{"embeddable":true,"href":"https:\/\/diarioelpopular.com\/index.php\/wp-json\/wp\/v2\/media\/547724"}],"wp:attachment":[{"href":"https:\/\/diarioelpopular.com\/index.php\/wp-json\/wp\/v2\/media?parent=547723"}],"wp:term":[{"taxonomy":"category","embeddable":true,"href":"https:\/\/diarioelpopular.com\/index.php\/wp-json\/wp\/v2\/categories?post=547723"},{"taxonomy":"post_tag","embeddable":true,"href":"https:\/\/diarioelpopular.com\/index.php\/wp-json\/wp\/v2\/tags?post=547723"}],"curies":[{"name":"wp","href":"https:\/\/api.w.org\/{rel}","templated":true}]}}