{"id":547726,"date":"2026-09-02T08:43:50","date_gmt":"2026-09-02T12:43:50","guid":{"rendered":"https:\/\/diarioelpopular.com\/?p=547726"},"modified":"2026-09-02T08:43:50","modified_gmt":"2026-09-02T12:43:50","slug":"carney-afirma-que-trump-y-su-gabinete-deberian-dejar-de-lanzar-insultos-e-indirectas-y-tomarse-en-serio-un-acuerdo","status":"publish","type":"post","link":"https:\/\/diarioelpopular.com\/index.php\/2026\/09\/02\/carney-afirma-que-trump-y-su-gabinete-deberian-dejar-de-lanzar-insultos-e-indirectas-y-tomarse-en-serio-un-acuerdo\/","title":{"rendered":"Carney afirma que Trump y su gabinete deber\u00edan dejar de lanzar insultos e indirectas y tomarse en serio un acuerdo"},"content":{"rendered":"<p><img loading=\"lazy\" decoding=\"async\" class=\"alignnone size-custom-big-size wp-image-547727\" src=\"https:\/\/diarioelpopular.com\/wp-content\/uploads\/2026\/09\/Screen-Shot-2026-09-02-at-8.43.12-AM-1200x684.png\" alt=\"\" width=\"1200\" height=\"684\" srcset=\"https:\/\/diarioelpopular.com\/wp-content\/uploads\/2026\/09\/Screen-Shot-2026-09-02-at-8.43.12-AM-1200x684.png 1200w, https:\/\/diarioelpopular.com\/wp-content\/uploads\/2026\/09\/Screen-Shot-2026-09-02-at-8.43.12-AM-300x171.png 300w, https:\/\/diarioelpopular.com\/wp-content\/uploads\/2026\/09\/Screen-Shot-2026-09-02-at-8.43.12-AM-768x438.png 768w, https:\/\/diarioelpopular.com\/wp-content\/uploads\/2026\/09\/Screen-Shot-2026-09-02-at-8.43.12-AM-636x362.png 636w, https:\/\/diarioelpopular.com\/wp-content\/uploads\/2026\/09\/Screen-Shot-2026-09-02-at-8.43.12-AM-128x73.png 128w, https:\/\/diarioelpopular.com\/wp-content\/uploads\/2026\/09\/Screen-Shot-2026-09-02-at-8.43.12-AM.png 1024w\" sizes=\"auto, (max-width: 1200px) 100vw, 1200px\" \/><\/p>\n<p>&nbsp;<\/p>\n<ul>\n<li><em><strong>Los insultos y las declaraciones agresivas est\u00e1n por debajo de su cargo, dice el primer ministro.\u00a0<\/strong><\/em><\/li>\n<\/ul>\n<p>&nbsp;<\/p>\n<p>El primer ministro Mark Carney rechaza las declaraciones de ministros del gabinete estadounidense que han insultado a Canad\u00e1 continuamente y ahora a sus fuerzas armadas, afirmando que dichos comentarios est\u00e1n &#8220;por debajo de su cargo&#8221; e inst\u00e1ndolos a abandonar las declaraciones agresivas y a tomarse m\u00e1s en serio las negociaciones comerciales.<\/p>\n<p>Carney hizo estas declaraciones un d\u00eda despu\u00e9s de que el secretario del Tesoro estadounidense, Scott Bessent, comparara la marina canadiense con una atracci\u00f3n ahora cerrada del West Edmonton Mall, y d\u00edas despu\u00e9s de que el secretario de Transporte estadounidense, Sean Duffy, dijera que Canad\u00e1 es &#8220;un pa\u00eds que no tiene fuerzas armadas&#8221;.<\/p>\n<p>&#8220;Est\u00e1 por debajo de su cargo&#8221;, dijo Carney el martes frente a su oficina, donde ofreci\u00f3 una breve rueda de prensa para comentar la victoria del Partido Liberal en tres elecciones parciales el lunes por la noche.<\/p>\n<p>\u00abCuando los estadounidenses dejen de usar memes, de insultarnos, de lanzar indirectas, de intentar hacerse los duros y tomarse en serio esas conversaciones, podremos tenerlas. Pero miren, no es constructivo, pero as\u00ed es su democracia\u00bb, dijo Carney.<\/p>\n<p>Desde que las negociaciones comerciales entre Canad\u00e1 y Estados Unidos fracasaron el 21 de agosto, Trump y su gabinete se han dedicado a insultar a Canad\u00e1 en las redes sociales y a provocar a los canadienses cambiando el nombre del lago Ontario a \u00abLago Am\u00e9rica\u00bb.<\/p>\n<p>Adem\u00e1s de Bessent y Duffy, el secretario de Guerra de Estados Unidos, Pete Hegseth, se burl\u00f3 de los cadetes militares canadienses en l\u00ednea el martes, y la Casa Blanca public\u00f3 un video generado por IA de gansos canadienses con peinados similares a los de Trump marchando con armas. Un hecho de por dem\u00e1s infantil.<\/p>\n<p>El ministro de Defensa, David McGuinty, respondi\u00f3 al ataque en l\u00ednea durante una rueda de prensa en Victoria, afirmando que el tuit de Hegseth est\u00e1 \u00abpor debajo de la dignidad del cargo que ostenta\u00bb.<\/p>\n<p>Rub\u00e9n Gallego, senador dem\u00f3crata por Arizona, declar\u00f3 a la prensa en la Embajada de Estados Unidos en Ottawa que la reciente ret\u00f3rica de los principales asesores de Trump, incluido Hegseth, es &#8220;est\u00fapida&#8221;.<\/p>\n<p>&#8220;Es una falta de respeto profunda hacia los hombres y mujeres canadienses que murieron luchando con nosotros&#8221;, afirm\u00f3 Gallego.<\/p>\n<p>El premier de Ontario, Doug Ford, y el de de Manitoba, Wab Kinew, han criticado duramente a Trump. Ford invit\u00f3 al presidente estadounidense a &#8220;besarle el trasero&#8221; y Kinew lo compar\u00f3 con una banda &#8220;en decadencia&#8221; que toca sus \u00faltimos d\u00edas en un casino.<\/p>\n<p>Carney declar\u00f3 que retir\u00f3 al equipo negociador canadiense a \u00faltima hora del 21 de agosto despu\u00e9s de que la parte estadounidense introdujera &#8220;cambios de \u00faltima hora&#8221; que el gobierno consider\u00f3 &#8220;injustos&#8221; y &#8220;antiecon\u00f3micos&#8221;.<\/p>\n<p>Seg\u00fan declar\u00f3 Carney al d\u00eda siguiente de la interrupci\u00f3n de las negociaciones, esas exigencias habr\u00edan restringido la capacidad de Canad\u00e1 para firmar acuerdos comerciales con otros pa\u00edses y habr\u00edan socavado los subsidios a los medios de comunicaci\u00f3n en franc\u00e9s, as\u00ed como el requisito de etiquetado biling\u00fce de los productos. Lo que la ciudadan\u00eda denomin\u00f3 como el colmo de la intromisi\u00f3n y el abuso.<\/p>\n<p>El primer ministro tambi\u00e9n afirm\u00f3 que el acuerdo automovil\u00edstico que Estados Unidos pretend\u00eda alcanzar habr\u00eda perjudicado al sector con el tiempo, algo que no pod\u00eda aceptar.<\/p>\n<p>Carney reiter\u00f3 el martes que cualquiera de esas exigencias era motivo suficiente para abandonar la mesa de negociaciones, pero sugiri\u00f3 que a\u00fan exist\u00eda la esperanza de llegar a un acuerdo.<\/p>\n<p>\u00abSiempre ha existido una oportunidad positiva con Estados Unidos para un acuerdo comercial mutuamente beneficioso que respete la soberan\u00eda de los canadienses y nuestro derecho a proteger y promover la cultura quebequense y el idioma franc\u00e9s, pero debe incluir esas caracter\u00edsticas\u00bb, declar\u00f3 Carney.<\/p>\n<p>Horas despu\u00e9s de que el acuerdo fracasara, Estados Unidos impuso a Canad\u00e1 aranceles del 50 % sobre exportaciones canadienses por un valor aproximado de 28.000 millones de d\u00f3lares. Carney anunci\u00f3 entonces que Canad\u00e1 igualar\u00eda esos aranceles d\u00f3lar por d\u00f3lar a partir del 8 de septiembre.<\/p>\n<p>El ministro de Finanzas, Fran\u00e7ois-Philippe Champagne, ten\u00eda previsto reunirse con Bessent en la cumbre de ministros de Finanzas del G20 en Asheville, Carolina del Norte.<\/p>\n<p>En declaraciones previas a la reuni\u00f3n, Champagne afirm\u00f3 que Canad\u00e1 debe ser &#8220;serio, pero tambi\u00e9n constructivo&#8221;.<\/p>\n<p>&#8220;Creo que [Bessent] ha comprendido claramente el mensaje de Canad\u00e1&#8221;, declar\u00f3 Champagne. &#8220;Tenemos sectores e industrias clave en Canad\u00e1 que queremos proteger, y saben que somos firmes en nuestras posiciones.<\/p>\n<p>As\u00ed es como vemos la situaci\u00f3n actual y as\u00ed es como abordar\u00e9 mis conversaciones con el secretario esta tarde.&#8221;<\/p>\n<p>Champagne tambi\u00e9n afirm\u00f3 que, en sus reuniones con representantes de otros pa\u00edses en el G20, present\u00f3 a Canad\u00e1 como una fuente de seguridad alimentaria, energ\u00e9tica y de minerales cr\u00edticos en un mundo cambiante.<\/p>\n<p>Tras la reuni\u00f3n del martes, Bessent declar\u00f3 a la prensa que habl\u00f3 con Champagne sobre inteligencia artificial, desequilibrios globales y &#8220;c\u00f3mo recomponer la situaci\u00f3n comercial, y creo que eso tendr\u00e1 que hacerse a nivel de l\u00edderes&#8221;.<\/p>\n<p>Champagne confirm\u00f3 posteriormente la reuni\u00f3n en una publicaci\u00f3n en redes sociales.<\/p>\n<p>La mayor\u00eda de los estadounidenses se opone a los aranceles y al cambio de nombre del lago Ontario: encuesta<br \/>\nUna reciente encuesta de Reuters\/Ipsos revel\u00f3 que el 57% de los estadounidenses encuestados se opone al aumento de aranceles de Trump sobre los productos canadienses, ya que les tocar\u00e1 pagar m\u00e1s, mientras que el 20% apoya el incremento de los aranceles. De los encuestados, el 21% se opone. No pudieron precisar su postura al respecto.<\/p>\n<p>La misma encuesta revel\u00f3 que el 63% se opone a la orden de Trump de cambiar el nombre del lago Ontario a &#8220;Lago Am\u00e9rica&#8221;, frente a solo el 14% de los encuestados que la apoya.<\/p>\n<p>Reuters\/Ipsos encuest\u00f3 a 1.023 adultos estadounidenses e indic\u00f3 que los resultados tienen un margen de error de cuatro puntos.<\/p>\n","protected":false},"excerpt":{"rendered":"<p>&nbsp; Los insultos y las declaraciones agresivas est\u00e1n por debajo de su cargo, dice el primer ministro.\u00a0 &nbsp; El primer ministro Mark Carney rechaza las&hellip;<\/p>\n","protected":false},"author":99,"featured_media":547727,"comment_status":"open","ping_status":"open","sticky":false,"template":"","format":"standard","meta":{"footnotes":""},"categories":[21,11191],"tags":[],"class_list":["post-547726","post","type-post","status-publish","format-standard","has-post-thumbnail","hentry","category-canada","category-top-news"],"_links":{"self":[{"href":"https:\/\/diarioelpopular.com\/index.php\/wp-json\/wp\/v2\/posts\/547726","targetHints":{"allow":["GET"]}}],"collection":[{"href":"https:\/\/diarioelpopular.com\/index.php\/wp-json\/wp\/v2\/posts"}],"about":[{"href":"https:\/\/diarioelpopular.com\/index.php\/wp-json\/wp\/v2\/types\/post"}],"author":[{"embeddable":true,"href":"https:\/\/diarioelpopular.com\/index.php\/wp-json\/wp\/v2\/users\/99"}],"replies":[{"embeddable":true,"href":"https:\/\/diarioelpopular.com\/index.php\/wp-json\/wp\/v2\/comments?post=547726"}],"version-history":[{"count":1,"href":"https:\/\/diarioelpopular.com\/index.php\/wp-json\/wp\/v2\/posts\/547726\/revisions"}],"predecessor-version":[{"id":547728,"href":"https:\/\/diarioelpopular.com\/index.php\/wp-json\/wp\/v2\/posts\/547726\/revisions\/547728"}],"wp:featuredmedia":[{"embeddable":true,"href":"https:\/\/diarioelpopular.com\/index.php\/wp-json\/wp\/v2\/media\/547727"}],"wp:attachment":[{"href":"https:\/\/diarioelpopular.com\/index.php\/wp-json\/wp\/v2\/media?parent=547726"}],"wp:term":[{"taxonomy":"category","embeddable":true,"href":"https:\/\/diarioelpopular.com\/index.php\/wp-json\/wp\/v2\/categories?post=547726"},{"taxonomy":"post_tag","embeddable":true,"href":"https:\/\/diarioelpopular.com\/index.php\/wp-json\/wp\/v2\/tags?post=547726"}],"curies":[{"name":"wp","href":"https:\/\/api.w.org\/{rel}","templated":true}]}}