{"id":547736,"date":"2026-09-02T09:12:48","date_gmt":"2026-09-02T13:12:48","guid":{"rendered":"https:\/\/diarioelpopular.com\/?p=547736"},"modified":"2026-09-02T09:12:48","modified_gmt":"2026-09-02T13:12:48","slug":"la-policia-advierte-sobre-agresiones-sexuales-cerca-del-centro-comercial-bramalea-city-centre-sujeto-de-voyeurismo-es-acusado","status":"publish","type":"post","link":"https:\/\/diarioelpopular.com\/index.php\/2026\/09\/02\/la-policia-advierte-sobre-agresiones-sexuales-cerca-del-centro-comercial-bramalea-city-centre-sujeto-de-voyeurismo-es-acusado\/","title":{"rendered":"La polic\u00eda advierte sobre agresiones sexuales cerca del centro comercial Bramalea City Centre; sujeto de voyeurismo es acusado"},"content":{"rendered":"<div id=\"attachment_547737\" style=\"width: 646px\" class=\"wp-caption alignnone\"><img loading=\"lazy\" decoding=\"async\" aria-describedby=\"caption-attachment-547737\" class=\"wp-image-547737 size-custom-full-size\" src=\"https:\/\/diarioelpopular.com\/wp-content\/uploads\/2026\/09\/Screen-Shot-2026-09-02-at-9.07.05-AM-636x482.png\" alt=\"\" width=\"636\" height=\"482\" srcset=\"https:\/\/diarioelpopular.com\/wp-content\/uploads\/2026\/09\/Screen-Shot-2026-09-02-at-9.07.05-AM-636x482.png 636w, https:\/\/diarioelpopular.com\/wp-content\/uploads\/2026\/09\/Screen-Shot-2026-09-02-at-9.07.05-AM-300x227.png 300w, https:\/\/diarioelpopular.com\/wp-content\/uploads\/2026\/09\/Screen-Shot-2026-09-02-at-9.07.05-AM-768x582.png 768w, https:\/\/diarioelpopular.com\/wp-content\/uploads\/2026\/09\/Screen-Shot-2026-09-02-at-9.07.05-AM-96x73.png 96w, https:\/\/diarioelpopular.com\/wp-content\/uploads\/2026\/09\/Screen-Shot-2026-09-02-at-9.07.05-AM.png 842w\" sizes=\"auto, (max-width: 636px) 100vw, 636px\" \/><p id=\"caption-attachment-547737\" class=\"wp-caption-text\">La polic\u00eda regional de Peel solicita ayuda para identificar a este energ\u00fameno, buscado en relaci\u00f3n con una investigaci\u00f3n por agresi\u00f3n sexual. Foto Polic\u00eda Regional de Peel.<\/p><\/div>\n<p>&nbsp;<\/p>\n<p>&nbsp;<\/p>\n<ul>\n<li><em><strong>La polic\u00eda advierte al p\u00fablico que est\u00e9 atento a su entorno tras dos agresiones sexuales cometidas por el mismo desadaptado<\/strong><\/em><\/li>\n<\/ul>\n<p>&nbsp;<\/p>\n<p>La Polic\u00eda Regional de Peel advierte al p\u00fablico que est\u00e9 atento a su entorno tras dos agresiones sexuales cometidas por el mismo sujeto el lunes cerca del centro comercial Bramalea City Centre.<\/p>\n<p>La polic\u00eda inform\u00f3 que el primer incidente ocurri\u00f3 alrededor del mediod\u00eda en la zona de Dixie Rd. y Clark Blvd., donde una mujer de unos 20 a\u00f1os estaba de compras. Un desconocido se le acerc\u00f3 y la toc\u00f3 por detr\u00e1s antes de que ella lo apartara y contactara a la polic\u00eda.<\/p>\n<p>Indicaron que el segundo incidente ocurri\u00f3 poco antes de las 2 p.m., cuando una menor de 18 a\u00f1os esperaba en una terminal de transporte p\u00fablico cerca de Central Park Dr. y Queen St. E. cuando un desconocido se le acerc\u00f3.<\/p>\n<p>El sujeto le hizo una serie de preguntas personales antes de sentarse junto a ella en un banco. Cuando intent\u00f3 marcharse, la agarr\u00f3 de los senos y las nalgas antes de que ella lograra liberarse y contactara a la polic\u00eda.<\/p>\n<p>La polic\u00eda inform\u00f3 que el buscado es un hombre de raza negra, de entre 30 y 40 a\u00f1os, de aproximadamente 1,73 a 1,78 metros de estatura y complexi\u00f3n media a robusta. Ten\u00eda el pelo corto y negro, ya sea muy corto o en trenzas cortas, y barba negra irregular.<\/p>\n<p>Se solicita a cualquier persona que tenga informaci\u00f3n sobre estos incidentes o que crea haber sido v\u00edctima de uno similar que se comunique con la polic\u00eda al 905-453-2121, Ext. 2133.<\/p>\n<p><em><strong>Fotograf\u00eda publicada de un hombre acusado de voyeurismo<\/strong><\/em><\/p>\n<div id=\"attachment_547738\" style=\"width: 646px\" class=\"wp-caption alignnone\"><img loading=\"lazy\" decoding=\"async\" aria-describedby=\"caption-attachment-547738\" class=\"wp-image-547738 size-custom-full-size\" src=\"https:\/\/diarioelpopular.com\/wp-content\/uploads\/2026\/09\/Screen-Shot-2026-09-02-at-9.08.34-AM-636x487.png\" alt=\"\" width=\"636\" height=\"487\" srcset=\"https:\/\/diarioelpopular.com\/wp-content\/uploads\/2026\/09\/Screen-Shot-2026-09-02-at-9.08.34-AM-636x487.png 636w, https:\/\/diarioelpopular.com\/wp-content\/uploads\/2026\/09\/Screen-Shot-2026-09-02-at-9.08.34-AM-300x230.png 300w, https:\/\/diarioelpopular.com\/wp-content\/uploads\/2026\/09\/Screen-Shot-2026-09-02-at-9.08.34-AM-768x588.png 768w, https:\/\/diarioelpopular.com\/wp-content\/uploads\/2026\/09\/Screen-Shot-2026-09-02-at-9.08.34-AM-95x73.png 95w, https:\/\/diarioelpopular.com\/wp-content\/uploads\/2026\/09\/Screen-Shot-2026-09-02-at-9.08.34-AM.png 836w\" sizes=\"auto, (max-width: 636px) 100vw, 636px\" \/><p id=\"caption-attachment-547738\" class=\"wp-caption-text\">Hans Martins-Gonz\u00e1lez, de 36 a\u00f1os, aparece en una fotograf\u00eda proporcionada por la Polic\u00eda de Toronto.<\/p><\/div>\n<p>&nbsp;<\/p>\n<p>La polic\u00eda de Toronto ha publicado una fotograf\u00eda de un sujeto que fue acusado la semana pasada en una investigaci\u00f3n por voyeurismo en el barrio de Beaches, ya que creen que podr\u00eda haber m\u00e1s v\u00edctimas.<\/p>\n<p>La polic\u00eda inform\u00f3 que el 25 de agosto, alrededor de las 4 p.m., una ni\u00f1a de 11 a\u00f1os entr\u00f3 a un ba\u00f1o en Kew Gardens, en la zona de Queen Street y E.-Lee Ave.<\/p>\n<p>Seg\u00fan la polic\u00eda, el sospechoso ya se encontraba dentro del ba\u00f1o y, mientras la ni\u00f1a entraba a un cub\u00edculo, le tom\u00f3 fotos a trav\u00e9s de las rendijas.<\/p>\n<p>El lunes, la polic\u00eda inform\u00f3 que Hans Martins-Gonzalez, de 36 a\u00f1os y residente de Toronto, fue arrestado y acusado de observar\/grabar en secreto a una persona que esperaba privacidad.<\/p>\n<p>Se solicita a cualquier persona con informaci\u00f3n que se comunique con la polic\u00eda al 416-808-5500, con Crime Stoppers de forma an\u00f3nima al 416-222-8477 o a trav\u00e9s de 222tips.com.<\/p>\n<p><em><strong>Se busca a un hombre por agresi\u00f3n y robo en Corso Italia.<\/strong><\/em><\/p>\n<div id=\"attachment_547739\" style=\"width: 646px\" class=\"wp-caption alignnone\"><img loading=\"lazy\" decoding=\"async\" aria-describedby=\"caption-attachment-547739\" class=\"wp-image-547739 size-custom-full-size\" src=\"https:\/\/diarioelpopular.com\/wp-content\/uploads\/2026\/09\/Screen-Shot-2026-09-02-at-9.10.08-AM-636x482.png\" alt=\"\" width=\"636\" height=\"482\" srcset=\"https:\/\/diarioelpopular.com\/wp-content\/uploads\/2026\/09\/Screen-Shot-2026-09-02-at-9.10.08-AM-636x482.png 636w, https:\/\/diarioelpopular.com\/wp-content\/uploads\/2026\/09\/Screen-Shot-2026-09-02-at-9.10.08-AM-300x227.png 300w, https:\/\/diarioelpopular.com\/wp-content\/uploads\/2026\/09\/Screen-Shot-2026-09-02-at-9.10.08-AM-768x582.png 768w, https:\/\/diarioelpopular.com\/wp-content\/uploads\/2026\/09\/Screen-Shot-2026-09-02-at-9.10.08-AM-96x73.png 96w, https:\/\/diarioelpopular.com\/wp-content\/uploads\/2026\/09\/Screen-Shot-2026-09-02-at-9.10.08-AM.png 842w\" sizes=\"auto, (max-width: 636px) 100vw, 636px\" \/><p id=\"caption-attachment-547739\" class=\"wp-caption-text\">Este ladr\u00f3n es Iv\u00e1n Espinoza Rivera, 35, en una fotograf\u00eda proporcionada por la Polic\u00eda de Toronto.<\/p><\/div>\n<p>&nbsp;<\/p>\n<p>La polic\u00eda de Toronto busca a un hombre que presuntamente agredi\u00f3 a una persona y caus\u00f3 da\u00f1os en su domicilio a principios del mes pasado.<\/p>\n<p>La polic\u00eda inform\u00f3 que el 1 de agosto acudi\u00f3 a la zona de St. Clair Ave. W. y Lansdowne Ave. luego de que el sospechoso robara las llaves del veh\u00edculo de la v\u00edctima, la agrediera, la amenazara y le robara las llaves de su casa.<\/p>\n<p>La polic\u00eda indic\u00f3 que el delincuente se dirigi\u00f3 a la casa de la v\u00edctima y caus\u00f3 da\u00f1os a la propiedad.<\/p>\n<p>La polic\u00eda de Toronto inform\u00f3 que la v\u00edctima sufri\u00f3 lesiones que no ponen en peligro su vida.<\/p>\n<p>Iv\u00e1n Espinoza Rivera, de 35 a\u00f1os y residente de Toronto, es buscado por robo de veh\u00edculo, agresi\u00f3n, amenazas, allanamiento de morada, tres cargos por incumplimiento de una orden de libertad condicional por otros delitos y tres cargos por incumplimiento de otra orden de libertad vigilada.<\/p>\n<p>La polic\u00eda lo describe como un hombre de 1,78 m de estatura, aproximadamente 82 kg de peso, complexi\u00f3n delgada, cabello negro y ojos marrones.<\/p>\n<p>Se solicita a cualquier persona que tenga informaci\u00f3n que se comunique con la polic\u00eda al 416-808-1300, con Crime Stoppers de forma an\u00f3nima al 416-222-8477 o a trav\u00e9s de 222tips.com.<\/p>\n<p><em><strong>Arma cargada incautada a adolescente de Toronto<\/strong><\/em><\/p>\n<div id=\"attachment_547740\" style=\"width: 646px\" class=\"wp-caption alignnone\"><img loading=\"lazy\" decoding=\"async\" aria-describedby=\"caption-attachment-547740\" class=\"wp-image-547740 size-custom-full-size\" src=\"https:\/\/diarioelpopular.com\/wp-content\/uploads\/2026\/09\/Screen-Shot-2026-09-02-at-9.11.48-AM-636x487.png\" alt=\"\" width=\"636\" height=\"487\" srcset=\"https:\/\/diarioelpopular.com\/wp-content\/uploads\/2026\/09\/Screen-Shot-2026-09-02-at-9.11.48-AM-636x487.png 636w, https:\/\/diarioelpopular.com\/wp-content\/uploads\/2026\/09\/Screen-Shot-2026-09-02-at-9.11.48-AM-300x229.png 300w, https:\/\/diarioelpopular.com\/wp-content\/uploads\/2026\/09\/Screen-Shot-2026-09-02-at-9.11.48-AM-768x588.png 768w, https:\/\/diarioelpopular.com\/wp-content\/uploads\/2026\/09\/Screen-Shot-2026-09-02-at-9.11.48-AM-95x73.png 95w, https:\/\/diarioelpopular.com\/wp-content\/uploads\/2026\/09\/Screen-Shot-2026-09-02-at-9.11.48-AM.png 834w\" sizes=\"auto, (max-width: 636px) 100vw, 636px\" \/><p id=\"caption-attachment-547740\" class=\"wp-caption-text\">Foto Polic\u00eda de Toronto<\/p><\/div>\n<p>Un joven de 18 a\u00f1os de Toronto, en libertad condicional, fue acusado de delitos relacionados con armas de fuego tras ser arrestado el lunes en Etobicoke.<\/p>\n<p>La polic\u00eda de Toronto inform\u00f3 que el equipo de respuesta de seguridad p\u00fablica se encontraba en la zona de Dixon Rd. y Kipling Ave. alrededor de las 7 p.m. por un incidente no relacionado. Cuando los agentes investigaron al acusado y le encontraron un arma cargada oculta. La polic\u00eda incaut\u00f3 el arma y detuvo al acusado.<\/p>\n<p>Audric Salau fue acusado de posesi\u00f3n de un arma de fuego prohibida o restringida cargada, portaci\u00f3n de arma oculta, posesi\u00f3n no autorizada de un arma de fuego, posesi\u00f3n de un arma de fuego a sabiendas de que su posesi\u00f3n era ilegal, posesi\u00f3n no autorizada de un arma de fuego en un veh\u00edculo, posesi\u00f3n de un dispositivo o munici\u00f3n prohibidos a sabiendas de que su posesi\u00f3n era ilegal e incumplimiento de una orden de libertad condicional.<\/p>\n<p>Cualquier persona que tenga informaci\u00f3n debe comunicarse con la polic\u00eda al 416-808-2900 o con Crime Stoppers de forma an\u00f3nima al 416-222-8477 o a trav\u00e9s de 222tips.com.<\/p>\n","protected":false},"excerpt":{"rendered":"<p>&nbsp; &nbsp; La polic\u00eda advierte al p\u00fablico que est\u00e9 atento a su entorno tras dos agresiones sexuales cometidas por el mismo desadaptado &nbsp; La Polic\u00eda&hellip;<\/p>\n","protected":false},"author":99,"featured_media":547737,"comment_status":"open","ping_status":"open","sticky":false,"template":"","format":"standard","meta":{"footnotes":""},"categories":[11364],"tags":[],"class_list":["post-547736","post","type-post","status-publish","format-standard","has-post-thumbnail","hentry","category-toronto-gta"],"_links":{"self":[{"href":"https:\/\/diarioelpopular.com\/index.php\/wp-json\/wp\/v2\/posts\/547736","targetHints":{"allow":["GET"]}}],"collection":[{"href":"https:\/\/diarioelpopular.com\/index.php\/wp-json\/wp\/v2\/posts"}],"about":[{"href":"https:\/\/diarioelpopular.com\/index.php\/wp-json\/wp\/v2\/types\/post"}],"author":[{"embeddable":true,"href":"https:\/\/diarioelpopular.com\/index.php\/wp-json\/wp\/v2\/users\/99"}],"replies":[{"embeddable":true,"href":"https:\/\/diarioelpopular.com\/index.php\/wp-json\/wp\/v2\/comments?post=547736"}],"version-history":[{"count":1,"href":"https:\/\/diarioelpopular.com\/index.php\/wp-json\/wp\/v2\/posts\/547736\/revisions"}],"predecessor-version":[{"id":547741,"href":"https:\/\/diarioelpopular.com\/index.php\/wp-json\/wp\/v2\/posts\/547736\/revisions\/547741"}],"wp:featuredmedia":[{"embeddable":true,"href":"https:\/\/diarioelpopular.com\/index.php\/wp-json\/wp\/v2\/media\/547737"}],"wp:attachment":[{"href":"https:\/\/diarioelpopular.com\/index.php\/wp-json\/wp\/v2\/media?parent=547736"}],"wp:term":[{"taxonomy":"category","embeddable":true,"href":"https:\/\/diarioelpopular.com\/index.php\/wp-json\/wp\/v2\/categories?post=547736"},{"taxonomy":"post_tag","embeddable":true,"href":"https:\/\/diarioelpopular.com\/index.php\/wp-json\/wp\/v2\/tags?post=547736"}],"curies":[{"name":"wp","href":"https:\/\/api.w.org\/{rel}","templated":true}]}}