{"id":547746,"date":"2026-09-02T09:23:17","date_gmt":"2026-09-02T13:23:17","guid":{"rendered":"https:\/\/diarioelpopular.com\/?p=547746"},"modified":"2026-09-02T09:23:17","modified_gmt":"2026-09-02T13:23:17","slug":"ortega-suspende-las-elecciones-de-este-ano-y-extiende-su-mandato-hasta-2028","status":"publish","type":"post","link":"https:\/\/diarioelpopular.com\/index.php\/2026\/09\/02\/ortega-suspende-las-elecciones-de-este-ano-y-extiende-su-mandato-hasta-2028\/","title":{"rendered":"Ortega suspende las elecciones de este a\u00f1o y extiende su mandato hasta 2028"},"content":{"rendered":"<div id=\"attachment_547747\" style=\"width: 1210px\" class=\"wp-caption alignnone\"><img loading=\"lazy\" decoding=\"async\" aria-describedby=\"caption-attachment-547747\" class=\"wp-image-547747 size-custom-big-size\" src=\"https:\/\/diarioelpopular.com\/wp-content\/uploads\/2026\/09\/Screen-Shot-2026-09-02-at-9.22.06-AM-1200x808.png\" alt=\"\" width=\"1200\" height=\"808\" srcset=\"https:\/\/diarioelpopular.com\/wp-content\/uploads\/2026\/09\/Screen-Shot-2026-09-02-at-9.22.06-AM-1200x808.png 1200w, https:\/\/diarioelpopular.com\/wp-content\/uploads\/2026\/09\/Screen-Shot-2026-09-02-at-9.22.06-AM-300x202.png 300w, https:\/\/diarioelpopular.com\/wp-content\/uploads\/2026\/09\/Screen-Shot-2026-09-02-at-9.22.06-AM-768x517.png 768w, https:\/\/diarioelpopular.com\/wp-content\/uploads\/2026\/09\/Screen-Shot-2026-09-02-at-9.22.06-AM-1536x1034.png 1536w, https:\/\/diarioelpopular.com\/wp-content\/uploads\/2026\/09\/Screen-Shot-2026-09-02-at-9.22.06-AM-636x428.png 636w, https:\/\/diarioelpopular.com\/wp-content\/uploads\/2026\/09\/Screen-Shot-2026-09-02-at-9.22.06-AM-80x55.png 80w, https:\/\/diarioelpopular.com\/wp-content\/uploads\/2026\/09\/Screen-Shot-2026-09-02-at-9.22.06-AM-108x73.png 108w, https:\/\/diarioelpopular.com\/wp-content\/uploads\/2026\/09\/Screen-Shot-2026-09-02-at-9.22.06-AM.png 1024w\" sizes=\"auto, (max-width: 1200px) 100vw, 1200px\" \/><p id=\"caption-attachment-547747\" class=\"wp-caption-text\">Daniel Ortega en una fotograf\u00eda de archivo. Ronald Pe\u00f1a R. ((EPA) EFE)<\/p><\/div>\n<p>&nbsp;<\/p>\n<ul>\n<li><em><strong>Tras el rechazo internacional a eliminar definitivamente los comicios, el Parlamento aprueba una reforma constitucional que excluye a la oposici\u00f3n e intenta sortear la presi\u00f3n de Estados Unidos<\/strong><\/em><\/li>\n<\/ul>\n<p>&nbsp;<\/p>\n<p class=\"\">Despu\u00e9s de su desafiante \u201c<a title=\"https:\/\/elpais.com\/america\/2026-07-20\/daniel-ortega-liquida-la-via-electoral-en-nicaragua-aqui-no-volvera-a-haber-elecciones.html\" href=\"https:\/\/elpais.com\/america\/2026-07-20\/daniel-ortega-liquida-la-via-electoral-en-nicaragua-aqui-no-volvera-a-haber-elecciones.html\" target=\"_self\" rel=\"\" data-link-track-dtm=\"\" data-mrf-link=\"https:\/\/elpais.com\/america\/2026-07-20\/daniel-ortega-liquida-la-via-electoral-en-nicaragua-aqui-no-volvera-a-haber-elecciones.html\">aqu\u00ed no habr\u00e1 m\u00e1s elecciones<\/a>\u201d, que provoc\u00f3 una condena generalizada, el Parlamento de Nicaragua, leal a Daniel Ortega y a su esposa, la copresidenta Rosario Murillo, aprob\u00f3 la noche de este 1 de septiembre una reforma constitucional que ampl\u00eda un a\u00f1o m\u00e1s su periodo en el poder, al pasar de seis a siete a\u00f1os. Con ello, eliminan la elecci\u00f3n prevista para noviembre de 2026 y desplazan los pr\u00f3ximos comicios hasta 2028.<\/p>\n<p class=\"\">Se trata de un movimiento similar al ejecutado en 2025 para perpetuarse en el poder, cuando los diputados aprobaron una enmienda previa para instaurar la \u201ccopresidencia\u201d y extender de cinco a seis a\u00f1os el mandato presidencial. Ahora lo ampl\u00edan de seis a siete tras 45 d\u00edas de incertidumbre, desencadenados por la pretensi\u00f3n expresada por Ortega el pasado 19 de julio\u00a0<a title=\"https:\/\/elpais.com\/internacional\/2026-07-26\/la-eliminacion-del-voto-situa-a-ortega-entre-los-peores-dictadores-del-mundo-nicaragua-se-esta-convirtiendo-en-la-corea-del-norte-de-america.html\" href=\"https:\/\/elpais.com\/internacional\/2026-07-26\/la-eliminacion-del-voto-situa-a-ortega-entre-los-peores-dictadores-del-mundo-nicaragua-se-esta-convirtiendo-en-la-corea-del-norte-de-america.html\" target=\"_self\" rel=\"\" data-link-track-dtm=\"\" data-mrf-link=\"https:\/\/elpais.com\/internacional\/2026-07-26\/la-eliminacion-del-voto-situa-a-ortega-entre-los-peores-dictadores-del-mundo-nicaragua-se-esta-convirtiendo-en-la-corea-del-norte-de-america.html\">de abolir definitivamente los comicios.<\/a><\/p>\n<p class=\"\">\u201cLos per\u00edodos de las autoridades electas por el voto popular en las \u00faltimas Elecciones Generales, Municipales y Regionales vigentes, quedan ampliados a siete a\u00f1os\u201d, se lee en el art\u00edculo aprobado por el oficialismo en una sesi\u00f3n realizada en Le\u00f3n, ciudad del occidente de Nicaragua, al pie de la imponente catedral colonial donde descansan los restos del poeta Rub\u00e9n Dar\u00edo \u2014el poeta idolatrado en este pa\u00eds centroamericano y cuya figura fue invocada en repetidas ocasiones por el presidente de la Asamblea Nacional, Gustavo Porras, para justificar las reformas\u2014. Por tratarse de una reforma constitucional, se requiere su ratificaci\u00f3n en dos legislaturas: la segunda est\u00e1 prevista para el 18 de enero de 2027, seg\u00fan inform\u00f3 Murillo.<\/p>\n<h2 class=\"\">Veto a la oposici\u00f3n<\/h2>\n<p class=\"\">La reforma blinda en la Carta Magna la exclusi\u00f3n \u2014que ya operaba de facto\u2014 de la oposici\u00f3n, al vetar para cargos p\u00fablicos, candidaturas o direcci\u00f3n de partidos a quienes el r\u00e9gimen copresidencial considere \u201c<a title=\"https:\/\/elpais.com\/internacional\/2016\/06\/16\/america\/1466037877_316022.html\" href=\"https:\/\/elpais.com\/internacional\/2016\/06\/16\/america\/1466037877_316022.html\" target=\"_self\" rel=\"\" data-link-track-dtm=\"\" data-mrf-link=\"https:\/\/elpais.com\/internacional\/2016\/06\/16\/america\/1466037877_316022.html\">vinculados a intentos de golpe de Estado<\/a>, financiamiento extranjero, sanciones internacionales o actos contra la soberan\u00eda\u201d, adem\u00e1s de los calificados como \u201ctraidores a la patria\u201d.<\/p>\n<p class=\"\">El abogado opositor en el exilio Juan Diego Barberena considera que la reforma no llega a establecer \u201cde forma taxativa, es decir, expresamente\u201d el fin de las elecciones, aunque en la pr\u00e1ctica produce un efecto id\u00e9ntico. \u201cSe impide la posibilidad de que el pueblo de Nicaragua pueda elegir libremente, porque \u00fanicamente podr\u00e1 elegir sobre las opciones de la dictadura, las opciones que el grupo en el poder considere que son las que pueden participar en una elecci\u00f3n\u201d, sostiene.<\/p>\n<p class=\"\">La enmienda tambi\u00e9n extiende a siete a\u00f1os los periodos de los cargos de elecci\u00f3n popular y las jefaturas del Ej\u00e9rcito y la Polic\u00eda, al tiempo que otorga al Consejo Supremo Electoral mayores facultades para cancelar partidos y sancionar candidatos o dirigentes por supuestas violaciones a la soberan\u00eda. Asimismo, traslada la toma de posesi\u00f3n del 10 de enero \u2014fecha vinculada al asesinato del periodista Pedro Joaqu\u00edn Chamorro, s\u00edmbolo de las libertades hoy cercenadas en Nicaragua\u2014 al 18 de enero, en homenaje a Rub\u00e9n Dar\u00edo.<\/p>\n<h2 class=\"\">M\u00e1s tiempo en el poder<\/h2>\n<p class=\"\">La reforma supone, sin embargo, un repliegue frente a la amenaza lanzada por Ortega el 19 de julio de liquidar definitivamente el sistema electoral. Tras las cr\u00edticas de Estados Unidos, la Organizaci\u00f3n de Estados Americanos (OEA) y otros actores internacionales, el r\u00e9gimen opt\u00f3 por bajar la marcha: no elimina formalmente los comicios, pero prolonga su estancia en el poder y estrecha a\u00fan m\u00e1s los m\u00e1rgenes para una competencia real.<\/p>\n<p class=\"\">Barberena advierte adem\u00e1s de que el texto puede sufrir modificaciones en la segunda legislatura. \u201cYo creo que en la segunda legislatura pueden agregar algunas cuestiones relacionadas a la renovaci\u00f3n de este mandato de forma autom\u00e1tica de estos siete a\u00f1os, porque la experiencia indica que agregan otras cuestiones en esa etapa\u201d, se\u00f1ala. Asimismo, atisba un c\u00e1lculo pol\u00edtico en la maniobra: \u201cAmpliar a siete a\u00f1os y, en consecuencia, permanecer en el poder hasta el a\u00f1o 2028 \u2014lo cual es una usurpaci\u00f3n del poder, pol\u00edtica y jur\u00eddicamente hablando\u2014 lo hacen tambi\u00e9n calculando pasar la crisis de la administraci\u00f3n Trump\u201d.<\/p>\n<p class=\"\">En esa misma l\u00ednea, el exdiputado opositor Eliseo N\u00fa\u00f1ez interpreta la ampliaci\u00f3n del mandato como un movimiento estrat\u00e9gico para hacer coincidir la permanencia de Ortega y Murillo con el final del periodo del mandatario republicano. A su juicio, el r\u00e9gimen copresidencial busca ganar margen ante una eventual negociaci\u00f3n con la comunidad internacional sobre condiciones electorales, pero postergando cualquier compromiso hasta 2028. \u201cAs\u00ed, si no cumple, ya no estar\u00e1 Trump para obligarlo\u201d, sostiene, en referencia a la amenaza que representa la administraci\u00f3n del magnate tras la captura de Nicol\u00e1s Maduro.<\/p>\n<p class=\"\">La reforma se ratific\u00f3 mientras la OEA mantiene en suspenso una reuni\u00f3n de consulta de cancilleres para abordar la situaci\u00f3n de Nicaragua, convocada tras las amenazas de Ortega contra los comicios. La iniciativa fue respaldada el 19 de agosto por 29 pa\u00edses del Consejo Permanente. Estados Unidos hab\u00eda presionado para celebrar el encuentro antes del 1 de septiembre, pero las delegaciones a\u00fan no logran consensuar una fecha en medio de las divergencias sobre las medidas a adoptar frente a Managua.<\/p>\n<p class=\"\">Brasil fue el \u00fanico pa\u00eds que vot\u00f3 en contra de la convocatoria y M\u00e9xico se abstuvo. Tras esa votaci\u00f3n, once organizaciones opositoras y de la sociedad civil nicarag\u00fcense enviaron cartas a ambos gobiernos para solicitarles una postura m\u00e1s activa. A Brasil le pidieron respaldar \u201cacciones diplom\u00e1ticas y pac\u00edficas coordinadas\u201d que permitan restablecer las libertades y crear condiciones para elecciones libres, transparentes y observadas; mientras que a la presidenta mexicana,\u00a0<a title=\"https:\/\/elpais.com\/mexico\/2026-07-27\/sheinbaum-evita-condenar-la-posible-supresion-de-elecciones-en-nicaragua-siempre-estamos-de-acuerdo-con-la-democracia.html\" href=\"https:\/\/elpais.com\/mexico\/2026-07-27\/sheinbaum-evita-condenar-la-posible-supresion-de-elecciones-en-nicaragua-siempre-estamos-de-acuerdo-con-la-democracia.html\" target=\"_self\" rel=\"\" data-link-track-dtm=\"\" data-mrf-link=\"https:\/\/elpais.com\/mexico\/2026-07-27\/sheinbaum-evita-condenar-la-posible-supresion-de-elecciones-en-nicaragua-siempre-estamos-de-acuerdo-con-la-democracia.html\">Claudia Sheinbaum<\/a>, le demandaron ejercer el \u201cprestigio y liderazgo\u201d de M\u00e9xico para contribuir a una transici\u00f3n democr\u00e1tica, pac\u00edfica y ordenada.<\/p>\n<p class=\"\">De aprobarse definitivamente en la segunda legislatura, la reforma elevar\u00e1 a rango constitucional un sistema electoral que ya operaba sin competencia efectiva. En 2021, los principales candidatos opositores fueron encarcelados antes de la votaci\u00f3n; ahora, el nuevo texto normar\u00e1 la facultad del r\u00e9gimen para decidir qui\u00e9n compite, qui\u00e9n se organiza pol\u00edticamente y qui\u00e9n queda excluido de antemano.<\/p>\n","protected":false},"excerpt":{"rendered":"<p>&nbsp; Tras el rechazo internacional a eliminar definitivamente los comicios, el Parlamento aprueba una reforma constitucional que excluye a la oposici\u00f3n e intenta sortear la&hellip;<\/p>\n","protected":false},"author":99,"featured_media":547747,"comment_status":"open","ping_status":"open","sticky":false,"template":"","format":"standard","meta":{"footnotes":""},"categories":[23],"tags":[],"class_list":["post-547746","post","type-post","status-publish","format-standard","has-post-thumbnail","hentry","category-latinoamerica"],"_links":{"self":[{"href":"https:\/\/diarioelpopular.com\/index.php\/wp-json\/wp\/v2\/posts\/547746","targetHints":{"allow":["GET"]}}],"collection":[{"href":"https:\/\/diarioelpopular.com\/index.php\/wp-json\/wp\/v2\/posts"}],"about":[{"href":"https:\/\/diarioelpopular.com\/index.php\/wp-json\/wp\/v2\/types\/post"}],"author":[{"embeddable":true,"href":"https:\/\/diarioelpopular.com\/index.php\/wp-json\/wp\/v2\/users\/99"}],"replies":[{"embeddable":true,"href":"https:\/\/diarioelpopular.com\/index.php\/wp-json\/wp\/v2\/comments?post=547746"}],"version-history":[{"count":1,"href":"https:\/\/diarioelpopular.com\/index.php\/wp-json\/wp\/v2\/posts\/547746\/revisions"}],"predecessor-version":[{"id":547748,"href":"https:\/\/diarioelpopular.com\/index.php\/wp-json\/wp\/v2\/posts\/547746\/revisions\/547748"}],"wp:featuredmedia":[{"embeddable":true,"href":"https:\/\/diarioelpopular.com\/index.php\/wp-json\/wp\/v2\/media\/547747"}],"wp:attachment":[{"href":"https:\/\/diarioelpopular.com\/index.php\/wp-json\/wp\/v2\/media?parent=547746"}],"wp:term":[{"taxonomy":"category","embeddable":true,"href":"https:\/\/diarioelpopular.com\/index.php\/wp-json\/wp\/v2\/categories?post=547746"},{"taxonomy":"post_tag","embeddable":true,"href":"https:\/\/diarioelpopular.com\/index.php\/wp-json\/wp\/v2\/tags?post=547746"}],"curies":[{"name":"wp","href":"https:\/\/api.w.org\/{rel}","templated":true}]}}