{"id":547749,"date":"2026-09-02T09:27:23","date_gmt":"2026-09-02T13:27:23","guid":{"rendered":"https:\/\/diarioelpopular.com\/?p=547749"},"modified":"2026-09-02T09:27:23","modified_gmt":"2026-09-02T13:27:23","slug":"estados-unidos-inaugura-su-nueva-alianza-militar-con-colombia-con-el-foco-en-las-narcolanchas-del-pacifico-y-en-la-frontera-con-ecuador","status":"publish","type":"post","link":"https:\/\/diarioelpopular.com\/index.php\/2026\/09\/02\/estados-unidos-inaugura-su-nueva-alianza-militar-con-colombia-con-el-foco-en-las-narcolanchas-del-pacifico-y-en-la-frontera-con-ecuador\/","title":{"rendered":"Estados Unidos inaugura su nueva alianza militar con Colombia con el foco en las narcolanchas del Pac\u00edfico y en la frontera con Ecuador"},"content":{"rendered":"<div id=\"attachment_547750\" style=\"width: 1210px\" class=\"wp-caption alignnone\"><img loading=\"lazy\" decoding=\"async\" aria-describedby=\"caption-attachment-547750\" class=\"wp-image-547750 size-custom-big-size\" src=\"https:\/\/diarioelpopular.com\/wp-content\/uploads\/2026\/09\/Screen-Shot-2026-09-02-at-9.26.03-AM-1200x784.png\" alt=\"\" width=\"1200\" height=\"784\" srcset=\"https:\/\/diarioelpopular.com\/wp-content\/uploads\/2026\/09\/Screen-Shot-2026-09-02-at-9.26.03-AM-1200x784.png 1200w, https:\/\/diarioelpopular.com\/wp-content\/uploads\/2026\/09\/Screen-Shot-2026-09-02-at-9.26.03-AM-300x196.png 300w, https:\/\/diarioelpopular.com\/wp-content\/uploads\/2026\/09\/Screen-Shot-2026-09-02-at-9.26.03-AM-768x501.png 768w, https:\/\/diarioelpopular.com\/wp-content\/uploads\/2026\/09\/Screen-Shot-2026-09-02-at-9.26.03-AM-85x55.png 85w, https:\/\/diarioelpopular.com\/wp-content\/uploads\/2026\/09\/Screen-Shot-2026-09-02-at-9.26.03-AM-1536x1003.png 1536w, https:\/\/diarioelpopular.com\/wp-content\/uploads\/2026\/09\/Screen-Shot-2026-09-02-at-9.26.03-AM-636x415.png 636w, https:\/\/diarioelpopular.com\/wp-content\/uploads\/2026\/09\/Screen-Shot-2026-09-02-at-9.26.03-AM-112x73.png 112w, https:\/\/diarioelpopular.com\/wp-content\/uploads\/2026\/09\/Screen-Shot-2026-09-02-at-9.26.03-AM.png 1024w\" sizes=\"auto, (max-width: 1200px) 100vw, 1200px\" \/><p id=\"caption-attachment-547750\" class=\"wp-caption-text\">El ministro de Defensa, Jorge Eduardo Mora y el general estadounidense Francis L. Donovan, durante una visita a tropas en Tumaco (Nari\u00f1o), el 27 de agosto. Foto U.S. Southern Command<\/p><\/div>\n<p>&nbsp;<\/p>\n<ul>\n<li><em><strong>El jefe del Comando Sur de EE UU visit\u00f3 el pa\u00eds para formalizar las primeras acciones de la renovada cooperaci\u00f3n entre Washington y el Gobierno de De la Espriella<\/strong><\/em><\/li>\n<\/ul>\n<p>&nbsp;<\/p>\n<p class=\"\">El fortalecimiento de la cooperaci\u00f3n militar entre Colombia y Estados Unidos avanza a un ritmo acelerado.<\/p>\n<p class=\"\">Dos semanas despu\u00e9s de\u00a0<a title=\"https:\/\/elpais.com\/america-colombia\/2026-08-12\/estados-unidos-anuncia-que-colombia-le-autoriza-realizar-operativos-militares-en-su-territorio-para-combatir-el-terrorismo.html\" href=\"https:\/\/elpais.com\/america-colombia\/2026-08-12\/estados-unidos-anuncia-que-colombia-le-autoriza-realizar-operativos-militares-en-su-territorio-para-combatir-el-terrorismo.html\" target=\"_self\" rel=\"\" data-link-track-dtm=\"\" data-mrf-link=\"https:\/\/elpais.com\/america-colombia\/2026-08-12\/estados-unidos-anuncia-que-colombia-le-autoriza-realizar-operativos-militares-en-su-territorio-para-combatir-el-terrorismo.html\">la incorporaci\u00f3n del Gobierno de Abelardo de la Espriella al Escudo de las Am\u00e9ricas<\/a>, la coalici\u00f3n antinarc\u00f3ticos fundada por Donald Trump, ya se ha formalizado una agenda conjunta para atajar las redes del narcotr\u00e1fico en el pa\u00eds. Uno de los militares estadounidenses de mayor rango visit\u00f3 la semana pasada Colombia y puso como prioridad las operaciones en la frontera con Ecuador, la vigilancia sobre el Pac\u00edfico \u2014la principal ruta de la droga que se exporta al norte del continente\u2014 y la rehabilitaci\u00f3n de la flota a\u00e9rea.<\/p>\n<p class=\"\">El general Francis L. Donovan, jefe del Comando Sur de EE UU (SOUTHCOM), estuvo el pasado jueves y viernes en Colombia y se reuni\u00f3 con\u00a0<a title=\"https:\/\/elpais.com\/america-colombia\/2026-07-06\/abelardo-de-la-espriella-designa-al-general-retirado-jorge-eduardo-mora-como-ministro-de-defensa-de-colombia.html\" href=\"https:\/\/elpais.com\/america-colombia\/2026-07-06\/abelardo-de-la-espriella-designa-al-general-retirado-jorge-eduardo-mora-como-ministro-de-defensa-de-colombia.html\" target=\"_self\" rel=\"\" data-link-track-dtm=\"\" data-mrf-link=\"https:\/\/elpais.com\/america-colombia\/2026-07-06\/abelardo-de-la-espriella-designa-al-general-retirado-jorge-eduardo-mora-como-ministro-de-defensa-de-colombia.html\">el ministro de Defensa, Jorge Mora<\/a>. \u201cLa visita del Comandante Donovan reafirma el compromiso de seguir trabajando unidos contra los narcoterroristas, los c\u00e1rteles y todas las organizaciones criminales que pretenden sembrar violencia\u201d, rese\u00f1\u00f3 el funcionario colombiano sobre el viaje del estadounidense. La cuenta oficial del SOUTHCOM destac\u00f3 la importancia de \u201cfortalecer la asociaci\u00f3n de seguridad entre Estados Unidos y Colombia\u201d.<\/p>\n<p class=\"\">Uno de los puntos centrales para el Comando fue la visita de Donovan al suroccidente de Colombia. El alto mando estadounidense estuvo en Tumaco, una ciudad incrustada en la costa del Pac\u00edfico y que se ha convertido en\u00a0<a title=\"https:\/\/elpais.com\/america-colombia\/2025-10-26\/las-narcolanchas-con-cocaina-colombiana-usan-mas-la-ruta-del-pacifico-que-la-del-caribe-para-llegar-a-estados-unidos.html\" href=\"https:\/\/elpais.com\/america-colombia\/2025-10-26\/las-narcolanchas-con-cocaina-colombiana-usan-mas-la-ruta-del-pacifico-que-la-del-caribe-para-llegar-a-estados-unidos.html\" target=\"_self\" rel=\"\" data-link-track-dtm=\"\" data-mrf-link=\"https:\/\/elpais.com\/america-colombia\/2025-10-26\/las-narcolanchas-con-cocaina-colombiana-usan-mas-la-ruta-del-pacifico-que-la-del-caribe-para-llegar-a-estados-unidos.html\">una de las v\u00edas m\u00e1s importantes del narcotr\u00e1fico con salida al oc\u00e9ano<\/a>. Su ubicaci\u00f3n estrat\u00e9gica la ha convertido en una zona de gran presencia de grupos armados, incluidos el ELN, el Clan del Golfo y las disidencias de las FARC, todas organizaciones declaradas terroristas por Washington.<\/p>\n<p class=\"\">Desde all\u00ed se abord\u00f3 la posibilidad de trasladar radares para detectar a las embarcaciones que se dedican al narcotr\u00e1fico, seg\u00fan revel\u00f3 este martes\u00a0<i>El Tiempo<\/i>. \u201cLa ubicaci\u00f3n de esos sistemas en Tumaco permitir\u00eda seguir movimientos de semisumergibles y lanchas desde una zona utilizada como punto de salida de cargamentos de droga y entregar informaci\u00f3n a las unidades colombianas\u201d, sostiene una fuente citada por el diario.<\/p>\n<p class=\"\">En el \u00faltimo a\u00f1o, Washington ha lanzado 68 ataques contra supuestas narcolanchas en el Pac\u00edfico y el mar Caribe y ha matado a 227 personas, seg\u00fan un conteo actualizado hecho por el\u00a0<i>New York Times<\/i>. Aunque Trump dice que esta es una de las mejores estrategias para frenar el narcotr\u00e1fico en la regi\u00f3n, organizaciones de derechos humanos han calificado estas acciones de \u201cejecuciones extrajudiciales\u201d. El bombardeo m\u00e1s reciente contra una embarcaci\u00f3n\u00a0<a title=\"https:\/\/elpais.com\/us\/2026-08-26\/ee-uu-ataca-una-supuesta-narcolancha-por-segunda-vez-en-lo-que-va-de-esta-semana.html\" href=\"https:\/\/elpais.com\/us\/2026-08-26\/ee-uu-ataca-una-supuesta-narcolancha-por-segunda-vez-en-lo-que-va-de-esta-semana.html\" target=\"_self\" rel=\"\" data-link-track-dtm=\"\" data-mrf-link=\"https:\/\/elpais.com\/us\/2026-08-26\/ee-uu-ataca-una-supuesta-narcolancha-por-segunda-vez-en-lo-que-va-de-esta-semana.html\">ocurri\u00f3 el pasado 26 de agosto<\/a>\u00a0en el Caribe y murieron cuatro tripulantes.<\/p>\n<p>&nbsp;<\/p>\n<figure class=\"a_m a_m-h \">\n<p><div style=\"width: 424px\" class=\"wp-caption alignnone\"><img loading=\"lazy\" decoding=\"async\" class=\"_re lazyload a_m-h\" src=\"https:\/\/imagenes.elpais.com\/resizer\/v2\/XAH5VLWLIVESFI72IJ7PKCFKZM.jpg?auth=883538c87d1b07acba59b4f7762cce584ca4973890ec89ae3b96e0574bd8554c&amp;width=414\" sizes=\"auto, (min-width:1199px) 760px,(min-width:1001px) calc((100vw - 44px-11*31px)\/12*8+217), (min-width:767px) 767px, 100vw\" srcset=\"https:\/\/imagenes.elpais.com\/resizer\/v2\/XAH5VLWLIVESFI72IJ7PKCFKZM.jpg?auth=883538c87d1b07acba59b4f7762cce584ca4973890ec89ae3b96e0574bd8554c&amp;width=414 414w,https:\/\/imagenes.elpais.com\/resizer\/v2\/XAH5VLWLIVESFI72IJ7PKCFKZM.jpg?auth=883538c87d1b07acba59b4f7762cce584ca4973890ec89ae3b96e0574bd8554c&amp;width=828 640w,https:\/\/imagenes.elpais.com\/resizer\/v2\/XAH5VLWLIVESFI72IJ7PKCFKZM.jpg?auth=883538c87d1b07acba59b4f7762cce584ca4973890ec89ae3b96e0574bd8554c&amp;width=980 1000w,https:\/\/imagenes.elpais.com\/resizer\/v2\/XAH5VLWLIVESFI72IJ7PKCFKZM.jpg?auth=883538c87d1b07acba59b4f7762cce584ca4973890ec89ae3b96e0574bd8554c&amp;width=1960 1960w\" alt=\"Momento del ataque por parte de Estados Unidos a una embarcaci\u00f3n en el oc\u00e9ano Pac\u00edfico.\" width=\"414\" height=\"233\" \/><p class=\"wp-caption-text\">Momento del ataque por parte de Estados Unidos a una embarcaci\u00f3n en el oc\u00e9ano Pac\u00edfico. Gobierno de Estados Unidos<\/p><\/div><figcaption class=\"a_m_p\" aria-hidden=\"true\"><\/figcaption><\/figure>\n<p>&nbsp;<\/p>\n<p class=\"\">La vigilancia mar\u00edtima es solo un segmento de la agenda que quiere implementar la Casa Blanca en esta regi\u00f3n. Donovan tambi\u00e9n visit\u00f3 San Lorenzo, una ciudad de Ecuador cerca de la frontera con Colombia. All\u00ed ocurri\u00f3 una reuni\u00f3n tripartita en la que tambi\u00e9n estuvo el ministro de Defensa ecuatoriano, Gian Carlo Loffredo. Los pa\u00edses acordaron fortalecer la presencia militar en la zona y estrechar la cooperaci\u00f3n en inteligencia para combatir a los c\u00e1rteles.<\/p>\n<p class=\"\">\u201cLa zona fronteriza entre el suroeste de Colombia y el noroeste de Ecuador es un importante corredor para el tr\u00e1fico de coca\u00edna por parte de algunas de las organizaciones m\u00e1s violentas del mundo. Hoy, en el coraz\u00f3n de la regi\u00f3n, el comandante Donovan se reuni\u00f3 con fuerzas \u00e9lite para perfeccionar una estrategia conjunta destinada a combatir las operaciones y los l\u00edderes de los c\u00e1rteles\u201d, public\u00f3 la cuenta del SOUTHCOM en X. Adem\u00e1s de estos anuncios informales, el diario ecuatoriano\u00a0<i>Expreso<\/i>\u00a0revel\u00f3 que durante el encuentro entre los tres pa\u00edses se sopes\u00f3 la idea de crear una base militar binacional entre Colombia y Ecuador.<\/p>\n<p class=\"\">De la Espriella, que lleg\u00f3 al poder hace menos de un mes, ha priorizado la cooperaci\u00f3n militar con otros pa\u00edses en su estrategia de seguridad. Por un lado, ha mantenido varias conversaciones con el presidente ecuatoriano, Daniel Noboa, que comparte su visi\u00f3n de mano dura contra los grupos armados. Por otro, ha\u00a0<a title=\"https:\/\/elpais.com\/america-colombia\/2026-08-15\/de-la-espriella-impone-una-nueva-politica-exterior-orientada-a-estados-unidos-e-israel-en-plena-crisis-por-el-terremoto.html\" href=\"https:\/\/elpais.com\/america-colombia\/2026-08-15\/de-la-espriella-impone-una-nueva-politica-exterior-orientada-a-estados-unidos-e-israel-en-plena-crisis-por-el-terremoto.html\" target=\"_self\" rel=\"\" data-link-track-dtm=\"\" data-mrf-link=\"https:\/\/elpais.com\/america-colombia\/2026-08-15\/de-la-espriella-impone-una-nueva-politica-exterior-orientada-a-estados-unidos-e-israel-en-plena-crisis-por-el-terremoto.html\">restablecido en su totalidad la cooperaci\u00f3n militar con Washington<\/a>, que estuvo muy maltrecha durante los a\u00f1os del Gobierno de Gustavo Petro, enfrentado con frecuencia a Trump. Tal es la amistad del nuevo Ejecutivo con la Casa Blanca que, seg\u00fan el secretario de Defensa de EE UU, Pete Hegseth, le autoriz\u00f3 a realizar operativos militares conjuntos en suelo colombiano. La decisi\u00f3n no ha sido replicada por las autoridades colombianas.<\/p>\n<p class=\"\">Colombia es el mayor productor de coca\u00edna del mundo; y Estados Unidos, el primer consumidor. Si estas operaciones llegan a entrar en vigor, el pacto de cooperaci\u00f3n permite a De la Espriella contar con uno de los ej\u00e9rcitos m\u00e1s poderosos del mundo y tambi\u00e9n con su inteligencia para combatir con una treintena de grupos armados y sus m\u00e1s de 20.000 miembros repartidos por todo el pa\u00eds. A su vez, abre a Trump las puertas de uno de los Estados de Latinoam\u00e9rica m\u00e1s fundamentales para su estrategia de mano dura contra el narcotr\u00e1fico.<\/p>\n<h2 class=\"\">Una restauraci\u00f3n de la flota a\u00e9rea<\/h2>\n<p class=\"\">Donovan concluy\u00f3 su visita en el Fuerte Militar de Tolemaida, la base militar m\u00e1s importante del Ej\u00e9rcito colombiano, en el centro del pa\u00eds. Otro de los temas en su agenda fue la rehabilitaci\u00f3n de la flota a\u00e9rea militar. De acuerdo con las cifras recibidas por el actual Gobierno durante el periodo de transici\u00f3n, hay decenas de aeronaves que no est\u00e1n operativas, as\u00ed como 11 de los 19 helic\u00f3pteros MI-17 que tienen las fuerzas militares.<\/p>\n<p class=\"\">En este sentido, SOUTHCOM anunci\u00f3 este martes su participaci\u00f3n en una operaci\u00f3n conjunta liderada por la Fuerza A\u00e9rea colombiana que result\u00f3 en la interceptaci\u00f3n de 4,5 toneladas de coca\u00edna, dos lanchas r\u00e1pidas, tres embarcaciones de alta velocidad y la detenci\u00f3n de ocho personas. \u201cLa Coalici\u00f3n de las Am\u00e9ricas contra los C\u00e1rteles (AC3) est\u00e1 tomando medidas decisivas para derrotar a los c\u00e1rteles y a los narcoterroristas en el hemisferio occidental\u201d,\u00a0<a title=\"https:\/\/x.com\/Southcom\/status\/2094812117505380786\" href=\"https:\/\/x.com\/Southcom\/status\/2094812117505380786\" target=\"_blank\" rel=\"noopener\" data-link-track-dtm=\"\" data-mrf-link=\"https:\/\/x.com\/Southcom\/status\/2094812117505380786\">destac\u00f3 en X<\/a>.<\/p>\n<p class=\"\">Trump ha encontrado en De la Espriella un presidente amigo con el que expandir su poder militar en la regi\u00f3n, mientras que el colombiano busca afianzar esta cooperaci\u00f3n para cumplir con su promesa de mano dura y de seguridad lo m\u00e1s pronto posible.<\/p>\n","protected":false},"excerpt":{"rendered":"<p>&nbsp; El jefe del Comando Sur de EE UU visit\u00f3 el pa\u00eds para formalizar las primeras acciones de la renovada cooperaci\u00f3n entre Washington y el&hellip;<\/p>\n","protected":false},"author":99,"featured_media":547750,"comment_status":"open","ping_status":"open","sticky":false,"template":"","format":"standard","meta":{"footnotes":""},"categories":[23],"tags":[],"class_list":["post-547749","post","type-post","status-publish","format-standard","has-post-thumbnail","hentry","category-latinoamerica"],"_links":{"self":[{"href":"https:\/\/diarioelpopular.com\/index.php\/wp-json\/wp\/v2\/posts\/547749","targetHints":{"allow":["GET"]}}],"collection":[{"href":"https:\/\/diarioelpopular.com\/index.php\/wp-json\/wp\/v2\/posts"}],"about":[{"href":"https:\/\/diarioelpopular.com\/index.php\/wp-json\/wp\/v2\/types\/post"}],"author":[{"embeddable":true,"href":"https:\/\/diarioelpopular.com\/index.php\/wp-json\/wp\/v2\/users\/99"}],"replies":[{"embeddable":true,"href":"https:\/\/diarioelpopular.com\/index.php\/wp-json\/wp\/v2\/comments?post=547749"}],"version-history":[{"count":1,"href":"https:\/\/diarioelpopular.com\/index.php\/wp-json\/wp\/v2\/posts\/547749\/revisions"}],"predecessor-version":[{"id":547751,"href":"https:\/\/diarioelpopular.com\/index.php\/wp-json\/wp\/v2\/posts\/547749\/revisions\/547751"}],"wp:featuredmedia":[{"embeddable":true,"href":"https:\/\/diarioelpopular.com\/index.php\/wp-json\/wp\/v2\/media\/547750"}],"wp:attachment":[{"href":"https:\/\/diarioelpopular.com\/index.php\/wp-json\/wp\/v2\/media?parent=547749"}],"wp:term":[{"taxonomy":"category","embeddable":true,"href":"https:\/\/diarioelpopular.com\/index.php\/wp-json\/wp\/v2\/categories?post=547749"},{"taxonomy":"post_tag","embeddable":true,"href":"https:\/\/diarioelpopular.com\/index.php\/wp-json\/wp\/v2\/tags?post=547749"}],"curies":[{"name":"wp","href":"https:\/\/api.w.org\/{rel}","templated":true}]}}