{"id":547752,"date":"2026-09-02T09:32:27","date_gmt":"2026-09-02T13:32:27","guid":{"rendered":"https:\/\/diarioelpopular.com\/?p=547752"},"modified":"2026-09-02T09:32:27","modified_gmt":"2026-09-02T13:32:27","slug":"quien-es-jhonsson-pulpo-el-escurridizo-lider-criminal-de-una-de-las-bandas-mas-poderosas-de-peru-que-fue-detenido-en-bolivia-tras-una-larga-busqueda","status":"publish","type":"post","link":"https:\/\/diarioelpopular.com\/index.php\/2026\/09\/02\/quien-es-jhonsson-pulpo-el-escurridizo-lider-criminal-de-una-de-las-bandas-mas-poderosas-de-peru-que-fue-detenido-en-bolivia-tras-una-larga-busqueda\/","title":{"rendered":"Qui\u00e9n es &#8220;Jhonsson Pulpo&#8221;, el escurridizo l\u00edder criminal de una de las bandas m\u00e1s poderosas de Per\u00fa que fue detenido en Bolivia tras una larga b\u00fasqueda"},"content":{"rendered":"<div id=\"attachment_547753\" style=\"width: 646px\" class=\"wp-caption alignnone\"><img loading=\"lazy\" decoding=\"async\" aria-describedby=\"caption-attachment-547753\" class=\"wp-image-547753 size-custom-full-size\" src=\"https:\/\/diarioelpopular.com\/wp-content\/uploads\/2026\/09\/Screen-Shot-2026-09-02-at-9.31.26-AM-636x359.png\" alt=\"\" width=\"636\" height=\"359\" srcset=\"https:\/\/diarioelpopular.com\/wp-content\/uploads\/2026\/09\/Screen-Shot-2026-09-02-at-9.31.26-AM-636x359.png 636w, https:\/\/diarioelpopular.com\/wp-content\/uploads\/2026\/09\/Screen-Shot-2026-09-02-at-9.31.26-AM-300x169.png 300w, https:\/\/diarioelpopular.com\/wp-content\/uploads\/2026\/09\/Screen-Shot-2026-09-02-at-9.31.26-AM-768x433.png 768w, https:\/\/diarioelpopular.com\/wp-content\/uploads\/2026\/09\/Screen-Shot-2026-09-02-at-9.31.26-AM-129x73.png 129w, https:\/\/diarioelpopular.com\/wp-content\/uploads\/2026\/09\/Screen-Shot-2026-09-02-at-9.31.26-AM.png 1024w\" sizes=\"auto, (max-width: 636px) 100vw, 636px\" \/><p id=\"caption-attachment-547753\" class=\"wp-caption-text\">&#8220;Jhonsson Pulpo&#8221; (a la izquierda) y Gabriel Alexander Sa\u00fal Mendocilla G\u00f3mez (a la derecha) tras ser capturados en La Paz.<\/p><\/div>\n<p>&nbsp;<\/p>\n<div class=\"css-1k9op6x e17x9cvu0\" dir=\"ltr\">\n<ul>\n<li class=\"css-s4cjt0 eea635z0\" dir=\"ltr\"><em><b>Lleg\u00f3 a fingir su muerte y modificar su apariencia mediante cirug\u00edas est\u00e9ticas para evitar su captura.<\/b><\/em><\/li>\n<\/ul>\n<\/div>\n<div class=\"css-1k9op6x e17x9cvu0\" dir=\"ltr\">\n<p dir=\"ltr\">\n<p class=\"css-s4cjt0 eea635z0\" dir=\"ltr\">Pero este martes, Jhonsson Smit Cruz Torres, el principal l\u00edder de la poderosa banda peruana &#8220;Los Pulpos&#8221;, fue detenido en un amplio operativo en Bolivia.<\/p>\n<\/div>\n<div class=\"css-1k9op6x e17x9cvu0\" dir=\"ltr\">\n<p class=\"css-s4cjt0 eea635z0\" dir=\"ltr\">Las autoridades bolivianas informaron que fue encontrado en La Paz y que pese a sus intentos por escapar, fue arrestado y posteriormente entregado a la justicia de Per\u00fa.<\/p>\n<\/div>\n<div class=\"css-1k9op6x e17x9cvu0\" dir=\"ltr\">\n<p class=\"css-s4cjt0 eea635z0\" dir=\"ltr\">Sobre el hombre de 29 a\u00f1os conocido como &#8220;Jhonsson Pulpo&#8221; pesaba una orden de captura internacional por delitos de secuestro, extorsi\u00f3n y sicariato, seg\u00fan informaron medios peruanos.<\/p>\n<\/div>\n<div class=\"css-1k9op6x e17x9cvu0\" dir=\"ltr\">\n<p class=\"css-s4cjt0 eea635z0\" dir=\"ltr\">Tambi\u00e9n lo se\u00f1alaban como uno de los criminales m\u00e1s buscados del pa\u00eds.<\/p>\n<\/div>\n<section class=\"css-3l3nc6\" role=\"region\" aria-label=\"Publicidad 2\" aria-hidden=\"true\" data-e2e=\"advertisement\"><\/section>\n<div class=\"css-1k9op6x e17x9cvu0\" dir=\"ltr\">\n<p class=\"css-s4cjt0 eea635z0\" dir=\"ltr\">De hecho, se ofrec\u00eda una recompensa de 500.000 soles (unos US$148.000) a quienes facilitaran informaci\u00f3n para su captura.<\/p>\n<\/div>\n<div class=\"css-1k9op6x e17x9cvu0\" dir=\"ltr\">\n<p class=\"css-s4cjt0 eea635z0\" dir=\"ltr\">El operativo que termin\u00f3 con su ca\u00edda se produjo tras un esfuerzo conjunto de inteligencia entre las polic\u00edas de Bolivia y Per\u00fa y una delegaci\u00f3n del FBI y la Administraci\u00f3n de Control de Drogas (DEA) de Estados Unidos.<\/p>\n<\/div>\n<div class=\"css-1k9op6x e17x9cvu0\" dir=\"ltr\">\n<p class=\"css-s4cjt0 eea635z0\" dir=\"ltr\">&#8220;Esta ca\u00edda nos va a abrir muchas luces y muchas puertas tambi\u00e9n&#8221;, afirm\u00f3 el ministro del Interior de Per\u00fa, C\u00e9sar Astudillo, aludiendo a que esta organizaci\u00f3n criminal cuenta con al menos un centenar de integrantes.<\/p>\n<\/div>\n<div class=\"css-1k9op6x e17x9cvu0\" dir=\"ltr\">\n<p class=\"css-s4cjt0 eea635z0\" dir=\"ltr\">&#8220;Este no es el \u00fanico. Tenemos un mosaico de jefes de bandas criminales y estamos detr\u00e1s de ellos&#8221;, agreg\u00f3<\/p>\n<\/div>\n<div class=\"css-1k9op6x e17x9cvu0\" dir=\"ltr\">\n<p class=\"css-s4cjt0 eea635z0\" dir=\"ltr\">En la operaci\u00f3n que se ven\u00eda planeando desde enero tambi\u00e9n fue capturado otro integrante de &#8220;Los Pulpos&#8221;, Gabriel Alexander Sa\u00fal Mendocilla G\u00f3mez, de 23 a\u00f1os.<\/p>\n<\/div>\n<div class=\"css-1k9op6x e17x9cvu0\" dir=\"ltr\">\n<h2 id=\"Tercera-generaci\u00f3n-\" class=\"css-jtxtr9 emoh99e1\" tabindex=\"-1\">Tercera generaci\u00f3n<\/h2>\n<\/div>\n<div class=\"css-1k9op6x e17x9cvu0\" dir=\"ltr\">\n<p class=\"css-s4cjt0 eea635z0\" dir=\"ltr\">Conocido como &#8220;Jhonsson Pulpo&#8221;, la polic\u00eda peruana lo apunta como parte de la tercera generaci\u00f3n de un clan familiar con origen en Trujillo, costa norte de Per\u00fa.<\/p>\n<\/div>\n<div class=\"css-1k9op6x e17x9cvu0\" dir=\"ltr\">\n<p class=\"css-s4cjt0 eea635z0\" dir=\"ltr\">Te\u00f3filo Cruz \u00c1lvarez, quien falleci\u00f3 en prisi\u00f3n en 2020 mientras cumpl\u00eda condena por delitos como organizaci\u00f3n criminal, era su abuelo.<\/p>\n<\/div>\n<div class=\"css-1k9op6x e17x9cvu0\" dir=\"ltr\">\n<p class=\"css-s4cjt0 eea635z0\" dir=\"ltr\">El padre de &#8220;Jhonsson Pulpo&#8221;, Jhon Cruz Arce, fund\u00f3 junto a sus hermanos &#8220;Los Pulpos&#8221;. En 2008 fue condenado a 25 a\u00f1os de c\u00e1rcel por homicidio, siendo liberado el a\u00f1o pasado mediante un recurso de h\u00e1beas corpus.<\/p>\n<\/div>\n<div class=\"css-1k9op6x e17x9cvu0\" dir=\"ltr\">\n<p class=\"css-s4cjt0 eea635z0\" dir=\"ltr\">De acuerdo a medios locales, fue la captura de su padre lo que llev\u00f3 a &#8220;Jhonsson Pulpo&#8221; a asumir el liderazgo de la banda, con apoyo de sus t\u00edos, cuando ten\u00eda solo 17 a\u00f1os.<\/p>\n<\/div>\n<div class=\"css-1k9op6x e17x9cvu0\" dir=\"ltr\">\n<p class=\"css-s4cjt0 eea635z0\" dir=\"ltr\">En 2014 tom\u00f3 control de la organizaci\u00f3n criminal y fue clave en su expansi\u00f3n, no solo al interior de Per\u00fa, sino tambi\u00e9n a otros pa\u00edses de la regi\u00f3n.<\/p>\n<\/div>\n<div class=\"css-1k9op6x e17x9cvu0\" dir=\"ltr\">\n<p class=\"css-s4cjt0 eea635z0\" dir=\"ltr\">En la rueda de prensa en que se inform\u00f3 sobre su captura, el comandante nacional de la Polic\u00eda de Bolivia, el coronel Adri\u00e1n \u00c1lvarez Arismendi, afirm\u00f3 que era un &#8220;blanco de alto valor regional&#8221;, justamente por la &#8220;peligrosidad y el despliegue de los hechos criminales desarrollados con base de operaciones en Per\u00fa, pero que tambi\u00e9n fueron extendidos a Chile y Argentina y que se pretend\u00eda desarrollar&#8221; en Bolivia.<\/p>\n<\/div>\n<div class=\"css-1k9op6x e17x9cvu0\" dir=\"ltr\">\n<p class=\"css-s4cjt0 eea635z0\" dir=\"ltr\">Si bien los agentes policiales no encontraron armas en el lugar de la captura, informaron sobre la incautaci\u00f3n de US$ 10.000, tel\u00e9fonos celulares y diversos documentos de identificaci\u00f3n.<\/p>\n<p dir=\"ltr\">\n<\/div>\n<figure class=\"css-1qn0xuy\">\n<div class=\"css-1jir9cx\">\n<div style=\"width: 2058px\" class=\"wp-caption alignnone\"><img loading=\"lazy\" decoding=\"async\" class=\"css-1seqhu9\" src=\"https:\/\/ichef.bbci.co.uk\/ace\/ws\/640\/cpsprodpb\/0437\/live\/3c86a060-a6c5-11f1-ae1e-219da1d6451a.jpg.webp\" alt=\"Los agentes encontraron dinero, tel\u00e9fonos celulares y documentos de identificaci\u00f3n. \" width=\"2048\" height=\"1366\" \/><p class=\"wp-caption-text\">Fuente de la imagen,Polic\u00eda boliviana \/ Facebook. Los agentes encontraron dinero, tel\u00e9fonos celulares y documentos de identificaci\u00f3n.<\/p><\/div>\n<p class=\"css-by8ykd\" role=\"text\">\n<\/div>\n<\/figure>\n<div class=\"css-1k9op6x e17x9cvu0\" dir=\"ltr\">\n<h2 id=\"El-prontuario\" class=\"css-jtxtr9 emoh99e1\" tabindex=\"-1\">El prontuario<\/h2>\n<\/div>\n<div class=\"css-1k9op6x e17x9cvu0\" dir=\"ltr\">\n<p class=\"css-s4cjt0 eea635z0\" dir=\"ltr\">La banda surgi\u00f3 en la d\u00e9cada de los 90 en El Porvernir, un distrito popular de Trujillo, comenzando su actividad con delitos considerados menores.<\/p>\n<\/div>\n<div class=\"css-1k9op6x e17x9cvu0\" dir=\"ltr\">\n<p class=\"css-s4cjt0 eea635z0\" dir=\"ltr\">Sin embargo, con los a\u00f1os afianz\u00f3 una estructura criminal y comenz\u00f3 a cometer delitos de extorsi\u00f3n, secuestros y sicariato como forma de ganar poder e influencia.<\/p>\n<\/div>\n<div class=\"css-1k9op6x e17x9cvu0\" dir=\"ltr\">\n<p class=\"css-s4cjt0 eea635z0\" dir=\"ltr\">Adem\u00e1s, se les vincula con actividades como tr\u00e1fico de tierras y miner\u00eda ilegal.<\/p>\n<\/div>\n<div class=\"css-1k9op6x e17x9cvu0\" dir=\"ltr\">\n<p class=\"css-s4cjt0 eea635z0\" dir=\"ltr\">De acuerdo al diario El Pa\u00eds de Espa\u00f1a, la mutilaci\u00f3n de orejas y dedos de sus v\u00edctimas era parte de sus pr\u00e1cticas.<\/p>\n<\/div>\n<div class=\"css-1k9op6x e17x9cvu0\" dir=\"ltr\">\n<p class=\"css-s4cjt0 eea635z0\" dir=\"ltr\">&#8220;Jhonsson Pulpo&#8221; llevaba pr\u00f3fugo por a\u00f1os y se cree que se mov\u00eda por pa\u00edses como Chile, Argentina y Bolivia para evadir a la justicia.<\/p>\n<\/div>\n<div class=\"css-1k9op6x e17x9cvu0\" dir=\"ltr\">\n<p class=\"css-s4cjt0 eea635z0\" dir=\"ltr\">En 2020 incluso falsific\u00f3 un acta de defunci\u00f3n para fingir su muerte y pasar as\u00ed a la clandestinidad.<\/p>\n<\/div>\n<div class=\"css-1k9op6x e17x9cvu0\" dir=\"ltr\">\n<p class=\"css-s4cjt0 eea635z0\" dir=\"ltr\">Por otro lado, las autoridades bolivianas informaron que era evidente que se hab\u00eda sometido a cirug\u00edas, encontrando cambios en las orejas, los p\u00f3mulos y las cejas, tambi\u00e9n para evitar la captura.<\/p>\n<\/div>\n<div class=\"css-1k9op6x e17x9cvu0\" dir=\"ltr\">\n<p class=\"css-s4cjt0 eea635z0\" dir=\"ltr\">Este mismo martes fue entregado a oficiales de Per\u00fa para ser procesado.<\/p>\n<\/div>\n","protected":false},"excerpt":{"rendered":"<p>&nbsp; Lleg\u00f3 a fingir su muerte y modificar su apariencia mediante cirug\u00edas est\u00e9ticas para evitar su captura. Pero este martes, Jhonsson Smit Cruz Torres, el&hellip;<\/p>\n","protected":false},"author":99,"featured_media":547753,"comment_status":"open","ping_status":"open","sticky":false,"template":"","format":"standard","meta":{"footnotes":""},"categories":[23],"tags":[],"class_list":["post-547752","post","type-post","status-publish","format-standard","has-post-thumbnail","hentry","category-latinoamerica"],"_links":{"self":[{"href":"https:\/\/diarioelpopular.com\/index.php\/wp-json\/wp\/v2\/posts\/547752","targetHints":{"allow":["GET"]}}],"collection":[{"href":"https:\/\/diarioelpopular.com\/index.php\/wp-json\/wp\/v2\/posts"}],"about":[{"href":"https:\/\/diarioelpopular.com\/index.php\/wp-json\/wp\/v2\/types\/post"}],"author":[{"embeddable":true,"href":"https:\/\/diarioelpopular.com\/index.php\/wp-json\/wp\/v2\/users\/99"}],"replies":[{"embeddable":true,"href":"https:\/\/diarioelpopular.com\/index.php\/wp-json\/wp\/v2\/comments?post=547752"}],"version-history":[{"count":1,"href":"https:\/\/diarioelpopular.com\/index.php\/wp-json\/wp\/v2\/posts\/547752\/revisions"}],"predecessor-version":[{"id":547754,"href":"https:\/\/diarioelpopular.com\/index.php\/wp-json\/wp\/v2\/posts\/547752\/revisions\/547754"}],"wp:featuredmedia":[{"embeddable":true,"href":"https:\/\/diarioelpopular.com\/index.php\/wp-json\/wp\/v2\/media\/547753"}],"wp:attachment":[{"href":"https:\/\/diarioelpopular.com\/index.php\/wp-json\/wp\/v2\/media?parent=547752"}],"wp:term":[{"taxonomy":"category","embeddable":true,"href":"https:\/\/diarioelpopular.com\/index.php\/wp-json\/wp\/v2\/categories?post=547752"},{"taxonomy":"post_tag","embeddable":true,"href":"https:\/\/diarioelpopular.com\/index.php\/wp-json\/wp\/v2\/tags?post=547752"}],"curies":[{"name":"wp","href":"https:\/\/api.w.org\/{rel}","templated":true}]}}