{"id":547755,"date":"2026-09-02T09:38:55","date_gmt":"2026-09-02T13:38:55","guid":{"rendered":"https:\/\/diarioelpopular.com\/?p=547755"},"modified":"2026-09-02T09:38:55","modified_gmt":"2026-09-02T13:38:55","slug":"como-una-pequena-isla-en-british-columbia-aparecio-desaparecio-y-fue-localizada-de-nuevo","status":"publish","type":"post","link":"https:\/\/diarioelpopular.com\/index.php\/2026\/09\/02\/como-una-pequena-isla-en-british-columbia-aparecio-desaparecio-y-fue-localizada-de-nuevo\/","title":{"rendered":"C\u00f3mo una peque\u00f1a isla en British Columbia apareci\u00f3, desapareci\u00f3 y fue localizada de nuevo"},"content":{"rendered":"<div id=\"attachment_547756\" style=\"width: 646px\" class=\"wp-caption alignnone\"><img loading=\"lazy\" decoding=\"async\" aria-describedby=\"caption-attachment-547756\" class=\"wp-image-547756 size-custom-full-size\" src=\"https:\/\/diarioelpopular.com\/wp-content\/uploads\/2026\/09\/Screen-Shot-2026-09-02-at-9.37.57-AM-636x356.png\" alt=\"\" width=\"636\" height=\"356\" srcset=\"https:\/\/diarioelpopular.com\/wp-content\/uploads\/2026\/09\/Screen-Shot-2026-09-02-at-9.37.57-AM-636x356.png 636w, https:\/\/diarioelpopular.com\/wp-content\/uploads\/2026\/09\/Screen-Shot-2026-09-02-at-9.37.57-AM-300x168.png 300w, https:\/\/diarioelpopular.com\/wp-content\/uploads\/2026\/09\/Screen-Shot-2026-09-02-at-9.37.57-AM-768x430.png 768w, https:\/\/diarioelpopular.com\/wp-content\/uploads\/2026\/09\/Screen-Shot-2026-09-02-at-9.37.57-AM-130x73.png 130w, https:\/\/diarioelpopular.com\/wp-content\/uploads\/2026\/09\/Screen-Shot-2026-09-02-at-9.37.57-AM.png 1024w\" sizes=\"auto, (max-width: 636px) 100vw, 636px\" \/><p id=\"caption-attachment-547756\" class=\"wp-caption-text\">La isla flotante fue avistada por primera vez por navegantes a mediados de agosto.<\/p><\/div>\n<p>&nbsp;<\/p>\n<div class=\"css-1k9op6x e17x9cvu0\" dir=\"ltr\">\n<ul>\n<li class=\"css-s4cjt0 eea635z0\" dir=\"ltr\"><em><b>Una peque\u00f1a isla flotante en un lago\u00a0 fue localizada de nuevo, despu\u00e9s de que las autoridades perdieran su rastro en las im\u00e1genes satelitales tras su descubrimiento inicial.<\/b><\/em><\/li>\n<\/ul>\n<\/div>\n<div class=\"css-1k9op6x e17x9cvu0\" dir=\"ltr\">\n<p dir=\"ltr\">\n<p class=\"css-s4cjt0 eea635z0\" dir=\"ltr\">La isla boscosa fue vista por primera vez a principios de agosto en medio del lago Williston \u2014el de agua dulce m\u00e1s grande de British Columbia\u2014 por unos navegantes que grabaron la escena en un video que posteriormente se hizo viral.<\/p>\n<\/div>\n<div class=\"css-1k9op6x e17x9cvu0\" dir=\"ltr\">\n<p class=\"css-s4cjt0 eea635z0\" dir=\"ltr\">Una imagen satelital de finales de julio confirm\u00f3 la existencia de la isla, cuyo tama\u00f1o equivale aproximadamente al de un campo y medio de f\u00fatbol.<\/p>\n<\/div>\n<div class=\"css-1k9op6x e17x9cvu0\" dir=\"ltr\">\n<p class=\"css-s4cjt0 eea635z0\" dir=\"ltr\">Sin embargo, pocas semanas despu\u00e9s, la isla hab\u00eda desaparecido de ese lugar.<\/p>\n<\/div>\n<div class=\"css-1k9op6x e17x9cvu0\" dir=\"ltr\">\n<p class=\"css-s4cjt0 eea635z0\" dir=\"ltr\">Las autoridades anunciaron que hab\u00edan logrado localizarla de nuevo, aunque no est\u00e1 claro qu\u00e9 ocurri\u00f3.<\/p>\n<\/div>\n<section class=\"css-3l3nc6\" role=\"region\" aria-label=\"Publicidad 2\" aria-hidden=\"true\" data-e2e=\"advertisement\"><\/section>\n<div class=\"css-1k9op6x e17x9cvu0\" dir=\"ltr\">\n<h2 id=\"Qu\u00e9-pas\u00f3-con-la-isla\" class=\"css-jtxtr9 emoh99e1\" tabindex=\"-1\">Qu\u00e9 pas\u00f3 con la isla<\/h2>\n<\/div>\n<div class=\"css-1k9op6x e17x9cvu0\" dir=\"ltr\">\n<p class=\"css-s4cjt0 eea635z0\" dir=\"ltr\">Bob Gammer, portavoz de BC Hydro \u2014la empresa p\u00fablica que gestiona el lago y una presa cercana\u2014 supo de la existencia de la isla tras ver un video que circulaba por las redes sociales canadienses.<\/p>\n<\/div>\n<div class=\"css-1k9op6x e17x9cvu0\" dir=\"ltr\">\n<p class=\"css-s4cjt0 eea635z0\" dir=\"ltr\">El video, grabado por unos navegantes, mostraba una porci\u00f3n de tierra boscosa que parec\u00eda flotar y balancearse sobre el agua.<\/p>\n<\/div>\n<div class=\"css-1k9op6x e17x9cvu0\" dir=\"ltr\">\n<p class=\"css-s4cjt0 eea635z0\" dir=\"ltr\">Gammer cont\u00f3 que, al principio, pens\u00f3 que se trataba de un video generado por inteligencia artificial.<\/p>\n<\/div>\n<section id=\"search-oj-experiment-trigger\" class=\"css-1o3v5ug\" role=\"region\" data-e2e=\"recommendations-heading\" aria-labelledby=\"recommendations-heading\"><\/section>\n<div class=\"css-1k9op6x e17x9cvu0\" dir=\"ltr\">\n<p class=\"css-s4cjt0 eea635z0\" dir=\"ltr\">&#8220;Pens\u00e9: &#8216;Bueno, esto podr\u00eda ser en cualquier lugar'&#8221;, le dijo a la BBC. &#8220;Tal vez no sea real&#8221;.<\/p>\n<\/div>\n<div class=\"css-1k9op6x e17x9cvu0\" dir=\"ltr\">\n<p class=\"css-s4cjt0 eea635z0\" dir=\"ltr\">Sin embargo, una imagen satelital del 21 de julio, recuperada por su equipo, confirm\u00f3 que era real y que efectivamente flotaba en medio del lago, en una zona remota del norte de la provincia.<\/p>\n<\/div>\n<div class=\"css-1k9op6x e17x9cvu0\" dir=\"ltr\">\n<p class=\"css-s4cjt0 eea635z0\" dir=\"ltr\">No obstante, la isla parec\u00eda haber desaparecido en otra imagen satelital tomada apenas unas semanas despu\u00e9s, el 5 de agosto.<\/p>\n<\/div>\n<div class=\"css-1k9op6x e17x9cvu0\" dir=\"ltr\">\n<p class=\"css-s4cjt0 eea635z0\" dir=\"ltr\">Su desaparici\u00f3n fue noticia en varios medios internacionales y despert\u00f3 curiosidad en todo el mundo.<\/p>\n<\/div>\n<div class=\"css-1k9op6x e17x9cvu0\" dir=\"ltr\">\n<p class=\"css-s4cjt0 eea635z0\" dir=\"ltr\">&#8220;Simplemente no sabemos a d\u00f3nde fue&#8221;, dijo Gammer. &#8220;\u00bfSe hundi\u00f3? \u00bfSe desplaz\u00f3 hacia otro rinc\u00f3n del embalse?&#8221;.<\/p>\n<\/div>\n<div class=\"css-1k9op6x e17x9cvu0\" dir=\"ltr\">\n<p class=\"css-s4cjt0 eea635z0\" dir=\"ltr\">Gammer afirm\u00f3 que ahora puede despejar esas dudas.<\/p>\n<\/div>\n<div class=\"css-1k9op6x e17x9cvu0\" dir=\"ltr\">\n<p class=\"css-s4cjt0 eea635z0\" dir=\"ltr\">Seg\u00fan explic\u00f3, la isla parece haber ido a la deriva hasta la orilla y encallado a unos 30 km del lugar donde fue vista por primera vez.<\/p>\n<\/div>\n<div class=\"css-1k9op6x e17x9cvu0\" dir=\"ltr\">\n<p class=\"css-s4cjt0 eea635z0\" dir=\"ltr\">Esto, a\u00f1adi\u00f3, fue confirmado por una nueva imagen satelital y por el testimonio de dos pilotos que sobrevolaron la zona.<\/p>\n<\/div>\n<div class=\"css-1k9op6x e17x9cvu0\" dir=\"ltr\">\n<p class=\"css-s4cjt0 eea635z0\" dir=\"ltr\">BC Hydro estima que la isla tiene una superficie de 9.800 metros cuadrados \u2014una hect\u00e1rea\u2014, aproximadamente el tama\u00f1o de 1,5 campos de f\u00fatbol.<\/p>\n<\/div>\n<div class=\"css-1k9op6x e17x9cvu0\" dir=\"ltr\">\n<p class=\"css-s4cjt0 eea635z0\" dir=\"ltr\">En cuanto a su origen, Gammer se\u00f1al\u00f3 que BC Hydro a\u00fan no tiene plena certeza, pero existe una teor\u00eda s\u00f3lida: es probable que la isla se haya formado a lo largo de muchos a\u00f1os mediante la acumulaci\u00f3n de madera flotante, que sirvi\u00f3 de base para que plantas y \u00e1rboles echaran ra\u00edces.<\/p>\n<\/div>\n<div class=\"css-1k9op6x e17x9cvu0\" dir=\"ltr\">\n<p class=\"css-s4cjt0 eea635z0\" dir=\"ltr\">Cree que la isla se desprendi\u00f3 de la orilla del embalse este verano boreal, cuando el nivel del agua alcanz\u00f3 una altura no vista desde 2012.<\/p>\n<\/div>\n<div class=\"css-1k9op6x e17x9cvu0\" dir=\"ltr\">\n<h2 id=\"Islas-flotantes-como-un-iceberg\" class=\"css-jtxtr9 emoh99e1\" tabindex=\"-1\">Islas flotantes &#8220;como un iceberg&#8221;<\/h2>\n<\/div>\n<figure class=\"css-1qn0xuy\">\n<div class=\"css-1jir9cx\">\n<div style=\"width: 2131px\" class=\"wp-caption alignnone\"><img loading=\"lazy\" decoding=\"async\" class=\"css-1seqhu9\" src=\"https:\/\/ichef.bbci.co.uk\/ace\/ws\/640\/cpsprodpb\/b02e\/live\/dd6a6e10-a645-11f1-a291-b542ee92de7c.jpg.webp\" alt=\"Lago en Canad\u00e1\" width=\"2121\" height=\"1414\" \/><p class=\"wp-caption-text\">Fuente de la imagen,Getty Images. Canad\u00e1 alberga una enorme cantidad de lagos, que cubren buena parte de su extenso territorio.<\/p><\/div>\n<p class=\"css-by8ykd\" role=\"text\">\n<\/div>\n<\/figure>\n<div class=\"css-1k9op6x e17x9cvu0\" dir=\"ltr\">\n<p dir=\"ltr\">\n<p class=\"css-s4cjt0 eea635z0\" dir=\"ltr\">Tambi\u00e9n se han avistado islas flotantes en otros lugares.<\/p>\n<\/div>\n<div class=\"css-1k9op6x e17x9cvu0\" dir=\"ltr\">\n<p class=\"css-s4cjt0 eea635z0\" dir=\"ltr\">Una de ellas, situada en el lago Chippewa, en Wisconsin, se conoce como Forty Acre Bog (Pantano de 40 Acres).<\/p>\n<\/div>\n<div class=\"css-1k9op6x e17x9cvu0\" dir=\"ltr\">\n<p class=\"css-s4cjt0 eea635z0\" dir=\"ltr\">Se cree que surgi\u00f3 cuando masas de turba se desprendieron del fondo del lago y flotaron hasta la superficie.<\/p>\n<\/div>\n<div class=\"css-1k9op6x e17x9cvu0\" dir=\"ltr\">\n<p class=\"css-s4cjt0 eea635z0\" dir=\"ltr\">Algunos a\u00f1os, los navegantes locales empujan esta masa flotante de turba para evitar que derive hacia un puente cercano.<\/p>\n<\/div>\n<div class=\"css-1k9op6x e17x9cvu0\" dir=\"ltr\">\n<p class=\"css-s4cjt0 eea635z0\" dir=\"ltr\">Seg\u00fan la Asociaci\u00f3n de Complejos Tur\u00edsticos de Lake Chippewa Flowage, la isla alberga una fauna diversa \u2014como ranas y salamandras\u2014 y, al igual que el resto del lago y sus orillas, cuenta con protecci\u00f3n legal estatal.<\/p>\n<\/div>\n<div class=\"css-1k9op6x e17x9cvu0\" dir=\"ltr\">\n<p class=\"css-s4cjt0 eea635z0\" dir=\"ltr\">Cheryl Treland, residente de la zona, le cont\u00f3 a\u00a0<i class=\"css-6whwaq ezrtjzf0\">Wisconsin Public Radio<\/i>\u00a0en 2024 que este pantano flotante es &#8220;como un iceberg&#8221;.<\/p>\n<\/div>\n<div class=\"css-1k9op6x e17x9cvu0\" dir=\"ltr\">\n<p class=\"css-s4cjt0 eea635z0\" dir=\"ltr\">&#8220;No es como una hoja flotando en la superficie del agua&#8221;, afirm\u00f3.<\/p>\n<\/div>\n<div class=\"css-1k9op6x e17x9cvu0\" dir=\"ltr\">\n<p class=\"css-s4cjt0 eea635z0\" dir=\"ltr\">Gammer advirti\u00f3 que la isla de British Columbia no es una estructura estable y recomend\u00f3 no intentar pisarla.<\/p>\n<\/div>\n<div class=\"css-1k9op6x e17x9cvu0\" dir=\"ltr\">\n<p class=\"css-s4cjt0 eea635z0\" dir=\"ltr\">&#8220;Est\u00e1 en una zona remota y la mayor\u00eda de la gente nunca se acercar\u00e1 a ella&#8221;, coment\u00f3.<\/p>\n<\/div>\n<div class=\"css-1k9op6x e17x9cvu0\" dir=\"ltr\">\n<p class=\"css-s4cjt0 eea635z0\" dir=\"ltr\">Para quienes tengan los medios y el inter\u00e9s de buscarla, Gammer lanza una seria advertencia: &#8220;No se suban a la isla. Podr\u00eda desintegrarse&#8221;.<\/p>\n<\/div>\n","protected":false},"excerpt":{"rendered":"<p>&nbsp; Una peque\u00f1a isla flotante en un lago\u00a0 fue localizada de nuevo, despu\u00e9s de que las autoridades perdieran su rastro en las im\u00e1genes satelitales tras&hellip;<\/p>\n","protected":false},"author":99,"featured_media":547756,"comment_status":"open","ping_status":"open","sticky":false,"template":"","format":"standard","meta":{"footnotes":""},"categories":[21],"tags":[],"class_list":["post-547755","post","type-post","status-publish","format-standard","has-post-thumbnail","hentry","category-canada"],"_links":{"self":[{"href":"https:\/\/diarioelpopular.com\/index.php\/wp-json\/wp\/v2\/posts\/547755","targetHints":{"allow":["GET"]}}],"collection":[{"href":"https:\/\/diarioelpopular.com\/index.php\/wp-json\/wp\/v2\/posts"}],"about":[{"href":"https:\/\/diarioelpopular.com\/index.php\/wp-json\/wp\/v2\/types\/post"}],"author":[{"embeddable":true,"href":"https:\/\/diarioelpopular.com\/index.php\/wp-json\/wp\/v2\/users\/99"}],"replies":[{"embeddable":true,"href":"https:\/\/diarioelpopular.com\/index.php\/wp-json\/wp\/v2\/comments?post=547755"}],"version-history":[{"count":1,"href":"https:\/\/diarioelpopular.com\/index.php\/wp-json\/wp\/v2\/posts\/547755\/revisions"}],"predecessor-version":[{"id":547757,"href":"https:\/\/diarioelpopular.com\/index.php\/wp-json\/wp\/v2\/posts\/547755\/revisions\/547757"}],"wp:featuredmedia":[{"embeddable":true,"href":"https:\/\/diarioelpopular.com\/index.php\/wp-json\/wp\/v2\/media\/547756"}],"wp:attachment":[{"href":"https:\/\/diarioelpopular.com\/index.php\/wp-json\/wp\/v2\/media?parent=547755"}],"wp:term":[{"taxonomy":"category","embeddable":true,"href":"https:\/\/diarioelpopular.com\/index.php\/wp-json\/wp\/v2\/categories?post=547755"},{"taxonomy":"post_tag","embeddable":true,"href":"https:\/\/diarioelpopular.com\/index.php\/wp-json\/wp\/v2\/tags?post=547755"}],"curies":[{"name":"wp","href":"https:\/\/api.w.org\/{rel}","templated":true}]}}