{"id":547758,"date":"2026-09-03T07:38:47","date_gmt":"2026-09-03T11:38:47","guid":{"rendered":"https:\/\/diarioelpopular.com\/?p=547758"},"modified":"2026-09-03T07:38:47","modified_gmt":"2026-09-03T11:38:47","slug":"enfermedades-prevenibles-mediante-vacunacion-vuelven-a-estar-en-el-horizonte-con-el-regreso-a-clases","status":"publish","type":"post","link":"https:\/\/diarioelpopular.com\/index.php\/2026\/09\/03\/enfermedades-prevenibles-mediante-vacunacion-vuelven-a-estar-en-el-horizonte-con-el-regreso-a-clases\/","title":{"rendered":"Enfermedades prevenibles mediante vacunaci\u00f3n vuelven a estar en el horizonte con el regreso a clases"},"content":{"rendered":"<p><img loading=\"lazy\" decoding=\"async\" class=\"alignnone size-custom-big-size wp-image-547759\" src=\"https:\/\/diarioelpopular.com\/wp-content\/uploads\/2026\/09\/Screen-Shot-2026-09-03-at-7.37.44-AM-1200x799.png\" alt=\"\" width=\"1200\" height=\"799\" srcset=\"https:\/\/diarioelpopular.com\/wp-content\/uploads\/2026\/09\/Screen-Shot-2026-09-03-at-7.37.44-AM-1200x799.png 1200w, https:\/\/diarioelpopular.com\/wp-content\/uploads\/2026\/09\/Screen-Shot-2026-09-03-at-7.37.44-AM-300x200.png 300w, https:\/\/diarioelpopular.com\/wp-content\/uploads\/2026\/09\/Screen-Shot-2026-09-03-at-7.37.44-AM-768x511.png 768w, https:\/\/diarioelpopular.com\/wp-content\/uploads\/2026\/09\/Screen-Shot-2026-09-03-at-7.37.44-AM-636x423.png 636w, https:\/\/diarioelpopular.com\/wp-content\/uploads\/2026\/09\/Screen-Shot-2026-09-03-at-7.37.44-AM-110x73.png 110w, https:\/\/diarioelpopular.com\/wp-content\/uploads\/2026\/09\/Screen-Shot-2026-09-03-at-7.37.44-AM.png 1024w\" sizes=\"auto, (max-width: 1200px) 100vw, 1200px\" \/><\/p>\n<p>&nbsp;<\/p>\n<ul>\n<li><em><strong>Los expertos de la salud recomiendan que las familias consideren un esquema de vacunaci\u00f3n integral para combatir infecciones virales, desde la gripe hasta el sarampi\u00f3n.<\/strong><\/em><\/li>\n<\/ul>\n<p>&nbsp;<\/p>\n<p>Con millones de ni\u00f1os de regreso a clases y la llegada del fr\u00edo, es momento de prepararse para otra temporada de enfermedades estacionales. Los expertos m\u00e9dicos afirman que mantenerse sano requiere m\u00e1s que solo la vacuna contra la gripe.<\/p>\n<p>El \u00faltimo informe federal de vigilancia, que monitorea la influenza, la COVID-19 y el virus sincitial respiratorio (VSR), indica que probablemente se trate de la calma que precede a la tormenta, con niveles bajos y estables de estas tres amenazas respiratorias que se prev\u00e9 que repunten en los pr\u00f3ximos meses.<\/p>\n<p>&#8220;A medida que nos acercamos al clima fr\u00edo y pasamos m\u00e1s tiempo en interiores, es cuando los virus se propagan&#8230; y es entonces cuando vemos un aumento en las visitas a urgencias y, por consiguiente, en las hospitalizaciones infantiles&#8221;, declar\u00f3 la Dra. Ayisha Kurji, pediatra de Saskatoon y profesora asistente de la Universidad de Saskatchewan.<\/p>\n<p>El inmun\u00f3logo Matthew Miller, de la Universidad McMaster, afirma que los canadienses deber\u00edan empezar a evaluar sus opciones para vacunarse contra la gripe estacional. En el caso espec\u00edfico de la gripe, se\u00f1al\u00f3 que el a\u00f1o pasado se registr\u00f3 un pico de contagios inusualmente alto y temprano.<\/p>\n<p>\u00abObservamos un n\u00famero muy elevado de casos a principios de diciembre, aproximadamente un mes antes de la \u00e9poca habitual de la temporada de gripe\u00bb, explic\u00f3 Miller.<\/p>\n<p>\u00abEsto significa que es fundamental vacunarse a tiempo en oto\u00f1o para asegurar que nuestro sistema inmunitario tenga tiempo de responder a la vacuna y desarrollar la inmunidad protectora\u00bb.<\/p>\n<p>Normalmente, el cuerpo tarda entre dos y cuatro semanas en alcanzar la respuesta inmunitaria m\u00e1xima a la vacuna, a\u00f1adi\u00f3.<\/p>\n<p>Miller recalc\u00f3 que la vacuna contra la gripe de oto\u00f1o \u2014recomendada para todos los canadienses mayores de seis meses\u2014 es solo una parte del conjunto de vacunas que las familias deber\u00edan considerar.<\/p>\n<p>El sarampi\u00f3n, por ejemplo, ha seguido circulando y este oto\u00f1o podr\u00eda propagarse a\u00fan m\u00e1s.<\/p>\n<p>\u201cTras los meses de verano, en los que las familias suelen viajar, aumenta el riesgo para todos cuando se reanuda el curso escolar\u201d, afirm\u00f3 Miller, \u201cy todos estos ni\u00f1os peque\u00f1os, que han estado en distintos lugares, vuelven a estar en espacios reducidos en las aulas\u201d.<\/p>\n<p><em><strong>Vacunas contra la gripe, la COVID-19 y el VRS disponibles para oto\u00f1o.<\/strong><\/em><br \/>\nEl organismo nacional de asesoramiento sobre vacunas de Canad\u00e1 recomienda la vacuna contra la COVID-19 para las personas de mayor riesgo, incluidos los adultos mayores de 65 a\u00f1os y las mujeres embarazadas o con afecciones m\u00e9dicas preexistentes.<\/p>\n<p>\u201cSigo recomendando la vacuna contra la COVID-19 porque sigue presente y sigue causando hospitalizaciones\u201d, declar\u00f3 Kurji.<\/p>\n<p>Las vacunas contra el VRS tambi\u00e9n est\u00e1n disponibles para adultos mayores y mujeres embarazadas, para combatir lo que Miller denomin\u00f3 un \u201cvirus extraordinariamente peligroso para los reci\u00e9n nacidos\u201d.<\/p>\n<p>Investigaciones realizadas en la pr\u00e1ctica han demostrado que estas vacunas, relativamente nuevas, est\u00e1n marcando una gran diferencia en las enfermedades graves relacionadas con el VRS. Un amplio estudio revel\u00f3 que la vacuna administrada durante el embarazo redujo el riesgo de hospitalizaci\u00f3n de los beb\u00e9s en m\u00e1s de un 80 %.<\/p>\n<p>\u201cEst\u00e1 teniendo un impacto realmente profundo en la reducci\u00f3n de las tasas de infecci\u00f3n, y en particular de las infecciones graves, en estos grupos de edad: adultos mayores y, especialmente, reci\u00e9n nacidos\u201d, dijo Miller.<\/p>\n<p>Adem\u00e1s de las vacunas estacionales, los expertos enfatizan que los canadienses tambi\u00e9n deben mantenerse al d\u00eda con sus vacunas de rutina, dado el resurgimiento de varias enfermedades prevenibles mediante vacunaci\u00f3n, como el sarampi\u00f3n, que puede causar s\u00edntomas similares a los de la gripe y una erupci\u00f3n cut\u00e1nea con manchas, o, en casos m\u00e1s graves, neumon\u00eda, inflamaci\u00f3n cerebral o incluso la muerte.<\/p>\n<p>\u201cDesde la pandemia, hemos observado una disminuci\u00f3n en la cobertura de las vacunas infantiles b\u00e1sicas de rutina\u201d, dijo la Dra. Joss Reimer, directora de salud p\u00fablica de Canad\u00e1.<\/p>\n<p>\u201cLa reciente propagaci\u00f3n del sarampi\u00f3n nos muestra exactamente lo que nos debe preocupar\u201d, agreg\u00f3.<\/p>\n<p>\u201cEn cuanto nuestras cifras caen por debajo de cierto nivel, comenzamos a ver que estos virus regresan y ponen en riesgo a los ni\u00f1os, especialmente a aquellos que son demasiado peque\u00f1os o que, por alguna otra raz\u00f3n de salud, no pueden vacunarse\u201d.<\/p>\n<p><em><strong>Resurgimiento del sarampi\u00f3n en Canad\u00e1 y EE. UU.<\/strong><\/em><br \/>\nSeg\u00fan datos federales, solo el 85 % de los ni\u00f1os de dos a\u00f1os en Canad\u00e1 estaban completamente vacunados contra el sarampi\u00f3n, las paperas y la rub\u00e9ola para finales de 2025, una cifra muy inferior al 95 % que, seg\u00fan los expertos m\u00e9dicos, se necesita en toda la poblaci\u00f3n para mantener el sarampi\u00f3n bajo control.<\/p>\n<p>Los mismos datos muestran que menos del 80 % de los ni\u00f1os de esa edad estaban completamente vacunados con la vacuna contra la difteria, el t\u00e9tanos y la tos ferina.<\/p>\n<p>Las bajas tasas de vacunaci\u00f3n de los \u00faltimos a\u00f1os han contribuido a un aumento dr\u00e1stico del sarampi\u00f3n, uno de los virus m\u00e1s contagiosos del mundo, en toda Norteam\u00e9rica.<\/p>\n<p>EE. UU. ha registrado 37 nuevos brotes en lo que va de 2026, con miles de casos, mientras que Canad\u00e1 perdi\u00f3 su estatus oficial de pa\u00eds libre de sarampi\u00f3n en noviembre pasado tras acumular m\u00e1s de 5.000 infecciones desde finales de 2024 y m\u00e1s de 1.000 casos nuevos solo este a\u00f1o.<\/p>\n<p>La Dra. Bonnie Henry, oficial de salud provincial de British Columbia, dijo recientemente que la mayor\u00eda de las 30 personas hospitalizadas desde el inicio del brote en esa provincia el a\u00f1o pasado no ten\u00edan todoas sus vacunas<\/p>\n","protected":false},"excerpt":{"rendered":"<p>&nbsp; Los expertos de la salud recomiendan que las familias consideren un esquema de vacunaci\u00f3n integral para combatir infecciones virales, desde la gripe hasta el&hellip;<\/p>\n","protected":false},"author":99,"featured_media":547759,"comment_status":"open","ping_status":"open","sticky":false,"template":"","format":"standard","meta":{"footnotes":""},"categories":[21,11357,11191],"tags":[],"class_list":["post-547758","post","type-post","status-publish","format-standard","has-post-thumbnail","hentry","category-canada","category-salud","category-top-news"],"_links":{"self":[{"href":"https:\/\/diarioelpopular.com\/index.php\/wp-json\/wp\/v2\/posts\/547758","targetHints":{"allow":["GET"]}}],"collection":[{"href":"https:\/\/diarioelpopular.com\/index.php\/wp-json\/wp\/v2\/posts"}],"about":[{"href":"https:\/\/diarioelpopular.com\/index.php\/wp-json\/wp\/v2\/types\/post"}],"author":[{"embeddable":true,"href":"https:\/\/diarioelpopular.com\/index.php\/wp-json\/wp\/v2\/users\/99"}],"replies":[{"embeddable":true,"href":"https:\/\/diarioelpopular.com\/index.php\/wp-json\/wp\/v2\/comments?post=547758"}],"version-history":[{"count":1,"href":"https:\/\/diarioelpopular.com\/index.php\/wp-json\/wp\/v2\/posts\/547758\/revisions"}],"predecessor-version":[{"id":547760,"href":"https:\/\/diarioelpopular.com\/index.php\/wp-json\/wp\/v2\/posts\/547758\/revisions\/547760"}],"wp:featuredmedia":[{"embeddable":true,"href":"https:\/\/diarioelpopular.com\/index.php\/wp-json\/wp\/v2\/media\/547759"}],"wp:attachment":[{"href":"https:\/\/diarioelpopular.com\/index.php\/wp-json\/wp\/v2\/media?parent=547758"}],"wp:term":[{"taxonomy":"category","embeddable":true,"href":"https:\/\/diarioelpopular.com\/index.php\/wp-json\/wp\/v2\/categories?post=547758"},{"taxonomy":"post_tag","embeddable":true,"href":"https:\/\/diarioelpopular.com\/index.php\/wp-json\/wp\/v2\/tags?post=547758"}],"curies":[{"name":"wp","href":"https:\/\/api.w.org\/{rel}","templated":true}]}}