{"id":547772,"date":"2026-09-03T09:01:24","date_gmt":"2026-09-03T13:01:24","guid":{"rendered":"https:\/\/diarioelpopular.com\/?p=547772"},"modified":"2026-09-03T09:01:24","modified_gmt":"2026-09-03T13:01:24","slug":"la-familia-de-agostina-jalabert-persiguio-durante-tres-anos-a-su-asesino-hasta-que-estados-unidos-lo-arresto-nunca-paramos-de-luchar","status":"publish","type":"post","link":"https:\/\/diarioelpopular.com\/index.php\/2026\/09\/03\/la-familia-de-agostina-jalabert-persiguio-durante-tres-anos-a-su-asesino-hasta-que-estados-unidos-lo-arresto-nunca-paramos-de-luchar\/","title":{"rendered":"La familia de Agostina Jalabert persigui\u00f3 durante tres a\u00f1os a su asesino. Hasta que Estados Unidos lo arrest\u00f3: \u201cNunca paramos de luchar\u201d"},"content":{"rendered":"<div id=\"attachment_547773\" style=\"width: 1210px\" class=\"wp-caption alignnone\"><img loading=\"lazy\" decoding=\"async\" aria-describedby=\"caption-attachment-547773\" class=\"wp-image-547773 size-custom-big-size\" src=\"https:\/\/diarioelpopular.com\/wp-content\/uploads\/2026\/09\/Screen-Shot-2026-09-03-at-8.59.57-AM-1200x883.png\" alt=\"\" width=\"1200\" height=\"883\" srcset=\"https:\/\/diarioelpopular.com\/wp-content\/uploads\/2026\/09\/Screen-Shot-2026-09-03-at-8.59.57-AM-1200x883.png 1200w, https:\/\/diarioelpopular.com\/wp-content\/uploads\/2026\/09\/Screen-Shot-2026-09-03-at-8.59.57-AM-300x221.png 300w, https:\/\/diarioelpopular.com\/wp-content\/uploads\/2026\/09\/Screen-Shot-2026-09-03-at-8.59.57-AM-768x565.png 768w, https:\/\/diarioelpopular.com\/wp-content\/uploads\/2026\/09\/Screen-Shot-2026-09-03-at-8.59.57-AM-1536x1130.png 1536w, https:\/\/diarioelpopular.com\/wp-content\/uploads\/2026\/09\/Screen-Shot-2026-09-03-at-8.59.57-AM-636x468.png 636w, https:\/\/diarioelpopular.com\/wp-content\/uploads\/2026\/09\/Screen-Shot-2026-09-03-at-8.59.57-AM-99x73.png 99w, https:\/\/diarioelpopular.com\/wp-content\/uploads\/2026\/09\/Screen-Shot-2026-09-03-at-8.59.57-AM.png 1024w\" sizes=\"auto, (max-width: 1200px) 100vw, 1200px\" \/><p id=\"caption-attachment-547773\" class=\"wp-caption-text\">Agostina Jalabert, en el museo Soumaya, de Ciudad de M\u00e9xico. Foto CEDIDA POR LA FAMILIA<\/p><\/div>\n<p>&nbsp;<\/p>\n<ul>\n<li><em><strong>El ICE tiene en custodia al argentino Juan Manuel Reverter, acusado del feminicidio de la modelo en 2023 en Playa del Carmen, en un caso que acab\u00f3 con la renuncia del fiscal de Quintana Roo<\/strong><\/em><\/li>\n<\/ul>\n<p>&nbsp;<\/p>\n<p class=\"\">Desde hace tres a\u00f1os, Candela Jalabert busca audios para recordar la voz de su hermana mayor. Agostina, de 31 a\u00f1os,\u00a0<a title=\"https:\/\/elpais.com\/mexico\/2023-04-22\/un-novio-violento-y-un-suicidio-inverosimil-las-ultimas-horas-de-agostina-jalabert.html\" href=\"https:\/\/elpais.com\/mexico\/2023-04-22\/un-novio-violento-y-un-suicidio-inverosimil-las-ultimas-horas-de-agostina-jalabert.html\" target=\"_self\" rel=\"\" data-link-track-dtm=\"\" data-mrf-link=\"https:\/\/elpais.com\/mexico\/2023-04-22\/un-novio-violento-y-un-suicidio-inverosimil-las-ultimas-horas-de-agostina-jalabert.html\">fue asesinada el 18 de febrero de 2023<\/a>\u00a0en un departamento de Playa del Carmen que compart\u00eda entonces con su pareja, Juan Manuel Reverter.<\/p>\n<p class=\"\">El cuerpo de la modelo argentina presentaba huellas de tortura y violencia sexual, pero la Fiscal\u00eda de Quintana Roo proces\u00f3 durante meses el caso como un suicidio. Reverter, al que no hicieron preguntas, se esfum\u00f3. Fue la familia de Agostina la que luch\u00f3 sin cesar para que se investigara como un feminicidio, la que denunci\u00f3 al fiscal de Quintana Roo por las negligencias y la que durante tres a\u00f1os ha seguido las pistas que Reverter iba dejando por Estados Unidos, a donde huy\u00f3 tras el crimen. Este verano, el argentino fue detenido en Oregon en un operativo en el que colabor\u00f3 la Interpol. Como no ten\u00eda su permiso migratorio en regla,\u00a0<a title=\"https:\/\/elpais.com\/us\/2026-09-02\/el-ice-captura-al-principal-sospechoso-del-feminicidio-de-la-modelo-argentina-agostina-jalabert-en-playa-del-carmen.html\" href=\"https:\/\/elpais.com\/us\/2026-09-02\/el-ice-captura-al-principal-sospechoso-del-feminicidio-de-la-modelo-argentina-agostina-jalabert-en-playa-del-carmen.html\" target=\"_self\" rel=\"\" data-link-track-dtm=\"\" data-mrf-link=\"https:\/\/elpais.com\/us\/2026-09-02\/el-ice-captura-al-principal-sospechoso-del-feminicidio-de-la-modelo-argentina-agostina-jalabert-en-playa-del-carmen.html\">ahora est\u00e1 preso en el centro de detenci\u00f3n del ICE en Tacoma<\/a>, muy cerca de Seattle, a la espera de ser enviado a M\u00e9xico para enfrentar, ahora s\u00ed, a la justicia. \u201cFue por lo que siempre luchamos. Por ella\u201d, cuenta Candela Jalabert.<\/p>\n<p class=\"\">El expediente policial era\u00a0<a title=\"https:\/\/elpais.com\/mexico\/2023-03-07\/de-suicidio-a-feminicidio-las-pistas-sobre-la-muerte-de-la-modelo-argentina-agostina-jalabert-en-playa-del-carmen.html\" href=\"https:\/\/elpais.com\/mexico\/2023-03-07\/de-suicidio-a-feminicidio-las-pistas-sobre-la-muerte-de-la-modelo-argentina-agostina-jalabert-en-playa-del-carmen.html\" target=\"_self\" rel=\"\" data-link-track-dtm=\"\" data-mrf-link=\"https:\/\/elpais.com\/mexico\/2023-03-07\/de-suicidio-a-feminicidio-las-pistas-sobre-la-muerte-de-la-modelo-argentina-agostina-jalabert-en-playa-del-carmen.html\">un reguero de pistas, un rastro de errores<\/a>. La Fiscal\u00eda de Quintana Roo ignor\u00f3 las denuncias previas por violencia contra Agostina que ten\u00eda Reverter; desde\u00f1\u00f3 los signos de tortura y agresi\u00f3n sexual que presentaba su cuerpo; obvi\u00f3 que es inveros\u00edmil que una mujer de 1,66 metros de altura se ahorque atada a una toallero de un metro cuando sus pies tocan el suelo; no proces\u00f3 los rasgu\u00f1os y se\u00f1ales de forcejeo que presentaba Juan Manuel Reverter; tampoco se alert\u00f3 con los testimonios de guardias y vecinos que avisaron de una pelea de horas, del sonido de los golpes \u201ccomo si alguien aventara a una persona y se rompieran las cosas\u201d. Pese a todo esto, la dependencia estatal clasific\u00f3 el caso como un suicidio, tom\u00f3 una breve declaraci\u00f3n a Reverter \u2014en la que \u00e9l aludi\u00f3 que Agostina ten\u00eda \u201cproblemas mentales\u201d\u2014 y lo dej\u00f3 ir.<\/p>\n<p class=\"\">\u201cFue muy duro\u201d, recuerda ahora Candela Jalabert: \u201cYo estaba sola en M\u00e9xico y fue muy engorroso todo lo que hicieron: declaraciones falsificadas o cosas obvias, que ten\u00edan mucha importancia, pasadas por arriba. Ellos estaban intentando tapar con una causa de suicidio lo que estaba m\u00e1s que claro que hab\u00eda sucedido\u201d. La familia nunca tuvo dudas:\u00a0<a title=\"https:\/\/elpais.com\/mexico\/2023-03-03\/la-muerte-de-una-modelo-argentina-en-playa-del-carmen-despierta-sospechas-de-feminicidio.html\" href=\"https:\/\/elpais.com\/mexico\/2023-03-03\/la-muerte-de-una-modelo-argentina-en-playa-del-carmen-despierta-sospechas-de-feminicidio.html\" target=\"_self\" rel=\"\" data-link-track-dtm=\"\" data-mrf-link=\"https:\/\/elpais.com\/mexico\/2023-03-03\/la-muerte-de-una-modelo-argentina-en-playa-del-carmen-despierta-sospechas-de-feminicidio.html\">Reverter hab\u00eda matado a Agostina<\/a>.<\/p>\n<p>&nbsp;<\/p>\n<figure class=\"a_m a_m-h \">\n<p><div style=\"width: 424px\" class=\"wp-caption alignnone\"><img loading=\"lazy\" decoding=\"async\" class=\"_re lazyload a_m-h\" src=\"https:\/\/imagenes.elpais.com\/resizer\/v2\/3LNDQE27SNHA3NZHE23MPQZS6Y.jpeg?auth=8e5836cb0267f24d8ec6b118a6d7cfd720de20602cd57ee70f7023a1918f64b1&amp;width=414\" sizes=\"auto, (min-width:1199px) 760px,(min-width:1001px) calc((100vw - 44px-11*31px)\/12*8+217), (min-width:767px) 767px, 100vw\" srcset=\"https:\/\/imagenes.elpais.com\/resizer\/v2\/3LNDQE27SNHA3NZHE23MPQZS6Y.jpeg?auth=8e5836cb0267f24d8ec6b118a6d7cfd720de20602cd57ee70f7023a1918f64b1&amp;width=414 414w,https:\/\/imagenes.elpais.com\/resizer\/v2\/3LNDQE27SNHA3NZHE23MPQZS6Y.jpeg?auth=8e5836cb0267f24d8ec6b118a6d7cfd720de20602cd57ee70f7023a1918f64b1&amp;width=828 640w,https:\/\/imagenes.elpais.com\/resizer\/v2\/3LNDQE27SNHA3NZHE23MPQZS6Y.jpeg?auth=8e5836cb0267f24d8ec6b118a6d7cfd720de20602cd57ee70f7023a1918f64b1&amp;width=980 1000w,https:\/\/imagenes.elpais.com\/resizer\/v2\/3LNDQE27SNHA3NZHE23MPQZS6Y.jpeg?auth=8e5836cb0267f24d8ec6b118a6d7cfd720de20602cd57ee70f7023a1918f64b1&amp;width=1960 1960w\" alt=\"\" width=\"414\" height=\"296\" \/><p class=\"wp-caption-text\">Agostina Jalabert y su hermana Candela Jalabert, en M\u00e9xico.\u00a0 \u00a0Foto CEDIDA POR LA FAMILIA<\/p><\/div><figcaption class=\"a_m_p\" aria-hidden=\"true\"><\/figcaption><\/figure>\n<p>&nbsp;<\/p>\n<p class=\"\">A final de 2022, Candela Jalabert viaj\u00f3 a visitar a su hermana a Playa del Carmen, donde ella trabajaba como\u00a0<i>influencer<\/i>\u00a0y modelo: \u201cNos llev\u00e1bamos 10 a\u00f1os de diferencia, pero nunca fue un impedimento. Desde que soy muy chiquita me inclu\u00eda en todos los planes\u201d. Reverter, de entonces 34 a\u00f1os y con quien Agostina hab\u00eda tenido una relaci\u00f3n en el pasado, lleg\u00f3 tambi\u00e9n a pasar unos d\u00edas con ellas en la capital tur\u00edstica del Caribe.<\/p>\n<p class=\"\">El 18 de febrero de 2023, a las siete y media de la ma\u00f1ana, Candela volvi\u00f3 a la casa y se encontr\u00f3 a su hermana asfixiada, atada al toallero del lavabo del departamento. La desat\u00f3, trat\u00f3 de reanimarla. Le pidi\u00f3 ayuda a Juan Manuel Reverter, quien, a pesar de haber estado en la casa, asegur\u00f3 que no oy\u00f3 nada, que no supo nada. Llegaron la polic\u00eda y los param\u00e9dicos. No pudieron salvarla. Candela tuvo que marcar a su madre a Argentina, decirle que su hermana estaba muerta, o\u00edr el llanto desgarrador de la mujer llamando a su padre.<\/p>\n<p class=\"\">Desde ese momento, la familia pele\u00f3 para que se cambiara la clasificaci\u00f3n del delito a feminicidio. Lo consigui\u00f3 despu\u00e9s de que\u00a0<a title=\"https:\/\/elpais.com\/mexico\/2023-03-08\/un-analisis-independiente-de-la-autopsia-de-agostina-jalabert-defiende-que-fue-torturada.html\" href=\"https:\/\/elpais.com\/mexico\/2023-03-08\/un-analisis-independiente-de-la-autopsia-de-agostina-jalabert-defiende-que-fue-torturada.html\" target=\"_self\" rel=\"\" data-link-track-dtm=\"\" data-mrf-link=\"https:\/\/elpais.com\/mexico\/2023-03-08\/un-analisis-independiente-de-la-autopsia-de-agostina-jalabert-defiende-que-fue-torturada.html\">un peritaje independiente<\/a>\u00a0acreditara que Agostina ten\u00eda golpes y quemaduras de cigarro, se\u00f1ales de una relaci\u00f3n sexual no consentida. En el camino\u00a0<a title=\"https:\/\/elpais.com\/mexico\/2023-04-18\/la-familia-de-la-modelo-argentina-agostina-jalabert-denuncia-al-fiscal-de-quintana-roo-por-negligencia-en-la-investigacion-del-feminicidio.html\" href=\"https:\/\/elpais.com\/mexico\/2023-04-18\/la-familia-de-la-modelo-argentina-agostina-jalabert-denuncia-al-fiscal-de-quintana-roo-por-negligencia-en-la-investigacion-del-feminicidio.html\" target=\"_self\" rel=\"\" data-link-track-dtm=\"\" data-mrf-link=\"https:\/\/elpais.com\/mexico\/2023-04-18\/la-familia-de-la-modelo-argentina-agostina-jalabert-denuncia-al-fiscal-de-quintana-roo-por-negligencia-en-la-investigacion-del-feminicidio.html\">denunciaron a tres funcionarios y al fiscal \u00d3scar Montes de Oca<\/a>, por \u201comisiones, impedimento o estorbo\u201d a la investigaci\u00f3n sobre el crimen, de la que le hacen \u201cresponsable absoluto\u201d. Candela repatri\u00f3 las cenizas de su hermana a Argentina y desde entonces, la familia Jalabert empez\u00f3 a esperar. Hasta ahora.<\/p>\n<h2 class=\"\">Las pistas y los detectives<\/h2>\n<p class=\"\">Candela Jalabert afirma que el arresto de Reverter era \u201cuna cuesti\u00f3n de tiempo\u201d. El hombre, ahora de 38 a\u00f1os, ten\u00eda una alerta y una b\u00fasqueda activa de la Interpol por ser el principal sospechoso del crimen. La familia logr\u00f3 ubicarlo en Estados Unidos porque consigui\u00f3 su registro migratorio. El ICE ha comunicado que \u201cingres\u00f3 legalmente a Estados Unidos en agosto de 2024 con una autorizaci\u00f3n de estancia de hasta seis meses, pero permaneci\u00f3 en el pa\u00eds m\u00e1s all\u00e1 de dicho plazo\u201d. \u201cTambi\u00e9n sab\u00edamos que estaba de ilegal\u201d, apunta Candela.<\/p>\n<figure class=\"a_m a_m-h \"><span class=\"_db a_m_w _pr lb_btn\"><img loading=\"lazy\" decoding=\"async\" class=\"_re lazyload a_m-h\" src=\"https:\/\/imagenes.elpais.com\/resizer\/v2\/WBS62PNKVZECFCOH5SVZTRJADY.jpeg?auth=9f9f6e419b6e69d4f6c1a14364f13bf7dbed5ae768df543df1ef8f87bc4d0048&amp;width=414\" sizes=\"auto, (min-width:1199px) 760px,(min-width:1001px) calc((100vw - 44px-11*31px)\/12*8+217), (min-width:767px) 767px, 100vw\" srcset=\"https:\/\/imagenes.elpais.com\/resizer\/v2\/WBS62PNKVZECFCOH5SVZTRJADY.jpeg?auth=9f9f6e419b6e69d4f6c1a14364f13bf7dbed5ae768df543df1ef8f87bc4d0048&amp;width=414 414w,https:\/\/imagenes.elpais.com\/resizer\/v2\/WBS62PNKVZECFCOH5SVZTRJADY.jpeg?auth=9f9f6e419b6e69d4f6c1a14364f13bf7dbed5ae768df543df1ef8f87bc4d0048&amp;width=828 640w,https:\/\/imagenes.elpais.com\/resizer\/v2\/WBS62PNKVZECFCOH5SVZTRJADY.jpeg?auth=9f9f6e419b6e69d4f6c1a14364f13bf7dbed5ae768df543df1ef8f87bc4d0048&amp;width=980 1000w,https:\/\/imagenes.elpais.com\/resizer\/v2\/WBS62PNKVZECFCOH5SVZTRJADY.jpeg?auth=9f9f6e419b6e69d4f6c1a14364f13bf7dbed5ae768df543df1ef8f87bc4d0048&amp;width=1960 1960w\" alt=\"\" width=\"414\" height=\"190\" \/><\/span><figcaption class=\"a_m_p\" aria-hidden=\"true\">Registro de Juan Manuel Reverter, seg\u00fan la web del ICE.<\/figcaption><\/figure>\n<p>&nbsp;<\/p>\n<p class=\"\">En estos a\u00f1os fueron muchas las personas que les escribieron: lo hab\u00edan visto, lo hab\u00edan conocido, les mandaban fotos de \u00e9l, del coche que usaba. \u201cSe arm\u00f3 una red muy grande de gente\u201d, se\u00f1ala la joven: \u201cEntonces sab\u00edamos por donde andaba m\u00e1s o menos, pero tambi\u00e9n sab\u00edamos que se mov\u00eda bastante seguido. Estuvimos en contacto con la polic\u00eda de Estados Unidos, pero es un territorio enorme. Por suerte la justicia tarde o temprano llega\u201d.<\/p>\n<p class=\"\">Fue precisamente una seguidora quien hace poco m\u00e1s de un mes coment\u00f3 en una publicaci\u00f3n que Candela hab\u00eda hecho sobre Agostina. En ingl\u00e9s, le escribi\u00f3: \u201cJuan Manuel Reverter fue arrestado esta ma\u00f1ana en mi ciudad\u201d. Adjunta, una imagen de una noticia de Fox News del 23 de julio, en la que se narra que \u201csobre las 7.30 de la ma\u00f1ana, Reverter fue detenido en el condado de Deschutes [Oregon] por el Servicio de Alguaciles de Estados Unidos, la oficina de la Interpol en Washington, la Oficina de Investigaci\u00f3n de Seguridad Nacional y la Patrulla Fronteriza\u201d.<\/p>\n<p class=\"\">\u201cFue una mezcla de emociones, adem\u00e1s nadie nos hab\u00eda avisado nada. Hasta que pudimos confirmarlo fueron dos horas aproximadamente de incertidumbre. No s\u00e9 si es emocionante la palabra, pero s\u00ed fue sentir finalmente paz, por nosotros y tambi\u00e9n por Agostina. La sensaci\u00f3n de que si bien nosotros ahora sentimos un poco m\u00e1s de tranquilidad ella despu\u00e9s de una muerte tan violenta tambi\u00e9n puede descansar en paz\u201d, relata Candela, que destaca que \u201cninguna otra mujer va a volver a terminar en manos de \u00e9l\u201d.<\/p>\n<p>&nbsp;<\/p>\n<figure class=\"a_m a_m-h \">\n<p><div style=\"width: 424px\" class=\"wp-caption alignnone\"><img loading=\"lazy\" decoding=\"async\" class=\"_re lazyload a_m-h\" src=\"https:\/\/imagenes.elpais.com\/resizer\/v2\/LFSVZK5H2ZAXBLUYVRL2Z7LY5M.jpeg?auth=13adc774c9425e2741e7a9d2ccb035a39f67e0d309787d74b757c2444b34e1d3&amp;width=414\" sizes=\"auto, (min-width:1199px) 760px,(min-width:1001px) calc((100vw - 44px-11*31px)\/12*8+217), (min-width:767px) 767px, 100vw\" srcset=\"https:\/\/imagenes.elpais.com\/resizer\/v2\/LFSVZK5H2ZAXBLUYVRL2Z7LY5M.jpeg?auth=13adc774c9425e2741e7a9d2ccb035a39f67e0d309787d74b757c2444b34e1d3&amp;width=414 414w,https:\/\/imagenes.elpais.com\/resizer\/v2\/LFSVZK5H2ZAXBLUYVRL2Z7LY5M.jpeg?auth=13adc774c9425e2741e7a9d2ccb035a39f67e0d309787d74b757c2444b34e1d3&amp;width=828 640w,https:\/\/imagenes.elpais.com\/resizer\/v2\/LFSVZK5H2ZAXBLUYVRL2Z7LY5M.jpeg?auth=13adc774c9425e2741e7a9d2ccb035a39f67e0d309787d74b757c2444b34e1d3&amp;width=980 1000w,https:\/\/imagenes.elpais.com\/resizer\/v2\/LFSVZK5H2ZAXBLUYVRL2Z7LY5M.jpeg?auth=13adc774c9425e2741e7a9d2ccb035a39f67e0d309787d74b757c2444b34e1d3&amp;width=1960 1960w\" alt=\"Detenci\u00f3n de Juan Manuel Reverter el 23 de julio en el condado de Deschutes, Oreg\u00f3n.\" width=\"414\" height=\"277\" \/><p class=\"wp-caption-text\">Detenci\u00f3n de Juan Manuel Reverter el 23 de julio en el condado de Deschutes, Oreg\u00f3n (EE UU). ICE<\/p><\/div><figcaption class=\"a_m_p\" aria-hidden=\"true\"><\/figcaption><\/figure>\n<p>&nbsp;<\/p>\n<p class=\"\">A Reverter lo detuvieron porque era un fugitivo, pero lo trasladaron al centro de detenci\u00f3n migratoria de Tacoma Northwest, porque no ten\u00eda permiso para estar en Estados Unidos. Ahora debe ser trasladado a Quintana Roo para seguir su proceso judicial. La Fiscal\u00eda del Estado no ha contestado a las preguntas de este peri\u00f3dico de si ya ha solicitado su extradici\u00f3n.<\/p>\n<p class=\"\">Candela no sabe si la familia tendr\u00e1 que trasladarse a M\u00e9xico para comparecer, cree que faltan todav\u00eda muchos pasos para eso: \u201cYo sinceramente lo \u00fanico que quer\u00eda era justicia para mi hermana. El 18 de febrero del 2023 lo recuerdo con mucho miedo sinceramente, esto era necesario para todos nosotros. Con mi familia no paramos nunca de luchar por ella y ver los resultados de eso despu\u00e9s de tanto desgaste nos da un poco de finalmente \u201calegr\u00eda\u201d, entre comillas, porque a Agos no la tenemos m\u00e1s, pero sabemos que Juan est\u00e1 donde tuvo que estar siempre&#8221;.<\/p>\n","protected":false},"excerpt":{"rendered":"<p>&nbsp; El ICE tiene en custodia al argentino Juan Manuel Reverter, acusado del feminicidio de la modelo en 2023 en Playa del Carmen, en un&hellip;<\/p>\n","protected":false},"author":99,"featured_media":547773,"comment_status":"open","ping_status":"open","sticky":false,"template":"","format":"standard","meta":{"footnotes":""},"categories":[23],"tags":[],"class_list":["post-547772","post","type-post","status-publish","format-standard","has-post-thumbnail","hentry","category-latinoamerica"],"_links":{"self":[{"href":"https:\/\/diarioelpopular.com\/index.php\/wp-json\/wp\/v2\/posts\/547772","targetHints":{"allow":["GET"]}}],"collection":[{"href":"https:\/\/diarioelpopular.com\/index.php\/wp-json\/wp\/v2\/posts"}],"about":[{"href":"https:\/\/diarioelpopular.com\/index.php\/wp-json\/wp\/v2\/types\/post"}],"author":[{"embeddable":true,"href":"https:\/\/diarioelpopular.com\/index.php\/wp-json\/wp\/v2\/users\/99"}],"replies":[{"embeddable":true,"href":"https:\/\/diarioelpopular.com\/index.php\/wp-json\/wp\/v2\/comments?post=547772"}],"version-history":[{"count":1,"href":"https:\/\/diarioelpopular.com\/index.php\/wp-json\/wp\/v2\/posts\/547772\/revisions"}],"predecessor-version":[{"id":547774,"href":"https:\/\/diarioelpopular.com\/index.php\/wp-json\/wp\/v2\/posts\/547772\/revisions\/547774"}],"wp:featuredmedia":[{"embeddable":true,"href":"https:\/\/diarioelpopular.com\/index.php\/wp-json\/wp\/v2\/media\/547773"}],"wp:attachment":[{"href":"https:\/\/diarioelpopular.com\/index.php\/wp-json\/wp\/v2\/media?parent=547772"}],"wp:term":[{"taxonomy":"category","embeddable":true,"href":"https:\/\/diarioelpopular.com\/index.php\/wp-json\/wp\/v2\/categories?post=547772"},{"taxonomy":"post_tag","embeddable":true,"href":"https:\/\/diarioelpopular.com\/index.php\/wp-json\/wp\/v2\/tags?post=547772"}],"curies":[{"name":"wp","href":"https:\/\/api.w.org\/{rel}","templated":true}]}}