{"id":547782,"date":"2026-09-03T10:10:15","date_gmt":"2026-09-03T14:10:15","guid":{"rendered":"https:\/\/diarioelpopular.com\/?p=547782"},"modified":"2026-09-03T10:10:15","modified_gmt":"2026-09-03T14:10:15","slug":"tiff-2026","status":"publish","type":"post","link":"https:\/\/diarioelpopular.com\/index.php\/2026\/09\/03\/tiff-2026\/","title":{"rendered":"TIFF 2026"},"content":{"rendered":"<div id=\"attachment_547783\" style=\"width: 1210px\" class=\"wp-caption alignnone\"><img loading=\"lazy\" decoding=\"async\" aria-describedby=\"caption-attachment-547783\" class=\"wp-image-547783 size-custom-big-size\" src=\"https:\/\/diarioelpopular.com\/wp-content\/uploads\/2026\/09\/BEING-HEUMANN-1200x675.jpg\" alt=\"\" width=\"1200\" height=\"675\" srcset=\"https:\/\/diarioelpopular.com\/wp-content\/uploads\/2026\/09\/BEING-HEUMANN-1200x675.jpg 1200w, https:\/\/diarioelpopular.com\/wp-content\/uploads\/2026\/09\/BEING-HEUMANN-300x169.jpg 300w, https:\/\/diarioelpopular.com\/wp-content\/uploads\/2026\/09\/BEING-HEUMANN-768x432.jpg 768w, https:\/\/diarioelpopular.com\/wp-content\/uploads\/2026\/09\/BEING-HEUMANN-1536x864.jpg 1536w, https:\/\/diarioelpopular.com\/wp-content\/uploads\/2026\/09\/BEING-HEUMANN-636x358.jpg 636w, https:\/\/diarioelpopular.com\/wp-content\/uploads\/2026\/09\/BEING-HEUMANN-130x73.jpg 130w, https:\/\/diarioelpopular.com\/wp-content\/uploads\/2026\/09\/BEING-HEUMANN.jpg 1024w\" sizes=\"auto, (max-width: 1200px) 100vw, 1200px\" \/><p id=\"caption-attachment-547783\" class=\"wp-caption-text\">BEING HEUMANN<\/p><\/div>\n<p>&nbsp;<\/p>\n<p class=\"p1\"><b>Por Jorge Gutman<\/b><\/p>\n<p class=\"p3\"><b>TIFF 2026<\/b><\/p>\n<p class=\"p4\">Nuevamente Toronto se apresta a celebrar el Toronto International Film Festival (TIFF) en donde durante 11 d\u00edas la ciudad se engalana con el<span class=\"Apple-converted-space\">\u00a0 <\/span>evento cinematogr\u00e1fico m\u00e1s importante de Am\u00e9rica del Norte. En su<span class=\"Apple-converted-space\">\u00a0 <\/span>quincuag\u00e9sima primera edici\u00f3n que se realizar\u00e1 desde el <b>10 hasta el 20 de septiembre<\/b>, la programaci\u00f3n contempla 293 pel\u00edculas que incluyen 45 largometrajes provenientes de diferentes regiones del mundo. Asimismo cabe mencionar que este a\u00f1o por primera vez el TIFF inaugura <b>The Market<\/b> que tiene por objeto formalizar y estructurar el intercambio comercial y de financiaci\u00f3n que antes se realizaba de manera informal, reuniendo a compradores, vendedores, estudios y creadores del s\u00e9ptimo arte.<\/p>\n<p class=\"p4\">Despu\u00e9s del descomunal \u00e9xito popular de 2025 que congreg\u00f3 alrededor de 700.000 asistentes, no hay duda que nuevamente este suceso habr\u00e1 de reafirmarse con una audiencia \u00e1vida de disfrutar lo m\u00e1s relevante de la cinematograf\u00eda mundial.<\/p>\n<p class=\"p4\">El film inaugural presentado en primicia mundial es <b>Being Heumann<i>\u00a0<\/i><\/b>(Estados Unidos) de la realizadora estadounidense Si\u00e2n Heder con la actuaci\u00f3n protag\u00f3nica de Ruth Madeley donde tambi\u00e9n participan Mark Ruffalo y Dylan O&#8217;Brien, entre otros; el film aborda la vida de la activista Judy Heumann, considerada como la figura central del movimiento que aboga por los derechos de las personas discapacitadas.<\/p>\n<p class=\"p3\">La pel\u00edcula de clausura que tambi\u00e9n ser\u00e1 presentada en primicia mundial es <b>Villeneuve:The Rise of a Legend<\/b> (Canad\u00e1) de\u00a0Yan<b> <\/b>Lanouette Turgeon; este<span class=\"Apple-converted-space\">\u00a0 <\/span>drama deportivo pasa revista a los primeros a\u00f1os del legendario piloto de carreras canadiense<span class=\"Apple-converted-space\">\u00a0 <\/span>Gilles Villeneuve, interpretado por R\u00e9mi Goulet en el rol titular; en el elenco asimismo participan entre otros artistas Rosalie Bonenfant animando a Joann Barthe Villeneuve,\u00a0Patrice Robitaille,\u00a0Anick Lemay,\u00a0Luc Picard,\u00a0Fabien Cloutier,\u00a0Hubert Proulx\u00a0y\u00a0\u00c9tienne Galloy.<\/p>\n<p><img loading=\"lazy\" decoding=\"async\" class=\"alignnone size-custom-full-size wp-image-547784\" src=\"https:\/\/diarioelpopular.com\/wp-content\/uploads\/2026\/09\/VILLENEUVE-THE-RISE-OF-A-LEGEND.jpg\" alt=\"\" width=\"168\" height=\"159\" srcset=\"https:\/\/diarioelpopular.com\/wp-content\/uploads\/2026\/09\/VILLENEUVE-THE-RISE-OF-A-LEGEND.jpg 168w, https:\/\/diarioelpopular.com\/wp-content\/uploads\/2026\/09\/VILLENEUVE-THE-RISE-OF-A-LEGEND-77x73.jpg 77w\" sizes=\"auto, (max-width: 168px) 100vw, 168px\" \/><\/p>\n<p class=\"p1\">VILLENEUVE: THE RISE OF A LEGEND<\/p>\n<p>&nbsp;<\/p>\n<p class=\"p4\">Adem\u00e1s de los dos t\u00edtulos mencionados en la secci\u00f3n Gala que es la de mayor visibilidad, tambi\u00e9n se ver\u00e1 de la directora Susanna White <b>Prima Facie<\/b> (Australia-Gran Breta\u00f1a), pel\u00edcula basada en la aclamada obra teatral de Suzie Miller, en la que una abogada defensora, interpretada por Cynthia Erivo, ve que su mundo trastabilla tras haber sufrido una agresi\u00f3n sexual. Otro t\u00edtulo de esta secci\u00f3n es <b>Bunker<\/b> (Francia-Espa\u00f1a) del director Florian Zeller, un thriller dram\u00e1tico y psicol\u00f3gico que aborda a un matrimonio de 17 a\u00f1os cuya relaci\u00f3n se ve afectada cuando el marido arquitecto acepta un proyecto moralmente ambiguo que es cuestionado por su esposa; en los roles centrales act\u00faan Javier Bardem y Pen\u00e9lope Cruz, la c\u00e9lebre pareja conyugal en la vida real. Tambi\u00e9n en esta secci\u00f3n est\u00e1 incluido el thriller pol\u00edtico <b>The Assassins(s)<\/b> (Corea del Sur) dirigido por Hur Jin-ho; su trama se sit\u00faa en agosto de 1974 cuando en Corea del Sur se produce el intento de asesinato del presidente Park Chung-hee en el cual su mujer Yun Young-soo perdi\u00f3 la vida.<\/p>\n<p class=\"p4\">La Secci\u00f3n <b>Special Presentations <\/b>ofrece filmes de consagrados autores internacionales. Entre los 51 t\u00edtulos programados se halla <b>All of a Sudden <\/b>(Francia-Jap\u00f3n-Alemania-B\u00e9lgica) de Ryusuke Hamaguchi que fue aclamado en Cannes en oportunidad de su estreno mundial; la dram\u00e1tica trama protagonizada por Virginie Efira se centra en la directora de un hogar de ancianos ubicado en Par\u00eds que implementa un m\u00e9todo de cuidados humanos. En primicia mundial se ver\u00e1<span class=\"Apple-converted-space\">\u00a0 <\/span><b>Glaxo <\/b>(Argentina-Brasil) del cineasta Benjam\u00edn Naishtat que adapt\u00f3 la novela hom\u00f3nima de Hern\u00e1n Ronsio quien colabor\u00f3 con el gui\u00f3n. Seg\u00fan se anticipa la trama entrelaza la tragedia \u00edntima y personal de 4 amigos con la convulsionada historia pol\u00edtica del siglo pasado en Argentina; participan en el elenco Lali Esp\u00f3sito, Esteban Lamothe, Marcelo Subiotto, Manu Fanego, Alan Sabbagh y Esteban Bigliardi. Del remarcable humanista realizador brit\u00e1nico Mike Leigh se ver\u00e1 <b>Tender Loving Care <\/b>(Gran Breta\u00f1a) donde narra con agudeza y humor los vaivenes de una trabajadora de protecci\u00f3n infantil y los desaf\u00edos cotidianos que atraviesa al tener que lidiar con un sistema asistencial fragmentado.<\/p>\n<p class=\"p4\">La secci\u00f3n <b>Platform<\/b> cuyo prop\u00f3sito es el de destacar los trabajos de innovadores realizadores,<span class=\"Apple-converted-space\">\u00a0 <\/span>se ha expandido de 10 a 12 t\u00edtulos que participar\u00e1n en la competencia de <i>Platform Award<\/i> a cargo de un jurado presidido por el cineasta y guionista argentino Pablo Trapero. La pel\u00edcula inaugural es <b>Children Untold<\/b> (Japon) de la realizadora nipona Miwa Nishikawa cuyo relato se centra en una chica japonesa de 12 a\u00f1os que se disfraza de var\u00f3n a fin de sobrevivir en Toko inmediatamente despu\u00e9s de la la Segunda Guerra Mundial; en su reparto intervienen Ami Koyae, Fumi Nikaido y Koji Yakusho. En <b>Djinn Wedding <\/b>(Turqu\u00eda) el realizador y escritor turco Ferit Karahan aborda un drama ambientado en una aldea de Anatolia en la que van emergiendo<span class=\"Apple-converted-space\">\u00a0 <\/span>los conflictos y secretos de una familia a trav\u00e9s de tres per\u00edodos de tiempo. La directora Irene Dionisio en su segundo film <b>Idda<\/b> (Italia) adopta un enfoque \u00e9pico para analizar los variados matices de una amistad nutrida de tensiones; eso acontece cuando dos amigas de la infancia se reencuentran para cumplir la promesa incumplida de escalar el monte Etna, y al hacerlo viejas heridas comienzan a resurgir. En <b>The Smell of Apples<\/b> (Sud\u00e1frica), el director John Trengove adapt\u00f3 la novela hom\u00f3nima de 1993 del escritor sudafricano Mark Behr en el que un ni\u00f1o blanco de 11 a\u00f1os gradualmente se confronta con la realidad generada por los horrores del apartheid.<span class=\"Apple-converted-space\">\u00a0<\/span><\/p>\n<div id=\"attachment_547785\" style=\"width: 646px\" class=\"wp-caption alignnone\"><img loading=\"lazy\" decoding=\"async\" aria-describedby=\"caption-attachment-547785\" class=\"wp-image-547785 size-custom-full-size\" src=\"https:\/\/diarioelpopular.com\/wp-content\/uploads\/2026\/09\/IDDA-636x424.jpg\" alt=\"\" width=\"636\" height=\"424\" srcset=\"https:\/\/diarioelpopular.com\/wp-content\/uploads\/2026\/09\/IDDA-636x424.jpg 636w, https:\/\/diarioelpopular.com\/wp-content\/uploads\/2026\/09\/IDDA-300x200.jpg 300w, https:\/\/diarioelpopular.com\/wp-content\/uploads\/2026\/09\/IDDA-110x73.jpg 110w, https:\/\/diarioelpopular.com\/wp-content\/uploads\/2026\/09\/IDDA.jpg 678w\" sizes=\"auto, (max-width: 636px) 100vw, 636px\" \/><p id=\"caption-attachment-547785\" class=\"wp-caption-text\">IDDA<\/p><\/div>\n<p class=\"p4\">La secci\u00f3n <b>Centrepiece<\/b> contempla 55 t\u00edtulos de cineastas de 50 pa\u00edses resaltando el compromiso del festival de programar lo m\u00e1s trascendente de la producci\u00f3n contempor\u00e1nea.<span class=\"Apple-converted-space\">\u00a0 <\/span>Entre algunos de los filmes m\u00e1s importantes se encuentra <b>La Gradiva<\/b> (Francia-Italia), la aplaudida \u00f3pera prima de la directora francesa Marine Allan que ha sido la gran ganadora de la Semana de la Cr\u00edtica del Festival de Cannes; la pel\u00edcula es un fiel retrato de la adolescencia a trav\u00e9s de las emociones y din\u00e1micas establecidas entre los integrantes de un<span class=\"Apple-converted-space\">\u00a0 <\/span>grupo de estudiantes franceses de ense\u00f1anza media .en un viaje escolar a N\u00e1poles y las ruinas de Pompeya. En <b>Moscas<\/b> (M\u00e9xico) el cineasta mexicano Fernando Eimbcke adopta un car\u00e1cter observacional relatando un drama familiar mediante una historia en la que explora el duelo, la sociedad y el miedo al afecto. <b>A Girl<span class=\"Apple-converted-space\">\u00a0 <\/span>Unknown<\/b> (China), es la \u00f3pera prima de Zou Jing quien mediante una cr\u00edtica social narra la vida de una joven china que pasa \u00b4por tres familias e identidades distintas entre los 6 y18 a\u00f1os. Considerable expectativa genera el estreno mundial de<span class=\"Apple-converted-space\">\u00a0 <\/span><b>Amor es el Monstruo<\/b> (Costa Rica-Per\u00fa-Panam\u00e1-Chile) del realizador costarricense Neto Villalobos; seg\u00fan se anticipa el dram\u00e1tico relato se centra en el profundo amor de una abuela capaz de efectuar todo lo que sea necesario con tal de recuperar a su nieta secuestrada; el elenco integrado casi totalmente por mujeres est\u00e1 liderado por la prestigiosa actriz chilena Paulina Garc\u00eda.<\/p>\n<p class=\"p4\">El programa <b>Discovery <\/b>est\u00e1 conformado por 24 largometrajes y al igual que en a\u00f1os anteriores resalta los primeros y segundos trabajos con perspectivas renovadoras de j\u00f3venes cineastas. El film de apertura presentado en primicia mundial es <b>Stuffed<\/b> (Gran Breta\u00f1a) del realizador brit\u00e1nico Theo Rhys quien aborda una hilarante comedia musical nutrida de terror y romance protagonizada por Jodie Comer y Harry Melling. <b>Head to Head <\/b>(Ir\u00e1n-Alemania) de la directora iran\u00ed<span class=\"Apple-converted-space\">\u00a0 <\/span>Ghasideh Golmakani se anticipa como una absurda s\u00e1tira; su tema gira en torno de una aclamada cineasta y escritora que obliga a los actores de su nuevo rodaje a llevar faldas y pa\u00f1uelos en la cabeza, someti\u00e9ndolos a las estrictas normas de vestimenta que habitualmente son impuestas a las mujeres de Ir\u00e1n. <b>Hermanas<\/b> (Espa\u00f1a) es el primer largometraje de ficci\u00f3n de la directora Ione Hern\u00e1ndez teniendo como protagonistas a Elena Anaya y Emma Su\u00e1rez; ambas actrices animan a dos hermanas cuya vida cambia radicalmente debido a un acontecimiento que romper\u00e1 viejos lazos y har\u00e1 aflorar secretos del pasado. En <b>Magazine <\/b>(Estados Unidos), la cineasta Alexandra Pechman enfoca a una joven becaria quien en 2011 se ve inmersa en las embriagadoras din\u00e1micas de poder de una prestigiosa revista literaria de Nueva York. <b>Nosotros<\/b> (Guatemala-M\u00e9xico)<span class=\"Apple-converted-space\">\u00a0 <\/span>es el primer largometraje del director Joaqu\u00edn Ruano quien es el miembro fundador<span class=\"Apple-converted-space\">\u00a0 <\/span>de la Academia Guatemalteca de Cine; su relato sigue a Romero, un hombre joven del altiplano guatemalteco, que decide abandonar su comunidad, huyendo de la monoton\u00eda, de la vida familiar y de s\u00ed mismo; al llegar a la ciudad de Guatemala donde encuentra trabajo como guardia de seguridad, se vincula sentimentalmente con una mujer trans, sin sospechar lo que el destino le aguarda. La \u00f3pera prima <b>We Are Born Good<\/b> (Hong Kong) del aplaudido director de cortometrajes Leung Chuen Yeung muestra la manera en que una disputa de menor alcance va escalando hacia una compleja red de dependencia emocional ante las dificultades de la vida moderna.<\/p>\n<p class=\"p4\">La secci\u00f3n <b>Documentales<\/b> incluye 21 t\u00edtulos provenientes de 20 pa\u00edses. El film que inaugura el programa es <b>Rapinoe<\/b> (Gran Breta\u00f1a-Estados Unidos) de la realizadora Rebeca Huntt quien aborda a Megan Rapinoe, la futbolista estadounidense mientras se prepara para su \u00faltimo torneo en la Copa Mundial de F\u00fatbol de 2023; a lo largo del documental la deportista recuenta su lucha como activista LGBTQ, centr\u00e1ndose adem\u00e1s en lo que para ella significa ganar y perder en el marco de su carrera deportiva. Por su car\u00e1cter \u00edntimo y contemplativo, gran inter\u00e9s despierta <b>Low Lies The Land<\/b> (Dinamarca-Italia) en el que el documentalista Emanuele<span class=\"Apple-converted-space\">\u00a0 <\/span>Gerosa ubica su c\u00e1mara en los vi\u00f1edos de Piemonte en el norte de Italia donde 3 familias de viticultores tratan der preservar un modo de vida ancestral. En <b>Por Arte de Magia<\/b> (Colombia-Argentina-Uruguay), la directora Melissa Saavedra Gil vali\u00e9ndose de material de archivo y testimonios reconstruye la tragedia personal motivada por el asesinato de sus padres en Colombia, explorando la orfandad y la p\u00e9rdida como un duelo tard\u00edo. El documental <b>Union Town<\/b> (Estados Unidos) de Barbara Kopple narra la vida de los trabajadores esenciales en la industria de entrega de \u00faltima milla en la ciudad de Nueva York bajo condiciones de extrema precariedad en medio de un resurgimiento explosivo del sindicalismo; revelando<span class=\"Apple-converted-space\">\u00a0 <\/span>el rostro humano del trabajo y la organizaci\u00f3n moderna, la pel\u00edcula pregunta qu\u00e9 significa la solidaridad en un mundo dividido entre quienes tienen poder y los que deben luchar por \u00e9l.<\/p>\n<p class=\"p4\">La secci\u00f3n\u00a0<b>Midnight Madness<\/b>\u00a0caracterizada por ofrecer filmes de acci\u00f3n, horror y fantas\u00eda incluye 12 t\u00edtulos siendo uno de los mismos\u00a0<b>River <\/b>(Estados Unidos) dirigido por Joshua Giuliano narrando las desventuras de tres hermanos que, despu\u00e9s de quedar varados en un bote en un r\u00edo rural, son acechados por un asesino sin rostro. La pel\u00edcula <b>Rogue Trooper<\/b> (Gran Breta\u00f1a) de Duncan Jones se anticipa como una aventura b\u00e9lica de ciencia ficci\u00f3n r\u00e1pida, visualmente remarcable, logrando un equilibrio entre acci\u00f3n, humor brit\u00e1nico y una est\u00e9tica dura y militarizada que es muy fiel al esp\u00edritu del comic de 2000 AD. En <b>Ladies and Gentlemen, Brian Mulroney<\/b> (Canad\u00e1), el director Matthew Rankin utiliza una enorme cantidad de piezas de archivo para construir un retrato caleidosc\u00f3pico del ex primer ministro canadiense Brian Mulroney;<span class=\"Apple-converted-space\">\u00a0 <\/span>en tal aspecto lo muestra<span class=\"Apple-converted-space\">\u00a0 <\/span>como un personaje televisivo carism\u00e1tico, ambicioso y capaz de transitar<span class=\"Apple-converted-space\">\u00a0 <\/span>con soltura en las tensiones culturales de Canad\u00e1. <b>Vintage Violence<\/b> (Estados Unidos-Jap\u00f3n) de Eugene Kotlyarenko es descripta como una comedia de acci\u00f3n y terror que mezcla s\u00e1tira social y humor negro generando una experiencia tan absurda como fren\u00e9tica.<\/p>\n<p class=\"p4\">En su vig\u00e9sima sexta edici\u00f3n la secci\u00f3n\u00a0<b>Wavelengths\u00a0<\/b>ofrece 11 largometrajes de autores visionarios y artistas del cine experimental y de vanguardia. Un film no convencional es <b>Biograf\u00eda de Jorge Luis Borges<\/b> (Argentina) de Mariano Llin\u00e1s; el cineasta<span class=\"Apple-converted-space\">\u00a0 <\/span>decidi\u00f3 abordar la vida del m\u00edtico escritor argentino a trav\u00e9s de objetos, manuscritos, libros y lugares, evitando el formato habitual de entrevistas realizadas frente a la c\u00e1mara para en cambio permitir que los propios objetos funcionen como protagonistas y narradores.<span class=\"Apple-converted-space\">\u00a0 <\/span><b>Lo dem\u00e1s es ruido <\/b>(Alemania-Canad\u00e1-M\u00e9xico) de Nicol\u00e1s Pereda es una pel\u00edcula que se sit\u00faa en un territorio intermedio entre la ficci\u00f3n y el documental; el film cuestiona la frontera existente entre lo real y lo representado y hace que la audiencia se pregunte permanentemente hasta qu\u00e9 punto aquello que observa est\u00e1 ocurriendo espont\u00e1neamente o ha sido construido para la c\u00e1mara.<\/p>\n<div id=\"attachment_547786\" style=\"width: 646px\" class=\"wp-caption alignnone\"><img loading=\"lazy\" decoding=\"async\" aria-describedby=\"caption-attachment-547786\" class=\"wp-image-547786 size-custom-full-size\" src=\"https:\/\/diarioelpopular.com\/wp-content\/uploads\/2026\/09\/LO-DEMA--S-ES-RUIDO-636x267.jpg\" alt=\"\" width=\"636\" height=\"267\" srcset=\"https:\/\/diarioelpopular.com\/wp-content\/uploads\/2026\/09\/LO-DEMA--S-ES-RUIDO-636x267.jpg 636w, https:\/\/diarioelpopular.com\/wp-content\/uploads\/2026\/09\/LO-DEMA--S-ES-RUIDO-300x126.jpg 300w, https:\/\/diarioelpopular.com\/wp-content\/uploads\/2026\/09\/LO-DEMA--S-ES-RUIDO-768x322.jpg 768w, https:\/\/diarioelpopular.com\/wp-content\/uploads\/2026\/09\/LO-DEMA--S-ES-RUIDO-1536x644.jpg 1536w, https:\/\/diarioelpopular.com\/wp-content\/uploads\/2026\/09\/LO-DEMA--S-ES-RUIDO-1200x503.jpg 1200w, https:\/\/diarioelpopular.com\/wp-content\/uploads\/2026\/09\/LO-DEMA--S-ES-RUIDO-146x61.jpg 146w, https:\/\/diarioelpopular.com\/wp-content\/uploads\/2026\/09\/LO-DEMA--S-ES-RUIDO.jpg 1024w\" sizes=\"auto, (max-width: 636px) 100vw, 636px\" \/><p id=\"caption-attachment-547786\" class=\"wp-caption-text\">LO DEM\u00c1S ES RUIDO<\/p><\/div>\n<p class=\"p4\">Cada a\u00f1o el TIFF resalta en la secci\u00f3n <b>Primetime<\/b> series de forma narrativa y producciones televisivas de alto nivel. Entre los 10 t\u00edtulos originarios de 7 pa\u00edses, cobra relieve <b>Oxygen Masks Will (Not) Drop Automatically<\/b> (Brasil) de<span class=\"Apple-converted-space\">\u00a0 <\/span>Marcelo Gomes y<span class=\"Apple-converted-space\">\u00a0 <\/span>Carol Min\u00eam. Mediante 5 episodios la serie brinda un minucioso retrato que recrea el sentimiento de una era en la ciudad de R\u00edo de Janeiro hacia mediados de la<span class=\"Apple-converted-space\">\u00a0 <\/span>d\u00e9cada del 80, cuando irrumpe la maldici\u00f3n del Sida, La potente historia est\u00e1 centrada en un grupo de auxiliares de<span class=\"Apple-converted-space\">\u00a0 <\/span>vuelo que, en la vida real, decidieron conseguir el primer tratamiento de AZT (el medicamento antiretrovital para<span class=\"Apple-converted-space\">\u00a0 <\/span>el VIH y el Sida) en Estados Unidos e introducirlo de contrabando en Brasil, donde no estaba a\u00fan regulado su uso.<span class=\"Apple-converted-space\">\u00a0<\/span><\/p>\n<p class=\"p4\">Una completa informaci\u00f3n de todos los filmes de las diferentes secciones, incluyendo los cortometrajes, as\u00ed como los horarios y salas de proyecci\u00f3n se podr\u00e1 encontrar en el sitio\u00a0<b>tiff.net\/Schedule<\/b><\/p>\n","protected":false},"excerpt":{"rendered":"<p>&nbsp; Por Jorge Gutman TIFF 2026 Nuevamente Toronto se apresta a celebrar el Toronto International Film Festival (TIFF) en donde durante 11 d\u00edas la ciudad&hellip;<\/p>\n","protected":false},"author":99,"featured_media":547783,"comment_status":"open","ping_status":"open","sticky":false,"template":"","format":"standard","meta":{"footnotes":""},"categories":[80,81,2482],"tags":[],"class_list":["post-547782","post","type-post","status-publish","format-standard","has-post-thumbnail","hentry","category-cine-2","category-columnistas","category-espectaculo"],"_links":{"self":[{"href":"https:\/\/diarioelpopular.com\/index.php\/wp-json\/wp\/v2\/posts\/547782","targetHints":{"allow":["GET"]}}],"collection":[{"href":"https:\/\/diarioelpopular.com\/index.php\/wp-json\/wp\/v2\/posts"}],"about":[{"href":"https:\/\/diarioelpopular.com\/index.php\/wp-json\/wp\/v2\/types\/post"}],"author":[{"embeddable":true,"href":"https:\/\/diarioelpopular.com\/index.php\/wp-json\/wp\/v2\/users\/99"}],"replies":[{"embeddable":true,"href":"https:\/\/diarioelpopular.com\/index.php\/wp-json\/wp\/v2\/comments?post=547782"}],"version-history":[{"count":1,"href":"https:\/\/diarioelpopular.com\/index.php\/wp-json\/wp\/v2\/posts\/547782\/revisions"}],"predecessor-version":[{"id":547787,"href":"https:\/\/diarioelpopular.com\/index.php\/wp-json\/wp\/v2\/posts\/547782\/revisions\/547787"}],"wp:featuredmedia":[{"embeddable":true,"href":"https:\/\/diarioelpopular.com\/index.php\/wp-json\/wp\/v2\/media\/547783"}],"wp:attachment":[{"href":"https:\/\/diarioelpopular.com\/index.php\/wp-json\/wp\/v2\/media?parent=547782"}],"wp:term":[{"taxonomy":"category","embeddable":true,"href":"https:\/\/diarioelpopular.com\/index.php\/wp-json\/wp\/v2\/categories?post=547782"},{"taxonomy":"post_tag","embeddable":true,"href":"https:\/\/diarioelpopular.com\/index.php\/wp-json\/wp\/v2\/tags?post=547782"}],"curies":[{"name":"wp","href":"https:\/\/api.w.org\/{rel}","templated":true}]}}