{"id":547794,"date":"2026-09-05T09:13:29","date_gmt":"2026-09-05T13:13:29","guid":{"rendered":"https:\/\/diarioelpopular.com\/?p=547794"},"modified":"2026-09-05T09:13:29","modified_gmt":"2026-09-05T13:13:29","slug":"el-reino-unido-le-responde-a-milei-y-reafirma-su-compromiso-absoluto-e-inamovible-con-las-malvinas","status":"publish","type":"post","link":"https:\/\/diarioelpopular.com\/index.php\/2026\/09\/05\/el-reino-unido-le-responde-a-milei-y-reafirma-su-compromiso-absoluto-e-inamovible-con-las-malvinas\/","title":{"rendered":"El Reino Unido le responde a Milei y reafirma su compromiso \u201cabsoluto e inamovible\u201d con las Malvinas"},"content":{"rendered":"<div id=\"attachment_547795\" style=\"width: 1210px\" class=\"wp-caption alignnone\"><img loading=\"lazy\" decoding=\"async\" aria-describedby=\"caption-attachment-547795\" class=\"wp-image-547795 size-custom-big-size\" src=\"https:\/\/diarioelpopular.com\/wp-content\/uploads\/2026\/09\/Screen-Shot-2026-09-05-at-8.12.35-AM-1200x820.png\" alt=\"\" width=\"1200\" height=\"820\" srcset=\"https:\/\/diarioelpopular.com\/wp-content\/uploads\/2026\/09\/Screen-Shot-2026-09-05-at-8.12.35-AM-1200x820.png 1200w, https:\/\/diarioelpopular.com\/wp-content\/uploads\/2026\/09\/Screen-Shot-2026-09-05-at-8.12.35-AM-300x205.png 300w, https:\/\/diarioelpopular.com\/wp-content\/uploads\/2026\/09\/Screen-Shot-2026-09-05-at-8.12.35-AM-768x525.png 768w, https:\/\/diarioelpopular.com\/wp-content\/uploads\/2026\/09\/Screen-Shot-2026-09-05-at-8.12.35-AM-1536x1049.png 1536w, https:\/\/diarioelpopular.com\/wp-content\/uploads\/2026\/09\/Screen-Shot-2026-09-05-at-8.12.35-AM-636x434.png 636w, https:\/\/diarioelpopular.com\/wp-content\/uploads\/2026\/09\/Screen-Shot-2026-09-05-at-8.12.35-AM-80x55.png 80w, https:\/\/diarioelpopular.com\/wp-content\/uploads\/2026\/09\/Screen-Shot-2026-09-05-at-8.12.35-AM-107x73.png 107w, https:\/\/diarioelpopular.com\/wp-content\/uploads\/2026\/09\/Screen-Shot-2026-09-05-at-8.12.35-AM.png 1024w\" sizes=\"auto, (max-width: 1200px) 100vw, 1200px\" \/><p id=\"caption-attachment-547795\" class=\"wp-caption-text\">Javier Milei en Santiago, Chile, el 3 de septiembre. Foto SOFIA YANJARI<\/p><\/div>\n<p>&nbsp;<\/p>\n<ul>\n<li><strong><em>La disputa entre ambos pa\u00edses por la soberan\u00eda del archipi\u00e9lago vuelve a tensarse mientras el presidente argentino toma impulso en el inicio de una nueva carrera electoral<\/em><\/strong><\/li>\n<\/ul>\n<p>&nbsp;<\/p>\n<p class=\"\">El Gobierno brit\u00e1nico reaccion\u00f3 este viernes a las palabras del presidente argentino, Javier Milei, quien\u00a0<a title=\"https:\/\/elpais.com\/argentina\/2026-09-04\/milei-anuncia-sanciones-para-las-petroleras-que-operen-en-malvinas-sin-autorizacion-argentina.html\" href=\"https:\/\/elpais.com\/argentina\/2026-09-04\/milei-anuncia-sanciones-para-las-petroleras-que-operen-en-malvinas-sin-autorizacion-argentina.html\" target=\"_self\" rel=\"\" data-link-track-dtm=\"\" data-mrf-link=\"https:\/\/elpais.com\/argentina\/2026-09-04\/milei-anuncia-sanciones-para-las-petroleras-que-operen-en-malvinas-sin-autorizacion-argentina.html\">en una cadena nacional volvi\u00f3 a reclamar la soberan\u00eda de las islas Malvinas<\/a>, anunci\u00f3 la agilizaci\u00f3n de sanciones para las empresas que operen en la zona sin autorizaci\u00f3n argentina y prometi\u00f3 construir una base militar en uno de los puntos continentales m\u00e1s cercanos al archipi\u00e9lago del Atl\u00e1ntico Sur. \u201cNuestro compromiso con las\u00a0<i>Falklands\u00a0<\/i>[el nombre que le asignan en Reino Unido a las islas] es absoluto e inamovible\u201d, dijo el ministro de Defensa brit\u00e1nico, Wes Streeting.<\/p>\n<p class=\"\">En un d\u00eda en que el presidente ultra ocupa un lugar central en las portadas brit\u00e1nicas, Streeting escribi\u00f3 en su cuenta de X que las declaraciones de Milei \u201chablan m\u00e1s de pol\u00edtica interna argentina que de las Malvinas\u201d e insisti\u00f3 con la l\u00ednea cl\u00e1sica oficial del gobierno europeo: \u201cLas Malvinas son brit\u00e1nicas porque los isle\u00f1os eligieron ser brit\u00e1nicos\u201d, en referencia al refer\u00e9ndum celebrado en las islas en 2013, en el que la permanencia en el Reino Unido gan\u00f3 con un 99,8% de los votos. En su mensaje al pueblo argentino, Milei hab\u00eda dicho que \u201clos isle\u00f1os, al ser una poblaci\u00f3n implantada en un territorio usurpado, no tienen un derecho leg\u00edtimo a la autodeterminaci\u00f3n\u201d.<\/p>\n<p class=\"\">Que haya sido el ministro de Defensa el que primero respondi\u00f3 a Milei es significativo, ya que el presidente argentino prometi\u00f3 tambi\u00e9n\u00a0<a title=\"https:\/\/elpais.com\/argentina\/2024-04-05\/milei-anuncia-una-base-naval-conjunta-con-estados-unidos-en-la-patagonia-argentina.html\" href=\"https:\/\/elpais.com\/argentina\/2024-04-05\/milei-anuncia-una-base-naval-conjunta-con-estados-unidos-en-la-patagonia-argentina.html\" target=\"_self\" rel=\"\" data-link-track-dtm=\"\" data-mrf-link=\"https:\/\/elpais.com\/argentina\/2024-04-05\/milei-anuncia-una-base-naval-conjunta-con-estados-unidos-en-la-patagonia-argentina.html\">construir una base militar en Tierra del Fuego<\/a>. Poco despu\u00e9s se expres\u00f3 el secretario de Asuntos Exteriores brit\u00e1nico,\u00a0<a title=\"https:\/\/x.com\/Ed_Miliband\" href=\"https:\/\/x.com\/Ed_Miliband\" target=\"_self\" rel=\"\" data-link-track-dtm=\"\" data-mrf-link=\"https:\/\/x.com\/Ed_Miliband\">Ed Miliband<\/a>, quien sostuvo los mismos argumentos: \u201cLa posici\u00f3n del Reino Unido es inquebrantable. Las islas son brit\u00e1nicas y seguir\u00e1n si\u00e9ndolo porque esa es la posici\u00f3n abrumadora de los isle\u00f1os\u201d, dijo, y asegur\u00f3 que defender\u00e1n esa postura \u201ccon firmeza\u201d.<\/p>\n<p class=\"\">Un portavoz del Ministerio de Exteriores minimiz\u00f3 en declaraciones a EL PA\u00cdS las palabras de Milei: \u201cNo es la primera vez que gobiernos argentinos lanzan amenazas econ\u00f3micas contra los habitantes de las islas. Tenemos claro que el derecho de los habitantes de las <i>Falkland\u00a0<\/i>a la libre determinaci\u00f3n incluye tambi\u00e9n el derecho a explotar sus propios recursos naturales\u201d, apunt\u00f3.<\/p>\n<p class=\"\">Milei se refir\u00f3 en particular al proyecto de\u00a0<a title=\"https:\/\/elpais.com\/argentina\/2026-08-25\/la-provincia-de-tierra-del-fuego-denuncia-la-presencia-de-un-petrolero-britanico-en-el-sur-argentino-y-responsabiliza-a-milei.html\" href=\"https:\/\/elpais.com\/argentina\/2026-08-25\/la-provincia-de-tierra-del-fuego-denuncia-la-presencia-de-un-petrolero-britanico-en-el-sur-argentino-y-responsabiliza-a-milei.html\" target=\"_self\" rel=\"\" data-link-track-dtm=\"\" data-mrf-link=\"https:\/\/elpais.com\/argentina\/2026-08-25\/la-provincia-de-tierra-del-fuego-denuncia-la-presencia-de-un-petrolero-britanico-en-el-sur-argentino-y-responsabiliza-a-milei.html\">extracci\u00f3n de crudo en las islas\u00a0<\/a>de la empresa israel\u00ed Navitas y la brit\u00e1nica Rockhopper, que podr\u00eda marcar el inicio de la explotaci\u00f3n petrolera en el archipi\u00e9lago ocupado por el Reino Unido desde 1833. Las dos compa\u00f1\u00edas con licencia para operar el yacimiento petrolero Sea Lion, sin embargo, le quitaron peso a las advertencias del presidente argentino. En un comunicado conjunto, resaltaron que las licencias \u201clegalmente otorgadas\u201d por el Gobierno local en Malvinas siguen siendo v\u00e1lidas y que \u201cno se espera que los recientes acontecimientos tengan efectos materiales en las actividades del proyecto de Sea Lion, incluido el calendario para completar el desarrollo del proyecto\u201d.<\/p>\n<p class=\"\">El presidente Milei encontr\u00f3 un impulso clave para su mensaje en las recientes declaraciones de Donald Trump, que sugiri\u00f3 que Estados Unidos podr\u00eda revisar su postura de tradicional neutralidad sobre esas islas y quitar su respaldo al Reino Unido en la disputa por el archipi\u00e9lago austral. Si bien el libertario dej\u00f3 de lado su tono col\u00e9rico para hacer este anuncio y apel\u00f3 a la unidad del pueblo argentino para sostener el reclamo de soberan\u00eda sobre las islas, sus palabras generaron reacci\u00f3n dentro de la oposici\u00f3n pol\u00edtica local, que vio en su discurso una estrategia oportunista.<\/p>\n<p class=\"\">El excanciller peronista Jorge Taiana se\u00f1al\u00f3 que \u201ctras tres\u00a0<a title=\"https:\/\/elpais.com\/internacional\/2022-04-01\/colimbas-y-militares-la-memoria-de-la-guerra-divide-a-los-veteranos-de-malvinas.html\" href=\"https:\/\/elpais.com\/internacional\/2022-04-01\/colimbas-y-militares-la-memoria-de-la-guerra-divide-a-los-veteranos-de-malvinas.html\" target=\"_self\" rel=\"\" data-link-track-dtm=\"\" data-mrf-link=\"https:\/\/elpais.com\/internacional\/2022-04-01\/colimbas-y-militares-la-memoria-de-la-guerra-divide-a-los-veteranos-de-malvinas.html\">a\u00f1os de persistente desmalvinizaci\u00f3n<\/a>, Milei anuncia medidas que llegan tarde, despu\u00e9s de haber flexibilizado normas y hecho concesiones que facilitaron el avance del Reino Unido sobre nuestros intereses\u201d. Para Taiana, Milei \u201cbusca \u2018galtierizar\u2019 su figura para recuperar espacio ante el pueblo argentino\u201d, en referencia a Leopoldo Fortunato Galtieri, \u00faltimo mandatario de la dictadura militar, que le declar\u00f3 la guerra a Gran Breta\u00f1a en 1982. Adem\u00e1s, se\u00f1al\u00f3 que las sanciones a actividades de exploraci\u00f3n y explotaci\u00f3n en las islas ya est\u00e1n vigentes por ley y que la base militar anunciada se comenz\u00f3 a construir en 2022.<\/p>\n<p class=\"\">En el mismo sentido, el ministro de Gobierno de la provincia de Buenos Aires, Carlos Bianco \u2014mano derecha de una de las principales figuras del peronismo en la actualidad, el gobernador bonaerense Axel Kicillof\u2014, remarc\u00f3 que \u201c267 d\u00edas tard\u00f3 el fan de Thatcher en cumplir la ley\u201d. As\u00ed, Bianco recordaba las distintas oportunidades en que Milei hab\u00eda expresado p\u00fablicamente su admiraci\u00f3n por Margaret Thatcher, quien era la primera ministra del Reino Unido durante la guerra.<\/p>\n<p class=\"\">La diputada nacional del Frente de Izquierda Myriam Bregman tambi\u00e9n consider\u00f3 que al presidente argentino \u201cle hackearon las neuronas o Estados Unidos lo est\u00e1 usando como enviado para provocar a Gran Breta\u00f1a en su actual disputa entre piratas\u201d, y evalu\u00f3 que la estrategia de Milei no es el resultado de un posicionamiento soberano, sino que fue \u201cescrita por el Pent\u00e1gono\u201d.<\/p>\n<p class=\"\">Las cr\u00edticas, de un tenor similar, se repitieron en otros espacios opositores, como Provincias Unidas y la Coalici\u00f3n C\u00edvica ARI. Si bien dentro del pa\u00eds nadie cuestiona el reclamo sobre las islas, s\u00ed se\u00f1alan la\u00a0<a title=\"https:\/\/elpais.com\/argentina\/2026-09-02\/milei-se-abraza-a-la-causa-malvinas-tras-un-espaldarazo-de-trump.html\" href=\"https:\/\/elpais.com\/argentina\/2026-09-02\/milei-se-abraza-a-la-causa-malvinas-tras-un-espaldarazo-de-trump.html\" target=\"_self\" rel=\"\" data-link-track-dtm=\"\" data-mrf-link=\"https:\/\/elpais.com\/argentina\/2026-09-02\/milei-se-abraza-a-la-causa-malvinas-tras-un-espaldarazo-de-trump.html\">utilizaci\u00f3n pol\u00edtica que el mandatario hace al aferrarse a esa bandera<\/a>, tan sensible para los argentinos, que perdieron 649 combatientes en la guerra. Su repentino compromiso con la causa ocurre justo en un momento en que Argentina enciende los motores de la pr\u00f3xima elecci\u00f3n presidencial, prevista para octubre de 2027, en la que Milei buscar\u00e1 su reelecci\u00f3n.<\/p>\n","protected":false},"excerpt":{"rendered":"<p>&nbsp; La disputa entre ambos pa\u00edses por la soberan\u00eda del archipi\u00e9lago vuelve a tensarse mientras el presidente argentino toma impulso en el inicio de una&hellip;<\/p>\n","protected":false},"author":99,"featured_media":547795,"comment_status":"open","ping_status":"open","sticky":false,"template":"","format":"standard","meta":{"footnotes":""},"categories":[23],"tags":[],"class_list":["post-547794","post","type-post","status-publish","format-standard","has-post-thumbnail","hentry","category-latinoamerica"],"_links":{"self":[{"href":"https:\/\/diarioelpopular.com\/index.php\/wp-json\/wp\/v2\/posts\/547794","targetHints":{"allow":["GET"]}}],"collection":[{"href":"https:\/\/diarioelpopular.com\/index.php\/wp-json\/wp\/v2\/posts"}],"about":[{"href":"https:\/\/diarioelpopular.com\/index.php\/wp-json\/wp\/v2\/types\/post"}],"author":[{"embeddable":true,"href":"https:\/\/diarioelpopular.com\/index.php\/wp-json\/wp\/v2\/users\/99"}],"replies":[{"embeddable":true,"href":"https:\/\/diarioelpopular.com\/index.php\/wp-json\/wp\/v2\/comments?post=547794"}],"version-history":[{"count":1,"href":"https:\/\/diarioelpopular.com\/index.php\/wp-json\/wp\/v2\/posts\/547794\/revisions"}],"predecessor-version":[{"id":547796,"href":"https:\/\/diarioelpopular.com\/index.php\/wp-json\/wp\/v2\/posts\/547794\/revisions\/547796"}],"wp:featuredmedia":[{"embeddable":true,"href":"https:\/\/diarioelpopular.com\/index.php\/wp-json\/wp\/v2\/media\/547795"}],"wp:attachment":[{"href":"https:\/\/diarioelpopular.com\/index.php\/wp-json\/wp\/v2\/media?parent=547794"}],"wp:term":[{"taxonomy":"category","embeddable":true,"href":"https:\/\/diarioelpopular.com\/index.php\/wp-json\/wp\/v2\/categories?post=547794"},{"taxonomy":"post_tag","embeddable":true,"href":"https:\/\/diarioelpopular.com\/index.php\/wp-json\/wp\/v2\/tags?post=547794"}],"curies":[{"name":"wp","href":"https:\/\/api.w.org\/{rel}","templated":true}]}}