{"id":5500,"date":"2011-07-20T21:57:01","date_gmt":"2011-07-21T01:57:01","guid":{"rendered":"http:\/\/retrolab.ca\/elpopular\/?p=5500"},"modified":"2011-07-20T21:57:01","modified_gmt":"2011-07-21T01:57:01","slug":"boasson-hagen-prolonga-el-festival-noruego","status":"publish","type":"post","link":"https:\/\/diarioelpopular.com\/index.php\/2011\/07\/20\/boasson-hagen-prolonga-el-festival-noruego\/","title":{"rendered":"Boasson Hagen prolonga el festival noruego"},"content":{"rendered":"<div id=\"attachment_5502\" style=\"width: 710px\" class=\"wp-caption aligncenter\"><a href=\"http:\/\/retrolab.ca\/elpopular\/wp-content\/uploads\/2011\/07\/tour3.jpg\"><img loading=\"lazy\" decoding=\"async\" aria-describedby=\"caption-attachment-5502\" class=\"size-full wp-image-5502\" title=\"El corredor franc\u00e9s del Europcar, Thomas Voeckler, en la etapa 17 del Tour\" src=\"http:\/\/retrolab.ca\/elpopular\/wp-content\/uploads\/2011\/07\/tour3.jpg\" alt=\"\" width=\"700\" height=\"420\" \/><\/a><p id=\"caption-attachment-5502\" class=\"wp-caption-text\">El corredor franc\u00e9s del Europcar, Thomas Voeckler, l\u00edder de la clasificaci\u00f3n general, rueda durante la decimos\u00e9ptima etapa del Tour de Francia, disputada entre Gap y Pinerolo, Italia. Foto: Ian Langsdon \/ Efe<\/p><\/div>\n<p><em>Carlos de Torres. Pinerolo (Italia).-<\/em> Edvald Boasson Hagen (Sky) prolong\u00f3 la fiesta noruega al adjudicarse en solitario la decimos\u00e9ptima etapa del\u00a0Tour, disputada entre Gap y Pinerolo (Italia), de 179 kil\u00f3metros, en la que Alberto Contador, en sociedad con Samuel S\u00e1nchez, puso de nuevo en apuros a los favoritos, entre los que resisti\u00f3 de amarillo el franc\u00e9s Thomas Voeckler.<\/p>\n<p>Solo hay dos noruegos en el pelot\u00f3n, Boasson Hagen, de 24 a\u00f1os y el campe\u00f3n mundial Thor Hushovd, de 33, el alumno aventajado y el maestro de la escuela n\u00f3rdica, pero se est\u00e1n dejando notar de lo lindo en el\u00a0Tour, ya que suman dos etapas cada uno y en el caso del m\u00e1s veterano ha lucido 7 d\u00edas el maillot amarillo.<\/p>\n<p>Boasson Hagen, que ya se luci\u00f3 en Lisieux, volvi\u00f3 a levantar los brazos en la primera etapa alpina con meta en la localidad italiana de Pinerolo. Fue el mejor de los 14 componentes que iniciaron la escapada del d\u00eda en el kil\u00f3metro 54. Lanz\u00f3 un ataque en el \u00faltimo puerto, la Cota de Pramartino (2a), a 8 kil\u00f3metros de meta y aguant\u00f3 en solitario el peligroso descenso y el \u00faltimo tramo de llano.<\/p>\n<p>Entr\u00f3 en meta con 40 segundos sobre el holand\u00e9s Mollema y 50 sobre el tr\u00edo franc\u00e9s formado por Casar, El Fares y Chavanel. El grupo de favoritos pas\u00f3 a 4.26, pero faltaban el l\u00edder Thomas Voeckler y el italiano Ivan Basso, que se dejaron en la bajada 27 segundos.<\/p>\n<p>La v\u00edspera del tr\u00edptico alpino del Galibier, Alpe d&#8217;Huez y cronometrada de Grenoble, el \u00faltimo puerto volvi\u00f3 a ser el escenario de la batalla entre los favoritos. Y los protagonistas que impulsaron la revuelta fueron los mismos: Alberto Contador y Samuel S\u00e1nchez, amigos desde siempre en clara alianza de intereses.<\/p>\n<p>&#8220;Es bueno tener aliados&#8221;, dec\u00eda el madrile\u00f1o en la llegada. &#8220;Hemos hablado para bajar a tope&#8221;, reconoc\u00eda el campe\u00f3n ol\u00edmpico.<\/p>\n<p>As\u00ed que en la subida a Pramartino volvieron a pactar. Era cuesti\u00f3n de repetir la jugada de la v\u00edspera en el Col de Manse, al lado de Gap. Contador lanz\u00f3 un primer ataque a 11 de meta, pero contestaron todos sus enemigos, soldados a su rueda. Todo el mundo atento.<\/p>\n<p>Un kil\u00f3metro despu\u00e9s lleg\u00f3 un segundo latigazo que seleccion\u00f3 el grupo. Contador y &#8220;Samu&#8221; coronaron juntos y se lanzaron en picado hacia meta. Se cort\u00f3 grupo principal. Apuros para los Schleck y Evans en una bajada peligrosa, sombr\u00eda, estrecha, con muchos baches, que el madrile\u00f1o conoc\u00eda de una visita que hizo despu\u00e9s del Giro de Italia. Voeckler se sali\u00f3 de la carretera con la suerte de encontrar abierta la puerta de una finca, que le evit\u00f3 alg\u00fan serio accidente. Basso sufr\u00eda en el descenso, como es habitual en el corredor italiano.<\/p>\n<p>El d\u00fao Contador-Samuel tir\u00f3 a bloque, como si de una contrarreloj se tratara, pero los hermanos Schleck, Evans y compa\u00f1\u00eda les echaron el guante poco antes de la recta de llegada. Intento fallido, pero otro mensaje de que el triple vencedor del\u00a0Tour\u00a0quiere aprovechar la menor ocasi\u00f3n que se le presente. &#8220;Ma\u00f1ana de nuevo a la carga, que voy por detr\u00e1s en la general. Esto solo ha sido un aperitivo&#8221;, advirti\u00f3 Contador, a 1.57 minutos en la general de su principal rival, Cadel Evans.<\/p>\n<p>La primera jornada alpina se disput\u00f3 con calor, aspecto novedoso en un\u00a0Tour\u00a0de tiempo hostil. Pasado el terreno llano se form\u00f3 la escapada del d\u00eda en el kil\u00f3metro 54, con 14 corredores, entre ellos el holand\u00e9s Mollema, Sylvain Chavanel, Sandy Casar, Boasson Hagen y Rub\u00e9n P\u00e9rez (Euskaltel), \u00e9ste \u00faltimo un fijo en casi todas las aventuras del\u00a0Tour. Por delante cinco puertos.<\/p>\n<p>En la subida a Sestri\u00e8res (1a, 11 kms al 6,3 por ciento), primer puerto en territorio italiano, se rompi\u00f3 la avanzadilla. Atac\u00f3 Rub\u00e9n P\u00e9rez a 2 kil\u00f3metros de la cima. El ciclista de Zald\u00edbar (Vizcaya) coron\u00f3 con 1.05 sobre sus inmediatos perseguidores y 7.49 respecto el grupo de los favoritos, donde Thomas Voeckler luc\u00eda el maillot amarillo en cabeza.<\/p>\n<p>Rub\u00e9n P\u00e9rez arriesg\u00f3 el pellejo en el interminable descenso de 45 kil\u00f3metros que le iba a poner al pie del Pramartino. A 12 de meta fue alcanzado por sus compa\u00f1eros iniciales de escapada, En la subida empez\u00f3 el soliloquio de Boasson Hagen, el heredero natural de Hushovd, corredor apto para las cl\u00e1sicas, como demuestra su triunfo en la Gante Wevelgem en 2009.<\/p>\n<p>Marcha victoriosa hasta Pinerolo para el campe\u00f3n noruego contrarreloj. Le esperaba el doblete en el &#8220;Tour\u00a0de Noruega&#8221; y la cuarta victoria de la temporada. El desembarco vikingo se amplia a los Alpes.<\/p>\n<p>La decimoctava etapa se disputar\u00e1 entre Pinerolo y la cima del Galibier, de 200 kil\u00f3metros, llegada in\u00e9dita y la m\u00e1s elevada de la historia (2.645 metros). La primera &#8220;final&#8221; del tr\u00edptico alpino.<\/p>\n","protected":false},"excerpt":{"rendered":"<p>Edvald Boasson Hagen prolong\u00f3 la fiesta noruega al adjudicarse en solitario la decimos\u00e9ptima etapa del Tour, en la que Alberto Contador, en sociedad con Samuel S\u00e1nchez, puso de nuevo en apuros a los favoritos, entre los que resisti\u00f3 de amarillo el franc\u00e9s Thomas Voeckler.<\/p>\n","protected":false},"author":1,"featured_media":5502,"comment_status":"closed","ping_status":"open","sticky":false,"template":"","format":"standard","meta":{"footnotes":""},"categories":[28],"tags":[1215,1481],"class_list":["post-5500","post","type-post","status-publish","format-standard","has-post-thumbnail","hentry","category-deportes","tag-ciclismo","tag-tour"],"_links":{"self":[{"href":"https:\/\/diarioelpopular.com\/index.php\/wp-json\/wp\/v2\/posts\/5500","targetHints":{"allow":["GET"]}}],"collection":[{"href":"https:\/\/diarioelpopular.com\/index.php\/wp-json\/wp\/v2\/posts"}],"about":[{"href":"https:\/\/diarioelpopular.com\/index.php\/wp-json\/wp\/v2\/types\/post"}],"author":[{"embeddable":true,"href":"https:\/\/diarioelpopular.com\/index.php\/wp-json\/wp\/v2\/users\/1"}],"replies":[{"embeddable":true,"href":"https:\/\/diarioelpopular.com\/index.php\/wp-json\/wp\/v2\/comments?post=5500"}],"version-history":[{"count":0,"href":"https:\/\/diarioelpopular.com\/index.php\/wp-json\/wp\/v2\/posts\/5500\/revisions"}],"wp:featuredmedia":[{"embeddable":true,"href":"https:\/\/diarioelpopular.com\/index.php\/wp-json\/"}],"wp:attachment":[{"href":"https:\/\/diarioelpopular.com\/index.php\/wp-json\/wp\/v2\/media?parent=5500"}],"wp:term":[{"taxonomy":"category","embeddable":true,"href":"https:\/\/diarioelpopular.com\/index.php\/wp-json\/wp\/v2\/categories?post=5500"},{"taxonomy":"post_tag","embeddable":true,"href":"https:\/\/diarioelpopular.com\/index.php\/wp-json\/wp\/v2\/tags?post=5500"}],"curies":[{"name":"wp","href":"https:\/\/api.w.org\/{rel}","templated":true}]}}