{"id":55389,"date":"2012-01-07T17:26:27","date_gmt":"2012-01-07T22:26:27","guid":{"rendered":"http:\/\/diarioelpopular.com\/?p=55389"},"modified":"2012-01-07T17:26:27","modified_gmt":"2012-01-07T22:26:27","slug":"el-canadiense-milos-raonic-se-mete-en-la-final-de-madras","status":"publish","type":"post","link":"https:\/\/diarioelpopular.com\/index.php\/2012\/01\/07\/el-canadiense-milos-raonic-se-mete-en-la-final-de-madras\/","title":{"rendered":"El canadiense Milos Raonic se mete en la final de Madr\u00e1s"},"content":{"rendered":"<div id=\"attachment_55390\" style=\"width: 710px\" class=\"wp-caption aligncenter\"><a href=\"https:\/\/diarioelpopular.com\/wp-content\/uploads\/2012\/01\/Milos-Raonic.jpg\"><img loading=\"lazy\" decoding=\"async\" aria-describedby=\"caption-attachment-55390\" class=\"size-full wp-image-55390\" title=\"Milos Raonic\" src=\"https:\/\/diarioelpopular.com\/wp-content\/uploads\/2012\/01\/Milos-Raonic.jpg\" alt=\"\" width=\"700\" height=\"420\" \/><\/a><p id=\"caption-attachment-55390\" class=\"wp-caption-text\">El tenista canadiendse Milos Raonic devuelve la bola a su rival, el espa\u00f1ol Nicol\u00e1s Almagro, durante el partido de semifinales del Abierto de tenis de Chennai (Madr\u00e1s), en la India. Foto: Nathan G. \/ Efe<\/p><\/div>\n<p><em><strong>Efe. Redacci\u00f3n Deportes.-<\/strong><\/em> El canadiense Milos\u00a0Raonic\u00a0y el serbio Janko Tipsarevic se enfrentar\u00e1n este domingo por primera vez en sus carreras, en la final del torneo de tenis de Madr\u00e1s.<\/p>\n<p>Tipsarevic, primer favorito, se impuso al japon\u00e9s Go Soeda, por 6-1 y 6-4 en una hora y 19 minutos para alcanzar la octava final de su carrera, y la primera este a\u00f1o.<\/p>\n<p>Antes,\u00a0Raonic\u00a0fulmin\u00f3 con su saque al espa\u00f1ol Nicol\u00e1s Almagro, segundo favorito, por 6-4 y 6-4 en 72 minutos.<\/p>\n<p>Apoyado en su mejor arma, con la que logr\u00f3 17 directos y con la que solo perdi\u00f3 cuatro puntos,\u00a0Raonic\u00a0se clasific\u00f3 para su primera final de esta temporada.<\/p>\n<p>El saque del jugador canadiense fue un fort\u00edn inabordable.\u00a0Raonic\u00a0lleg\u00f3 incluso a hacerse con el octavo juego del primer set con cuatro servicios directos, sin dar opci\u00f3n alguna a Almagro.<\/p>\n<p>El jugador espa\u00f1ol hab\u00eda tenido un dur\u00edsimo encuentro en la ronda anterior contra el japon\u00e9s Yuichi Sugita, ante el que levant\u00f3 tres bolas de partido.<\/p>\n","protected":false},"excerpt":{"rendered":"<p>El canadiense Milos Raonic y el serbio Janko Tipsarevic se enfrentar\u00e1n este domingo por primera vez en sus carreras, en la final del torneo de tenis de Madras.<\/p>\n","protected":false},"author":1,"featured_media":55390,"comment_status":"closed","ping_status":"open","sticky":false,"template":"","format":"standard","meta":{"footnotes":""},"categories":[28],"tags":[481,482,176],"class_list":["post-55389","post","type-post","status-publish","format-standard","has-post-thumbnail","hentry","category-deportes","tag-madras","tag-milos-raonic","tag-tenis"],"_links":{"self":[{"href":"https:\/\/diarioelpopular.com\/index.php\/wp-json\/wp\/v2\/posts\/55389","targetHints":{"allow":["GET"]}}],"collection":[{"href":"https:\/\/diarioelpopular.com\/index.php\/wp-json\/wp\/v2\/posts"}],"about":[{"href":"https:\/\/diarioelpopular.com\/index.php\/wp-json\/wp\/v2\/types\/post"}],"author":[{"embeddable":true,"href":"https:\/\/diarioelpopular.com\/index.php\/wp-json\/wp\/v2\/users\/1"}],"replies":[{"embeddable":true,"href":"https:\/\/diarioelpopular.com\/index.php\/wp-json\/wp\/v2\/comments?post=55389"}],"version-history":[{"count":0,"href":"https:\/\/diarioelpopular.com\/index.php\/wp-json\/wp\/v2\/posts\/55389\/revisions"}],"wp:featuredmedia":[{"embeddable":true,"href":"https:\/\/diarioelpopular.com\/index.php\/wp-json\/"}],"wp:attachment":[{"href":"https:\/\/diarioelpopular.com\/index.php\/wp-json\/wp\/v2\/media?parent=55389"}],"wp:term":[{"taxonomy":"category","embeddable":true,"href":"https:\/\/diarioelpopular.com\/index.php\/wp-json\/wp\/v2\/categories?post=55389"},{"taxonomy":"post_tag","embeddable":true,"href":"https:\/\/diarioelpopular.com\/index.php\/wp-json\/wp\/v2\/tags?post=55389"}],"curies":[{"name":"wp","href":"https:\/\/api.w.org\/{rel}","templated":true}]}}