{"id":5562,"date":"2011-07-21T14:04:26","date_gmt":"2011-07-21T18:04:26","guid":{"rendered":"http:\/\/retrolab.ca\/elpopular\/?p=5562"},"modified":"2011-07-21T14:04:26","modified_gmt":"2011-07-21T18:04:26","slug":"schleck-conquista-el-galibier-y-contador-se-hunde","status":"publish","type":"post","link":"https:\/\/diarioelpopular.com\/index.php\/2011\/07\/21\/schleck-conquista-el-galibier-y-contador-se-hunde\/","title":{"rendered":"Schleck conquista el Galibier y Contador se hunde"},"content":{"rendered":"<div id=\"attachment_5563\" style=\"width: 710px\" class=\"wp-caption aligncenter\"><a href=\"http:\/\/retrolab.ca\/elpopular\/wp-content\/uploads\/2011\/07\/GALIBIER-SERRE-CHEVALIER-ANDY-SCHLECK.jpg\"><img loading=\"lazy\" decoding=\"async\" aria-describedby=\"caption-attachment-5563\" class=\"size-full wp-image-5563\" title=\"GALIBIER SERRE-CHEVALIER - ANDY SCHLECK\" src=\"http:\/\/retrolab.ca\/elpopular\/wp-content\/uploads\/2011\/07\/GALIBIER-SERRE-CHEVALIER-ANDY-SCHLECK.jpg\" alt=\"\" width=\"700\" height=\"420\" \/><\/a><p id=\"caption-attachment-5563\" class=\"wp-caption-text\">El ciclista luxemburg\u00e9s Andy Schleck, del equipo Leopard, celebra su victoria en la decimoctava etapa del Tour de Francia que recorri\u00f3 189 Km entre Pinerolo (Italia) y Galibier Serre-Chevalier. Foto: Toni Albir \/ Efe<\/p><\/div>\n<p><em>Carlos de Torres. Galibier (Francia).- <\/em>El luxemburgu\u00e9s Andy Schleck (Leopard) conquist\u00f3 en solitario la cima del Galibier, por primera vez en la historia meta del\u00a0Tour\u00a0de Francia, en una jornada en la que el franc\u00e9s Thomas Voeckler conserv\u00f3 el maillot amarillo por 15 segundos y Alberto Contador qued\u00f3 eliminado en la lucha por conquistar su cuarto t\u00edtulo.<\/p>\n<p>La etapa reina de los Alpes, disputada entre Pinerolo y la cima del Galibier, de 200,5 kil\u00f3metros, fue una exhibici\u00f3n de Andy Schleck, que firm\u00f3 una haza\u00f1a a la antigua usanza, con un ataque lejano que caus\u00f3 un vuelco en la general y elimin\u00f3 a los espa\u00f1oles Contador y Samuel S\u00e1nchez, perdedores en la partida que libr\u00f3 el ciclista luxemburgu\u00e9s contra todo el grupo de favoritos.<\/p>\n<p>Andy, de 26 a\u00f1os y dos veces segundo en el\u00a0Tour, apost\u00f3 todo a una carta y sali\u00f3 reforzado para optar a lo m\u00e1s alto del podio en Par\u00eds, aunque a\u00fan deber\u00e1 completar la faena en Alpe D&#8217;Huez si quiere alejar a Cadel Evans con vistas a la contrarreloj del s\u00e1bado. El australiano es ahora su rival y le tiene a 57 segundos. El ciclista &#8216;aussie&#8217; salv\u00f3 los muebles y tiene el\u00a0Tour\u00a0a tiro.<\/p>\n<p>Fue un trabajo de estrategia del Leopard. Primero incrust\u00f3 dos hombres en la escapada de 14 corredores que se form\u00f3 camino del primer puerto, el Agnel, techo del\u00a0Tour\u00a0con 2.774 metros. Eran el belga Monfort y el holand\u00e9s Posthuma, que cumplir\u00edan su funci\u00f3n de esperar a su l\u00edder m\u00e1s adelante.<\/p>\n<p>El peque\u00f1o de los Schleck mand\u00f3 un silbido a su compa\u00f1ero Jens Voigt a mitad del ascenso del Izoard, a 62 kil\u00f3metros de meta. Era la se\u00f1al del asalto que le llevar\u00eda hasta la gloria. No hubo respuesta alguna de sus rivales, que iban mir\u00e1ndose, comprobando c\u00f3mo la etapa se les iba de las manos.<\/p>\n<p>Andy coron\u00f3 el puerto a 1.50 del kazako Iglinsky, que marchaba escapado y con 2,15 minutos de adelanto respecto al grupo de Contador. El madrile\u00f1o ya daba muestras de debilidad. Baj\u00f3 al coche del m\u00e9dico en dos ocasiones y se le vio en posiciones que no son habituales en \u00e9l, perdido en ocasiones en cola de grupo, con escasa chispa, sin piernas desde el principio.<\/p>\n<p>Monfort esper\u00f3 a Andy en el descenso del Izoard y entre los dos alcanzaron a los \u00faltimos componentes de la fuga, donde estaban el irland\u00e9s Nicolas Roche, el belga Devenyns y el ruso Silin. Andy, siempre ambicioso, tir\u00f3 del grupo hasta que decidi\u00f3 marcharse en solitario en el Galibier, a 8 kil\u00f3metros de meta.<\/p>\n<p>Con un retraso de 4.24 a 10 kil\u00f3metros de meta, Cadel Evans tom\u00f3 las riendas en la persecuci\u00f3n. Era el m\u00e1s interesado en dar la cara, pues se le marchaba el\u00a0Tour. Maniobra tard\u00eda pero salvadora, pues al final el destrozo no fue definitivo para el australiano, que mira con esperanza la contrarreloj del s\u00e1bado en Grenoble.<\/p>\n<p>Andy concret\u00f3 la gesta euf\u00f3rico en el Galibier, el coloso alpino que cumple 100 a\u00f1os desde la primera conquista en 1911 a cargo del franc\u00e9s Emile Georget. Era su tercera victoria en el\u00a0Tour. El a\u00f1o pasado ya triunf\u00f3 en otra cima m\u00edtica, el Tourmalet.<\/p>\n<p>La fiesta de los Schleck se ampli\u00f3 con la segunda plaza de Frank, que pas\u00f3 por delante del furg\u00f3n de candidatos. Evans cruz\u00f3 a 2.15 y Voeckler, heroico, salv\u00f3 el maillot amarillo por 15 segundos. Contador perdi\u00f3 el tren a 1,9 kil\u00f3metros de meta. Ya no pudo aguantar y lleg\u00f3 a 3.50 minutos. Algo parecido le ocurri\u00f3 a Samuel S\u00e1nchez. El l\u00edder del Euskaltel cedi\u00f3 4.41, y tambi\u00e9n se refiri\u00f3 a &#8220;las ilusiones que se marchan&#8221;<\/p>\n<p>Hubo palabras de reconocimiento y parabienes para Andy Schleck, que saldr\u00e1 a buscar el amarillo en otra cima m\u00edtica como la del Alpe D&#8217;Huez. Hasta Eddy Merckx se quit\u00f3 el sombrero ante Andy. El legendario &#8220;Canibal&#8221; se refiri\u00f3 a &#8220;una gesta de las que hacen grande el ciclismo, de las que son siempre recordadas&#8221;.<\/p>\n<p>&#8220;No quiero ser cuarto&#8221;, record\u00f3 Andy Schleck. Es segundo en la general a 15 segundos de Voeckler, quien se dej\u00f3 el alma en el Galibier para estar de nuevo con los mejores. Tercero es Frank Schleck a 1.08.<\/p>\n<p>Alberto Contador, desde la s\u00e9ptima plaza, se despidi\u00f3 del proyecto de alcanzar su cuarto\u00a0Tour. Lejos de su mejor forma, se encuentra a 4.29 de Andy y 3.32 de Evans. El Galibier hundi\u00f3 al ciclista de Pinto. &#8220;La victoria ya est\u00e1 imposible&#8221;, reconoci\u00f3 en meta.<\/p>\n<p>La decimonovena etapa se disputar\u00e1 entre Mosane Valfrej\u00fas y Alpe D&#8217;Huez, de 109 kil\u00f3metros.<\/p>\n","protected":false},"excerpt":{"rendered":"<p>El luxemburgu\u00e9s Andy Schleck conquist\u00f3 en solitario la cima del Galibier, por primera vez en la historia meta del Tour de Francia, en una jornada en la que el franc\u00e9s Thomas Voeckler conserv\u00f3 el maillot amarillo por 15 segundos y Alberto Contador qued\u00f3 descartado en la lucha por conquistar su cuarto t\u00edtulo.<\/p>\n","protected":false},"author":1,"featured_media":5563,"comment_status":"closed","ping_status":"open","sticky":false,"template":"","format":"standard","meta":{"footnotes":""},"categories":[28],"tags":[1215,1481],"class_list":["post-5562","post","type-post","status-publish","format-standard","has-post-thumbnail","hentry","category-deportes","tag-ciclismo","tag-tour"],"_links":{"self":[{"href":"https:\/\/diarioelpopular.com\/index.php\/wp-json\/wp\/v2\/posts\/5562","targetHints":{"allow":["GET"]}}],"collection":[{"href":"https:\/\/diarioelpopular.com\/index.php\/wp-json\/wp\/v2\/posts"}],"about":[{"href":"https:\/\/diarioelpopular.com\/index.php\/wp-json\/wp\/v2\/types\/post"}],"author":[{"embeddable":true,"href":"https:\/\/diarioelpopular.com\/index.php\/wp-json\/wp\/v2\/users\/1"}],"replies":[{"embeddable":true,"href":"https:\/\/diarioelpopular.com\/index.php\/wp-json\/wp\/v2\/comments?post=5562"}],"version-history":[{"count":0,"href":"https:\/\/diarioelpopular.com\/index.php\/wp-json\/wp\/v2\/posts\/5562\/revisions"}],"wp:featuredmedia":[{"embeddable":true,"href":"https:\/\/diarioelpopular.com\/index.php\/wp-json\/"}],"wp:attachment":[{"href":"https:\/\/diarioelpopular.com\/index.php\/wp-json\/wp\/v2\/media?parent=5562"}],"wp:term":[{"taxonomy":"category","embeddable":true,"href":"https:\/\/diarioelpopular.com\/index.php\/wp-json\/wp\/v2\/categories?post=5562"},{"taxonomy":"post_tag","embeddable":true,"href":"https:\/\/diarioelpopular.com\/index.php\/wp-json\/wp\/v2\/tags?post=5562"}],"curies":[{"name":"wp","href":"https:\/\/api.w.org\/{rel}","templated":true}]}}