{"id":5659,"date":"2011-07-21T21:24:28","date_gmt":"2011-07-22T01:24:28","guid":{"rendered":"http:\/\/retrolab.ca\/elpopular\/?p=5659"},"modified":"2011-07-21T21:24:28","modified_gmt":"2011-07-22T01:24:28","slug":"paraguay-y-la-suerte","status":"publish","type":"post","link":"https:\/\/diarioelpopular.com\/index.php\/2011\/07\/21\/paraguay-y-la-suerte\/","title":{"rendered":"Paraguay y la suerte"},"content":{"rendered":"<div id=\"attachment_5660\" style=\"width: 710px\" class=\"wp-caption aligncenter\"><a href=\"http:\/\/retrolab.ca\/elpopular\/wp-content\/uploads\/2011\/07\/CELEBRACIONES-EN-PARAGUAY-TRAS-SU-PASO-A-LA-FINAL-DE-LA-COPA-AM\u00c9RICA.jpg\"><img loading=\"lazy\" decoding=\"async\" aria-describedby=\"caption-attachment-5660\" class=\"size-full wp-image-5660\" title=\"CELEBRACIONES EN PARAGUAY TRAS SU PASO A LA FINAL DE LA COPA AM\u00c9RICA\" src=\"http:\/\/retrolab.ca\/elpopular\/wp-content\/uploads\/2011\/07\/CELEBRACIONES-EN-PARAGUAY-TRAS-SU-PASO-A-LA-FINAL-DE-LA-COPA-AM\u00c9RICA.jpg\" alt=\"\" width=\"700\" height=\"420\" \/><\/a><p id=\"caption-attachment-5660\" class=\"wp-caption-text\">Cientos de personas celebraron en el Pante\u00f3n de los H\u00e9roes de Asunci\u00f3n el pase de la selecci\u00f3n paraguaya de f\u00fatbol a la final de la Copa Am\u00e9rica 2011, tras vencer a Venezuela en los cobros desde el punto penal (5-3). A los gritos de &quot;Albirroja&quot;, y arropados con camisetas y banderas con esa combinaci\u00f3n de colores, los aficionados se congregaron en la zona c\u00e9ntrica capitalina. Foto: Andr\u00e9s Cristaldo \/ Efe<\/p><\/div>\n<div id=\"attachment_5663\" style=\"width: 310px\" class=\"wp-caption alignright\"><a href=\"http:\/\/retrolab.ca\/elpopular\/wp-content\/uploads\/2011\/07\/Venezuela-tras-la-derrota-en-la-Copa-Am\u00e9rica.jpg\"><img loading=\"lazy\" decoding=\"async\" aria-describedby=\"caption-attachment-5663\" class=\"size-medium wp-image-5663\" title=\"Venezuela, tras la derrota en la Copa Am\u00e9rica\" src=\"http:\/\/retrolab.ca\/elpopular\/wp-content\/uploads\/2011\/07\/Venezuela-tras-la-derrota-en-la-Copa-Am\u00e9rica-300x215.jpg\" alt=\"\" width=\"300\" height=\"215\" \/><\/a><p id=\"caption-attachment-5663\" class=\"wp-caption-text\">Las primeras planas de los principales diarios venezolanos destacaron que la selecci\u00f3n &#039;vinotinto&#039; ofreci\u00f3 su mejor actuaci\u00f3n en la derrota contra el equipo paraguayo. Foto: David Fern\u00e1ndez \/ Efe<\/p><\/div>\n<p><em>Alfonso Gil. Buenos Aires.- <\/em>La selecci\u00f3n de Paraguay se ha clasificado para la final de la\u00a0Copa\u00a0Am\u00e9rica con un registro sin precedentes, el de haber sumado cinco empates en los cinco partidos disputados, adem\u00e1s de haber superado dos rondas desde el punto de penalti. Por ello, lleva colgado el cartel de equipo con suerte.<\/p>\n<p>&#8220;Culo&#8221;, dijo Gerardo Martino, el seleccionador argentino de Paraguay, al referirse a la suerte de su equipo ante Brasil. Tras la semifinal contra Venezuela fueron los jugadores los que se pronunciaron en la misma l\u00ednea.<\/p>\n<p>Paraguay hab\u00eda empatado sus dos de cuartos y semifinal a cero goles y en ambos sali\u00f3 victorioso en los penaltis. Tanto en uno como en otro encuentro, el rival fue superior. Los paraguayos nunca dejaron de admitirlo.<\/p>\n<p>En cualquier caso, el an\u00e1lisis sobre la suerte ha quedado ah\u00ed, en la que hubo a favor. No se han producido alusiones al respecto cuando el equipo recibi\u00f3 goles en el \u00faltimo minuto, tal y como le pas\u00f3 en una ocasi\u00f3n ante Brasil y en dos ante Venezuela.<\/p>\n<p>Hubo, m\u00e1s bien, autocr\u00edtica. A Martino pareci\u00f3 que le preocupaban m\u00e1s los errores propios y los motivos de la p\u00e9rdida de la ventaja conseguida que las justificaciones de lo ocurrido a partir del infortunio.<\/p>\n<p>Por lo que respecta al encuentro de semifinales ante Venezuela, el portero de la selecci\u00f3n, Justo Villar, uno de los h\u00e9roes del equipo en el torneo reconoci\u00f3 la fortuna que tuvieron.<\/p>\n<p>&#8220;No podemos llegar a la final y hacer lo mismo que hicimos en estos d\u00edas&#8221; dijo Villar, mientras que su compa\u00f1ero Roque Santa Cruz explic\u00f3 que a lo que hab\u00edan hecho, a la suerte y a la presi\u00f3n, deb\u00edan &#8220;agregarle f\u00fatbol&#8221;.<\/p>\n<p>El joven Iv\u00e1n Piris matiz\u00f3 el asunto. &#8220;En un torneo corto lo importante es ganar, no jugar bien. Si un equipo llega a una final es porque tiene alguna virtud&#8221;, dijo.<\/p>\n<p>Juan \u00c1ngel Napout, presidente de las Asociaci\u00f3n Paraguaya de F\u00fatbol (APF), destac\u00f3 tras la clasificaci\u00f3n para al final la felicidad de seis millones de paraguayos y record\u00f3 las veces en las que la tanda final les hab\u00eda castigado, tal y como ocurri\u00f3 en 1995 y 1999.<\/p>\n<p>Tambi\u00e9n matiz\u00f3 que la estructura de cada competici\u00f3n marca las necesidad del desempe\u00f1o de los equipos y record\u00f3 que cinco empates en las primeras cinco jornadas de las eliminatorias no le iban a servir a Paraguay, pero que en esta competici\u00f3n hab\u00edan sido suficientes.<\/p>\n<p>Martino, por su parte, descart\u00f3 que el equipo buscara intencionadamente los empates y se\u00f1al\u00f3 que eran \u00e9stos los que se le daban al equipo paraguayo.<\/p>\n<p>Paraguay inici\u00f3 el torneo con un empate sin goles contra Ecuador y a continuaci\u00f3n igual\u00f3 a dos con Brasil en un partido que perd\u00eda, pas\u00f3 a ganar y acab\u00f3 en igualada con un tanto en el minuto 88 de los brasile\u00f1os.<\/p>\n<p>Tras cobrar una ventaja de 3-1 ante Venezuela, en el \u00faltimo partido de la fase de grupos, los venezolanos empataron a tres al final del encuentro. En cuartos y semifinales, dos empates sin goles y los penaltis han llevado a Paraguay a una final en la que no est\u00e1 desde 1979.<\/p>\n<p>Con la final de este a\u00f1o, el equipo paraguayo trunca una racha de siete ediciones de la\u00a0Copa\u00a0Am\u00e9rica en las que oscil\u00f3 siempre entre la quinta y la d\u00e9cima posici\u00f3n en la tabla final del torneo.<\/p>\n<p>La selecci\u00f3n paraguaya ha recibido cr\u00edticas por los que consideran que su juego es mezquino. La situaci\u00f3n tiene otra lectura, la de la dificultad que existe para ganar a un equipo que tiene alternativas y que ha sabido avanzar en el torneo a partir de ser inaccesible.<\/p>\n<p>Paraguay puede avergonzarse de no haber sabido ganar. Paraguay puede presumir de que no dej\u00f3 que nadie le ganara.<\/p>\n","protected":false},"excerpt":{"rendered":"<p>La selecci\u00f3n de Paraguay se ha clasificado para la final de la Copa Am\u00e9rica con un registro sin precedentes, el de haber sumado cinco empates en los cinco partidos disputados, adem\u00e1s de haber superado dos rondas desde el punto de penalti. <\/p>\n","protected":false},"author":1,"featured_media":5660,"comment_status":"closed","ping_status":"open","sticky":false,"template":"","format":"standard","meta":{"footnotes":""},"categories":[28],"tags":[6506,179,1326],"class_list":["post-5659","post","type-post","status-publish","format-standard","has-post-thumbnail","hentry","category-deportes","tag-copa-america","tag-futbol-2","tag-paraguay"],"_links":{"self":[{"href":"https:\/\/diarioelpopular.com\/index.php\/wp-json\/wp\/v2\/posts\/5659","targetHints":{"allow":["GET"]}}],"collection":[{"href":"https:\/\/diarioelpopular.com\/index.php\/wp-json\/wp\/v2\/posts"}],"about":[{"href":"https:\/\/diarioelpopular.com\/index.php\/wp-json\/wp\/v2\/types\/post"}],"author":[{"embeddable":true,"href":"https:\/\/diarioelpopular.com\/index.php\/wp-json\/wp\/v2\/users\/1"}],"replies":[{"embeddable":true,"href":"https:\/\/diarioelpopular.com\/index.php\/wp-json\/wp\/v2\/comments?post=5659"}],"version-history":[{"count":0,"href":"https:\/\/diarioelpopular.com\/index.php\/wp-json\/wp\/v2\/posts\/5659\/revisions"}],"wp:featuredmedia":[{"embeddable":true,"href":"https:\/\/diarioelpopular.com\/index.php\/wp-json\/"}],"wp:attachment":[{"href":"https:\/\/diarioelpopular.com\/index.php\/wp-json\/wp\/v2\/media?parent=5659"}],"wp:term":[{"taxonomy":"category","embeddable":true,"href":"https:\/\/diarioelpopular.com\/index.php\/wp-json\/wp\/v2\/categories?post=5659"},{"taxonomy":"post_tag","embeddable":true,"href":"https:\/\/diarioelpopular.com\/index.php\/wp-json\/wp\/v2\/tags?post=5659"}],"curies":[{"name":"wp","href":"https:\/\/api.w.org\/{rel}","templated":true}]}}