{"id":5673,"date":"2011-07-21T21:00:42","date_gmt":"2011-07-22T01:00:42","guid":{"rendered":"http:\/\/retrolab.ca\/elpopular\/?p=5673"},"modified":"2011-07-21T21:00:42","modified_gmt":"2011-07-22T01:00:42","slug":"al-capitan-america-le-asusta-la-fama","status":"publish","type":"post","link":"https:\/\/diarioelpopular.com\/index.php\/2011\/07\/21\/al-capitan-america-le-asusta-la-fama\/","title":{"rendered":"Al &#8216;Capit\u00e1n Am\u00e9rica&#8217; le asusta la fama"},"content":{"rendered":"<div id=\"attachment_5674\" style=\"width: 710px\" class=\"wp-caption aligncenter\"><a href=\"http:\/\/retrolab.ca\/elpopular\/wp-content\/uploads\/2011\/07\/Captain-America-The-First-Avenger.jpg\"><img loading=\"lazy\" decoding=\"async\" aria-describedby=\"caption-attachment-5674\" class=\"size-full wp-image-5674\" title=\"Captain America: The First Avenger\" src=\"http:\/\/retrolab.ca\/elpopular\/wp-content\/uploads\/2011\/07\/Captain-America-The-First-Avenger.jpg\" alt=\"\" width=\"700\" height=\"420\" \/><\/a><p id=\"caption-attachment-5674\" class=\"wp-caption-text\">Fotograma donde aparece el actor Chris Evans, en el papel del Capit\u00e1n Am\u00e9rica junto a unos soldados Hydra, durante una escena de la pel\u00edcula &quot;Captain America: The First Avenger&quot;, que protagoniza los estrenos del fin de semana en Estados Unidos. Imagen: Jay Maidment \/ Paramount \/ Marvel Entertainment \/ Efe<\/p><\/div>\n<p><em>Antonio Mart\u00edn Guirado. Los \u00c1ngeles (EE UU).- <\/em>Chris Evans tem\u00eda perder su &#8220;privacidad&#8221; pero con el estreno en EE UU ma\u00f1ana de &#8220;Captain\u00a0America: The First Avenger&#8221;, y el contrato que ha firmado para encarnar a ese superh\u00e9roe en seis pel\u00edculas, su anonimato se ha acabado: &#8220;Estoy asustado, casi aterrorizado&#8221;, admiti\u00f3 en una entrevista con Efe.<\/p>\n<p>&#8220;Dije que &#8216;no&#8217; muchas veces a esta pel\u00edcula porque el compromiso daba miedo. Firm\u00e9 un contrato amplio con el que pod\u00eda perder mi privacidad&#8221;, explic\u00f3 el musculoso Evans, de 30 a\u00f1os, protagonista de t\u00edtulos como &#8220;Cellular&#8221; (2004), &#8220;Fantastic Four&#8221; (2005) o &#8220;Sunshine&#8221; (2007).<\/p>\n<p>Evans asegur\u00f3 que procura &#8220;no pensar mucho&#8221; en la fama y, aunque le preocupaba perder el anonimato y pas\u00f3 &#8220;muchos nervios&#8221;, acept\u00f3 esta aventura gracias al apoyo de su familia y amigos.<\/p>\n<p>&#8220;Perder la sensaci\u00f3n de anonimato era una de mis preocupaciones antes de embarcarme en el proyecto, pero mi familia y mis amigos impedir\u00e1n que mi cabeza se llene de p\u00e1jaros&#8221;, a\u00f1adi\u00f3.<\/p>\n<p>&#8220;Captain\u00a0America: The First Avenger&#8221;, dirigida por Joe Johnson y protagonizada por Evans, Hugo Weaving, Hayley Atwell, Tommy Lee Jones y Stanley Tucci, narra el nacimiento de uno de los superh\u00e9roes m\u00e1s queridos de la factor\u00eda Marvel y, sin duda, el m\u00e1s patri\u00f3tico de todos ellos.<\/p>\n<p>Es el a\u00f1o 1941 y el mundo se desmorona bajo el dominio nazi. Tras una serie de fallidos intentos de alistarse en el Ej\u00e9rcito, el estadounidense Steve Rogers (Evans), un joven escu\u00e1lido de 45 kilos, consigue ingresar en un programa experimental que lo convierte en un s\u00faper soldado, conocido como &#8220;Capit\u00e1n Am\u00e9rica&#8221;.<\/p>\n<p>&#8220;Me atrajo la idea de profundizar sobre qui\u00e9n es \u00e9l como un hombre normal&#8221;, coment\u00f3 el actor, para quien Rogers es &#8220;un tipo con una lista interminable de deficiencias f\u00edsicas que tiene un mill\u00f3n de razones para ser un amargado, pero no lo es&#8221;.<\/p>\n<p>&#8220;No permite que ese d\u00e9ficit le afecte a qui\u00e9n es; elige luchar por lo que quiere, hacer lo correcto cada d\u00eda y ser una buena persona. Eso es algo a lo que todos podemos aspirar&#8221;, declar\u00f3.<\/p>\n<p>Con su nuevo cuerpo musculoso y sus extraordinarias facultades f\u00edsicas, luchar\u00e1 contra la organizaci\u00f3n Hydra, la divisi\u00f3n cient\u00edfica de los nazis, liderada por Red Skull (Weaving).<\/p>\n<p>Aunque reconoce la fuerte dosis de patriotismo en la pel\u00edcula, Evans asegura que &#8220;no se trata de enarbolar la bandera americana y de diferenciarnos de otras naciones; habla sobre un personaje que es un buen hombre y que hace lo adecuado porque es lo que considera que debe hacer&#8221;.<\/p>\n<p>&#8220;Creo que esas cualidades se pueden encontrar en todos los pa\u00edses&#8221;, manifest\u00f3.<\/p>\n<p>El filme se centra en la primera etapa del universo Marvel, al que m\u00e1s tarde se incorporar\u00e1n superh\u00e9roes como Iron Man, Hulk y Thor, personajes que se ver\u00e1n reunidos en &#8220;The Avengers&#8221;, en rodaje actualmente y cuyo estreno est\u00e1 programado para mayo de 2012.<\/p>\n<p>&#8220;Est\u00e1 siendo genial&#8221;, reconoci\u00f3 Evans. &#8220;Ser\u00e1 una pel\u00edcula fant\u00e1stica y con un reparto incre\u00edble. Joss Whedon (director y guionista de la cinta) lo lleva bien y eso que no lo tiene nada f\u00e1cil. Es una congregaci\u00f3n de superh\u00e9roes y quiere que todos tengan protagonismo&#8221;, apunt\u00f3.<\/p>\n<p>Mucho ha llovido desde que un imberbe Evans, entonces de 20 a\u00f1os, protagonizase &#8220;Not Another Teen Movie&#8221;, donde se dio a conocer como talento c\u00f3mico.<\/p>\n<p>Desde su infancia supo que quer\u00eda ser artista, tal vez animador, pero a los 13 a\u00f1os comenz\u00f3 a hacer teatro y a los 18 sab\u00eda que el cine ser\u00eda su pasi\u00f3n, se\u00f1al\u00f3.<\/p>\n<p>&#8220;Si me llegan a decir hace 10 a\u00f1os que ser\u00eda el Capit\u00e1n Am\u00e9rica, me hubiera parecido imposible&#8221;, reflexion\u00f3 el actor, que reconoci\u00f3 que de ni\u00f1o nunca le\u00eda c\u00f3mics y que, por tanto, nunca fue un gran admirador del personaje.<\/p>\n<p>Por ahora, Evans no tiene m\u00e1s proyectos que los relacionados con el superh\u00e9roe, cuyo primer filme medir\u00e1 las opciones de \u00e9xito de la franquicia.<\/p>\n<p>&#8220;Ciertamente hay una gran presi\u00f3n sobre mis hombros pero ser\u00eda mucho m\u00e1s dif\u00edcil de llevar si no estuviera tan orgulloso del producto final&#8221;, sostuvo. &#8220;No hay una f\u00f3rmula m\u00e1gica para fabricar un \u00e9xito de taquilla. Solo podemos cruzar los dedos&#8221;, concluy\u00f3.<\/p>\n<p><a href=\"http:\/\/retrolab.ca\/elpopular\/wp-content\/uploads\/2011\/07\/cine-estrenos.jpg\"><img loading=\"lazy\" decoding=\"async\" class=\"aligncenter size-full wp-image-5677\" title=\"cine estrenos\" src=\"http:\/\/retrolab.ca\/elpopular\/wp-content\/uploads\/2011\/07\/cine-estrenos.jpg\" alt=\"\" width=\"500\" height=\"417\" \/><\/a><\/p>\n","protected":false},"excerpt":{"rendered":"<p>Chris Evans tem\u00eda perder su &#8220;privacidad&#8221; pero con el estreno en EE UU ma\u00f1ana de &#8220;Captain America: The First Avenger&#8221;, y el contrato que ha firmado para encarnar a ese superh\u00e9roe en seis pel\u00edculas, su anonimato se ha acabado: &#8220;Estoy asustado, casi aterrorizado&#8221;, admiti\u00f3.<\/p>\n","protected":false},"author":1,"featured_media":5674,"comment_status":"closed","ping_status":"open","sticky":false,"template":"","format":"standard","meta":{"footnotes":""},"categories":[80],"tags":[6900,6901,6902,1905],"class_list":["post-5673","post","type-post","status-publish","format-standard","has-post-thumbnail","hentry","category-cine-2","tag-capitan-america","tag-captain-america-the-first-avenger","tag-chris-evans","tag-marvel"],"_links":{"self":[{"href":"https:\/\/diarioelpopular.com\/index.php\/wp-json\/wp\/v2\/posts\/5673","targetHints":{"allow":["GET"]}}],"collection":[{"href":"https:\/\/diarioelpopular.com\/index.php\/wp-json\/wp\/v2\/posts"}],"about":[{"href":"https:\/\/diarioelpopular.com\/index.php\/wp-json\/wp\/v2\/types\/post"}],"author":[{"embeddable":true,"href":"https:\/\/diarioelpopular.com\/index.php\/wp-json\/wp\/v2\/users\/1"}],"replies":[{"embeddable":true,"href":"https:\/\/diarioelpopular.com\/index.php\/wp-json\/wp\/v2\/comments?post=5673"}],"version-history":[{"count":0,"href":"https:\/\/diarioelpopular.com\/index.php\/wp-json\/wp\/v2\/posts\/5673\/revisions"}],"wp:featuredmedia":[{"embeddable":true,"href":"https:\/\/diarioelpopular.com\/index.php\/wp-json\/"}],"wp:attachment":[{"href":"https:\/\/diarioelpopular.com\/index.php\/wp-json\/wp\/v2\/media?parent=5673"}],"wp:term":[{"taxonomy":"category","embeddable":true,"href":"https:\/\/diarioelpopular.com\/index.php\/wp-json\/wp\/v2\/categories?post=5673"},{"taxonomy":"post_tag","embeddable":true,"href":"https:\/\/diarioelpopular.com\/index.php\/wp-json\/wp\/v2\/tags?post=5673"}],"curies":[{"name":"wp","href":"https:\/\/api.w.org\/{rel}","templated":true}]}}