{"id":5725,"date":"2011-07-23T00:40:50","date_gmt":"2011-07-23T04:40:50","guid":{"rendered":"http:\/\/retrolab.ca\/elpopular\/?p=5725"},"modified":"2011-07-23T00:40:50","modified_gmt":"2011-07-23T04:40:50","slug":"mas-de-80-muertos-en-un-doble-atentado-en-noruega","status":"publish","type":"post","link":"https:\/\/diarioelpopular.com\/index.php\/2011\/07\/23\/mas-de-80-muertos-en-un-doble-atentado-en-noruega\/","title":{"rendered":"M\u00e1s de 90 muertos en el doble atentado de Noruega"},"content":{"rendered":"<div id=\"attachment_5726\" style=\"width: 710px\" class=\"wp-caption aligncenter\"><a href=\"http:\/\/retrolab.ca\/elpopular\/wp-content\/uploads\/2011\/07\/Doble-atentado-en-Noruega.jpg\"><img loading=\"lazy\" decoding=\"async\" aria-describedby=\"caption-attachment-5726\" class=\"size-full wp-image-5726\" title=\"Doble atentado en Noruega\" src=\"http:\/\/retrolab.ca\/elpopular\/wp-content\/uploads\/2011\/07\/Doble-atentado-en-Noruega.jpg\" alt=\"\" width=\"700\" height=\"420\" \/><\/a><p id=\"caption-attachment-5726\" class=\"wp-caption-text\">Un hombre ayuda a una mujer herida en el lugar de la explosi\u00f3n de un coche bomba, en el complejo gubernamental de Oslo. Foto: Morten Holm \/ Efe<\/p><\/div>\n<p><em>Efe. Berl\u00edn \/ Toronto.-<\/em> El doble atentado perpetrado este viernes en Oslo y en la vecina isla de Ut\u00f8ya adopt\u00f3 dimensiones de tragedia nacional, con al menos 91 muertos, cuyo presunto responsable es un noruego de 32 a\u00f1os con tendencias ultraderechistas e islam\u00f3fobas.<\/p>\n<p>Para el primer ministro noruego, Jens Stoltenberg, lo ocurrido en el campamento juvenil de las juventudes socialdem\u00f3cratas -donde el n\u00famero de v\u00edctimas mortales se sit\u00faa ya en 84, a sumar a las siete de la capital- es la &#8220;peor tragedia desde la II Guerra Mundial&#8221;.<\/p>\n<p>Ah\u00ed lleg\u00f3 el presunto agresor la tarde del viernes, con uniforme de la polic\u00eda. Centenares de j\u00f3venes de entre 14 y 17 a\u00f1os participaban en actividades festivas, a la espera de la anunciada visita, este s\u00e1bado, del primer ministro y l\u00edder del partido.<\/p>\n<p>&#8220;Fue un ataque al para\u00edso de mi juventud, convertido ahora en un infierno&#8221;, describi\u00f3 Stoltenberg, emocionado, ante la tragedia ocurrida en el lugar donde \u00e9l mismo hab\u00eda participado en campamentos juveniles y donde le esperaban ahora correligionarios y amigos.<\/p>\n<p>El ataque en la isla ocurri\u00f3 sobre las 15.30 GMT, unas dos horas despu\u00e9s del atentado con coche bomba en el complejo gubernamental de Oslo.<a name=\"video\"><\/a><br \/>\n&nbsp;<br \/>\n&nbsp;<\/p>\n<p>&nbsp;<br \/>\n&nbsp;<br \/>\nEl ministro de Justicia, Knut Storberget, junto a Stoltenberg, confirm\u00f3 las informaciones avanzadas por la polic\u00eda, seg\u00fan las cuales el presunto autor de la matanza es un noruego de 32 a\u00f1os con contactos con la ultraderecha.<\/p>\n<p>El sospechoso, identificado por medios noruegos como Anders Behring Breivik, actu\u00f3 al parecer en solitario en la isla, aunque la polic\u00eda no descarta que tenga c\u00f3mplices.<\/p>\n<p>Ten\u00eda &#8220;opiniones hostiles al islam&#8221;, como revel\u00f3 un registro en su casa, donde la polic\u00eda encontr\u00f3 varios mensajes colgados en internet con contenidos ultraderechistas y antimusulmanes.<\/p>\n<p>En medios noruegos se le describe como un fundamentalista cristiano con conexiones en redes mas\u00f3nicas, aspectos \u00e9stos no confirmados por la polic\u00eda.<\/p>\n<p>Seg\u00fan testigos, se identific\u00f3 como polic\u00eda para ingresar en el campamento y argument\u00f3 que iba a supervisar su seguridad.<\/p>\n<p>Inmediatamente despu\u00e9s estall\u00f3 la tragedia, al disparar a discreci\u00f3n aparentemente con dos armas mientras el p\u00e1nico se adue\u00f1aba de los presentes.<br \/>\n&nbsp;<br \/>\n&nbsp;<\/p>\n<p>&nbsp;<br \/>\n&nbsp;<br \/>\nLa matanza de la isla, calificada de &#8220;tragedia inconmensurable&#8221; por el rey Harald de Noruega, ocurri\u00f3 sobre las 15.30 GMT, apenas dos horas despu\u00e9s del atentado con coche bomba en el complejo gubernamental de Oslo.<\/p>\n<p>Para entonces, en los medios noruegos se suced\u00edan las im\u00e1genes con escenas de caos en la capital, con personas heridas tendidas en las aceras, entre ambulancias y equipos sanitarios.<\/p>\n<p>La polic\u00eda parte de la hip\u00f3tesis de que el sospechoso se desplaz\u00f3 de la capital a la isla, a unos 40 kil\u00f3metros de Oslo, tras haber activado el coche bomba, pero no descarta otras posibilidades.<\/p>\n<p>Hasta ahora no se conocen detalles sobre c\u00f3mo pudo perpetrar semejante matanza en la isla un hombre solo ni si cont\u00f3 con c\u00f3mplices para el atentado en la capital.<\/p>\n<p>En el momento de la matanza se encontraban en esas colonias socialdem\u00f3cratas unas 560 personas.<\/p>\n<p>Seg\u00fan relataban testigos, algunos de ellos lograron ponerse a salvo en botes que navegaban por el fiordo, pero se teme que otros no lograran su objetivo y aumente el n\u00famero de v\u00edctimas.<\/p>\n<p>Las primeras informaciones sobre lo ocurrido en la isla se produjeron mientras las televisiones noruegas difund\u00edan im\u00e1genes del atentado en la capital, con escenas de personas ensangrentadas.<\/p>\n<p>La potente detonaci\u00f3n hab\u00eda causado graves destrozos en cuatro edificios gubernamentales y otros inmuebles vecinos y la polic\u00eda proced\u00eda a evacuar la estaci\u00f3n central de ferrocarril, centros comerciales y redacciones de los principales medios del pa\u00eds.<\/p>\n<p>A partir de ah\u00ed, las informaciones sobre ambos atentados se solaparon durante horas, en medio de una gran confusi\u00f3n.<\/p>\n<p>Si inicialmente toda la atenci\u00f3n se concentr\u00f3 en la capital, de la que llegaban im\u00e1genes de edificios destrozados y ciudadanos heridos, a medida que avanzaban las horas se traslad\u00f3 a la isla, donde finalmente se confirm\u00f3 la matanza de dimensiones catastr\u00f3ficas que ha sacudido a toda Noruega.<\/p>\n<div id=\"attachment_5759\" style=\"width: 310px\" class=\"wp-caption alignright\"><a href=\"http:\/\/retrolab.ca\/elpopular\/wp-content\/uploads\/2011\/07\/Atentado-en-Oslo.jpg\"><img loading=\"lazy\" decoding=\"async\" aria-describedby=\"caption-attachment-5759\" class=\"size-medium wp-image-5759\" title=\"Atentado en Oslo\" src=\"http:\/\/retrolab.ca\/elpopular\/wp-content\/uploads\/2011\/07\/Atentado-en-Oslo-300x180.jpg\" alt=\"\" width=\"300\" height=\"180\" \/><\/a><p id=\"caption-attachment-5759\" class=\"wp-caption-text\">Dos mujeres corren entre los escombros causados por las explosiones. Foto: Homas Winje Oijord \/ Efe<\/p><\/div>\n<p><a name=\"solidaridad\"><\/a><strong>Solidaridad del Gobierno canadiense<\/strong><\/p>\n<p>El primer ministro canadiense, Stephen Harper, afirm\u00f3 sentirse &#8220;horrorizado&#8221; por los ataques terroristas de Oslo y Ut\u00f8ya y expres\u00f3 su condena por &#8220;estos actos b\u00e1rbaros y sin sentido&#8221;.<\/p>\n<p>&#8220;Cuando me enter\u00e9 de los ataques hoy en Oslo y Ut\u00f8ya me qued\u00e9 horrorizado y profundamente entristecido&#8221;, afirm\u00f3 Harper a trav\u00e9s de un comunicado.<\/p>\n<p>&#8220;Lamentamos profundamente la p\u00e9rdida de vidas y las lesiones causadas por la explosi\u00f3n que ocurri\u00f3 hoy en los edificios gubernamentales, donde est\u00e1n localizados la oficina del primer ministro y otros departamentos oficiales&#8221;, a\u00f1adi\u00f3.<\/p>\n<p>&#8220;Canad\u00e1 condena estos actos b\u00e1rbaros y sin sentido de violencia. Nuestros pensamientos y oraciones van dirigidos a las v\u00edctimas, testigos y todos aquellos afectados por estos ataques&#8221;, continu\u00f3 el primer ministro canadiense.<\/p>\n<p>En su comunicado, Harper se\u00f1al\u00f3 que &#8220;Canad\u00e1 apoya a\u00a0Noruega\u00a0en este tr\u00e1gico d\u00eda&#8221;.<\/p>\n","protected":false},"excerpt":{"rendered":"<p>El doble atentado perpetrado en Oslo y en la vecina isla de Ut\u00f8ya adopt\u00f3 dimensiones de tragedia nacional, con al menos 91 muertos. El presunto responsable es un noruego de 32 a\u00f1os con tendencias ultraderechistas e islam\u00f3fobas.<br \/>\n<a title=\"Solidaridad del Gobierno canadiense\" rel=\"bookmark\" href=\"http:\/\/retrolab.ca\/elpopular\/2011\/07\/mas-de-80-muertos-en-un-doble-atentado-en-noruega\/#solidaridad\"><span style=\"color: #000D54\">\u00bb Solidaridad del Gobierno canadiense<\/span><\/a><br \/>\n<a href=\"http:\/\/retrolab.ca\/elpopular\/2011\/07\/mas-de-80-muertos-en-un-doble-atentado-en-noruega\/#video\"><strong><span style=\"color: #000080\">\u00bb VIDEO<\/span><\/strong><\/a><\/p>\n","protected":false},"author":1,"featured_media":5759,"comment_status":"closed","ping_status":"open","sticky":false,"template":"","format":"standard","meta":{"footnotes":""},"categories":[24],"tags":[439,1475,1476,1477,6915,6916],"class_list":["post-5725","post","type-post","status-publish","format-standard","has-post-thumbnail","hentry","category-mundo","tag-atentado","tag-noruega","tag-oslo","tag-tragedia-en-noruega","tag-utoya"],"_links":{"self":[{"href":"https:\/\/diarioelpopular.com\/index.php\/wp-json\/wp\/v2\/posts\/5725","targetHints":{"allow":["GET"]}}],"collection":[{"href":"https:\/\/diarioelpopular.com\/index.php\/wp-json\/wp\/v2\/posts"}],"about":[{"href":"https:\/\/diarioelpopular.com\/index.php\/wp-json\/wp\/v2\/types\/post"}],"author":[{"embeddable":true,"href":"https:\/\/diarioelpopular.com\/index.php\/wp-json\/wp\/v2\/users\/1"}],"replies":[{"embeddable":true,"href":"https:\/\/diarioelpopular.com\/index.php\/wp-json\/wp\/v2\/comments?post=5725"}],"version-history":[{"count":0,"href":"https:\/\/diarioelpopular.com\/index.php\/wp-json\/wp\/v2\/posts\/5725\/revisions"}],"wp:featuredmedia":[{"embeddable":true,"href":"https:\/\/diarioelpopular.com\/index.php\/wp-json\/"}],"wp:attachment":[{"href":"https:\/\/diarioelpopular.com\/index.php\/wp-json\/wp\/v2\/media?parent=5725"}],"wp:term":[{"taxonomy":"category","embeddable":true,"href":"https:\/\/diarioelpopular.com\/index.php\/wp-json\/wp\/v2\/categories?post=5725"},{"taxonomy":"post_tag","embeddable":true,"href":"https:\/\/diarioelpopular.com\/index.php\/wp-json\/wp\/v2\/tags?post=5725"}],"curies":[{"name":"wp","href":"https:\/\/api.w.org\/{rel}","templated":true}]}}