{"id":5779,"date":"2011-07-23T16:44:38","date_gmt":"2011-07-23T20:44:38","guid":{"rendered":"http:\/\/retrolab.ca\/elpopular\/?p=5779"},"modified":"2011-07-23T16:44:38","modified_gmt":"2011-07-23T20:44:38","slug":"cadel-evans-le-quita-a-schleck-el-trono-del-tour","status":"publish","type":"post","link":"https:\/\/diarioelpopular.com\/index.php\/2011\/07\/23\/cadel-evans-le-quita-a-schleck-el-trono-del-tour\/","title":{"rendered":"Cadel Evans le quita a Schleck el trono del Tour"},"content":{"rendered":"<div id=\"attachment_5780\" style=\"width: 710px\" class=\"wp-caption aligncenter\"><a href=\"http:\/\/retrolab.ca\/elpopular\/wp-content\/uploads\/2011\/07\/Cadel-Evans-Tour-de-Francia-Grenoble.jpg\"><img loading=\"lazy\" decoding=\"async\" aria-describedby=\"caption-attachment-5780\" class=\"size-full wp-image-5780\" title=\"Cadel Evans, Tour de Francia, Grenoble\" src=\"http:\/\/retrolab.ca\/elpopular\/wp-content\/uploads\/2011\/07\/Cadel-Evans-Tour-de-Francia-Grenoble.jpg\" alt=\"\" width=\"700\" height=\"420\" \/><\/a><p id=\"caption-attachment-5780\" class=\"wp-caption-text\">El ciclista australiano Cadel Evans corre hacia la meta durante la contrarreloj en la 20\u00aa etapa del Tour de Francia alrededor de Grenoble. Evans consigui\u00f3 el maillot amarillo de l\u00edder de la general. Foto: Ian Langsdon \/ Efe<\/p><\/div>\n<p><em>Carlos de Torres. Grenoble (Francia).-<\/em> El australiano Cadel Evans (BMC) se ha proclamado vencedor virtual del\u00a0Tour\u00a0de Francia al superar con autoridad en la decisiva contrarreloj de Grenoble, disputada sobre 42 kil\u00f3metros, al luxemburgu\u00e9s Andy Schleck (Leopard), en una jornada cuyo triunfo fue para el alem\u00e1n Tony Martin (HTC) y Alberto Contador alcanz\u00f3 un tercer puesto que le situ\u00f3 quinto de la general.<\/p>\n<p>Tony Martin, el &#8220;tanque&#8221; de 26 a\u00f1os de la escuadra americana, repiti\u00f3 en el\u00a0Tour\u00a0la victoria que obtuvo en el mismo recorrido en la pasada Dauphin\u00e9 Liber\u00e9. Fue el m\u00e1s r\u00e1pido de principio a fin y marc\u00f3 en meta 55.33 minutos, a una media de 41,5 por hora. Super\u00f3 en 7 segundos a Evans y en 1.06 a Contador.<\/p>\n<p>Con este resultado Evans, de 34 a\u00f1os, se convertir\u00e1 en el primer australiano que pone su nombre en el palmar\u00e9s del\u00a0Tour. Fue devastador en su duelo con el menor de los Schleck, a quien el maillot amarillo le puso alas, pero de plomo. Andy parti\u00f3 con una ventaja de 57 segundos y en meta cedi\u00f3 2.31 respecto a su rival directo.<\/p>\n<p>No hubo color. El campe\u00f3n mundial de 2009 impuso su superioridad contrarreloj. Poco despu\u00e9s del kil\u00f3metro 15 ya era virtual maillot amarillo y sus prestaciones iban en aumento sobre un recorrido exigente, para corredores de fuerza, que inclu\u00eda dos cotas. Esta vez gan\u00f3 la gran final. No le ocurri\u00f3 lo mismo que en 2007 y 2008, cuando Contador y Sastre le cerraron el paso al primer escal\u00f3n del podio de Par\u00eds en etapas cronometradas.<\/p>\n<p>Por contra, Andy Schleck, mucho m\u00e1s joven, 26 a\u00f1os, perdi\u00f3 el\u00a0Tour\u00a0de nuevo en el \u00faltimo suspiro. Tres veces segundo en cuatro participaciones. Es el &#8220;Poulidor&#8221; de la era moderna, cargado de trofeos de mejor joven de la carrera francesa, pero de momento privado del salto de calidad.<\/p>\n<p>Enemigo natural de Alberto Contador, no ha aprovechado las horas bajas del ciclista espa\u00f1ol. Se encontr\u00f3 con Evans a un paso de Par\u00eds y no super\u00f3 su \u00ednfimo nivel en la lucha contra el crono. Un punto a mejorar si alg\u00fan d\u00eda quiere cumplir el sue\u00f1o que persigue el l\u00edder del Leopard.<\/p>\n<p>Tampoco estuvo a la altura su hermano Frank, pero al menos el podio quedar\u00e1 muy familiar, ya que conserv\u00f3 la tercera plaza. El franc\u00e9s Thomas Voeckler (Europcar) acabar\u00e1 cuarto, en un\u00a0Tour\u00a0inolvidable, en el que ha estado 10 d\u00edas de amarillo.<\/p>\n<p>Alberto Contador conoci\u00f3 la parte ingrata de los campeones. De la miel de seis triunfos seguidos en grandes vueltas, 3 Tours, 2 Giros y 1 Vuelta, a la hiel de un quinto puesto que le deja indiferente. &#8220;Vine a ganar&#8221;, dijo.<\/p>\n<p>No obstante, aparte de felicitar a Evans &#8220;como un justo y digno vencedor&#8221;, el ganador del \u00faltimo Giro hizo un balance positivo &#8220;de un a\u00f1o dif\u00edcil&#8221;, en el que ha competido bajo la presi\u00f3n de su asunto pendiente en el TAS por el positivo en el pasado\u00a0Tour.<\/p>\n<p>Menci\u00f3n especial para otro espa\u00f1ol, Samuel S\u00e1nchez (Euskaltel), s\u00e9ptimo en la contrarreloj, por delante del campe\u00f3n ol\u00edmpico y mundial de la especialidad, el suizo Fabian Cancellara, que no es poco. Fue cuarto en 2010 y ahora acaba dos puestos por debajo, pero ser\u00e1 el \u00fanico espa\u00f1ol que suba al podio, como rey de la monta\u00f1a. Un premio para el m\u00e1s regular en las cumbres. Se llev\u00f3 la etapa de Luz Ardiden y fue segundo en Plateau de Beille y Alpe D&#8217;Huez.<\/p>\n<p>La fiesta final se vivir\u00e1 este domingo en los Campos El\u00edseos. Fiesta en honor de Evans, un hombre comedido, de car\u00e1cter independiente, huidizo del espect\u00e1culo dentro y fuera de la carretera. Seg\u00fan su padre, muy tozudo. &#8220;Sab\u00eda que no iba a parar hasta que ganara el\u00a0Tour&#8221;, dice. Fue quien le puso el nombre de Cadel, en honor de un guerrero gal\u00e9s, pa\u00eds originario de sus ascendientes.<\/p>\n<p>Formado en la especialidad de bicicleta de monta\u00f1a, en la que consigui\u00f3 dos t\u00edtulos de la Copa del Mundo, Evans prepar\u00f3 a conciencia este\u00a0Tour. Por ejemplo, estudi\u00f3 la contrarreloj de Grenoble ante la posibilidad de que por all\u00ed pasar\u00e1 la oportunidad de su vida. Pas\u00f3 y la cogi\u00f3 al vuelo. Ser\u00e1 el sucesor de Alberto Contador y cortar\u00e1 la racha de cinco victorias espa\u00f1olas consecutivas.<\/p>\n<p>El\u00a0Tour\u00a0se clausura este domingo en Par\u00eds con la vig\u00e9sima etapa, entre Cret\u00e9il y la capital francesa, con un recorrido de 95 kil\u00f3metros que ser\u00e1n un homenaje al vencedor.<\/p>\n","protected":false},"excerpt":{"rendered":"<p>El australiano Cadel Evans se proclam\u00f3 vencedor virtual del Tour de Francia al superar con autoridad en la decisiva contrarreloj de Grenoble al luxemburgu\u00e9s Andy Schleck, en una jornada cuyo triunfo fue para el alem\u00e1n Tony Martin y Alberto Contador alcanz\u00f3 un tercer puesto que le situ\u00f3 quinto de la general.<\/p>\n","protected":false},"author":1,"featured_media":5780,"comment_status":"closed","ping_status":"open","sticky":false,"template":"","format":"standard","meta":{"footnotes":""},"categories":[28],"tags":[6922,1215,1481],"class_list":["post-5779","post","type-post","status-publish","format-standard","has-post-thumbnail","hentry","category-deportes","tag-cadel-evans","tag-ciclismo","tag-tour"],"_links":{"self":[{"href":"https:\/\/diarioelpopular.com\/index.php\/wp-json\/wp\/v2\/posts\/5779","targetHints":{"allow":["GET"]}}],"collection":[{"href":"https:\/\/diarioelpopular.com\/index.php\/wp-json\/wp\/v2\/posts"}],"about":[{"href":"https:\/\/diarioelpopular.com\/index.php\/wp-json\/wp\/v2\/types\/post"}],"author":[{"embeddable":true,"href":"https:\/\/diarioelpopular.com\/index.php\/wp-json\/wp\/v2\/users\/1"}],"replies":[{"embeddable":true,"href":"https:\/\/diarioelpopular.com\/index.php\/wp-json\/wp\/v2\/comments?post=5779"}],"version-history":[{"count":0,"href":"https:\/\/diarioelpopular.com\/index.php\/wp-json\/wp\/v2\/posts\/5779\/revisions"}],"wp:featuredmedia":[{"embeddable":true,"href":"https:\/\/diarioelpopular.com\/index.php\/wp-json\/"}],"wp:attachment":[{"href":"https:\/\/diarioelpopular.com\/index.php\/wp-json\/wp\/v2\/media?parent=5779"}],"wp:term":[{"taxonomy":"category","embeddable":true,"href":"https:\/\/diarioelpopular.com\/index.php\/wp-json\/wp\/v2\/categories?post=5779"},{"taxonomy":"post_tag","embeddable":true,"href":"https:\/\/diarioelpopular.com\/index.php\/wp-json\/wp\/v2\/tags?post=5779"}],"curies":[{"name":"wp","href":"https:\/\/api.w.org\/{rel}","templated":true}]}}