{"id":5819,"date":"2011-07-24T19:31:51","date_gmt":"2011-07-24T23:31:51","guid":{"rendered":"http:\/\/retrolab.ca\/elpopular\/?p=5819"},"modified":"2011-07-24T19:31:51","modified_gmt":"2011-07-24T23:31:51","slug":"uruguay-conquista-la-copa-america","status":"publish","type":"post","link":"https:\/\/diarioelpopular.com\/index.php\/2011\/07\/24\/uruguay-conquista-la-copa-america\/","title":{"rendered":"Uruguay conquista la Copa Am\u00e9rica"},"content":{"rendered":"<div id=\"attachment_5820\" style=\"width: 710px\" class=\"wp-caption aligncenter\"><a href=\"http:\/\/retrolab.ca\/elpopular\/wp-content\/uploads\/2011\/07\/Uruguay-campe\u00f3n-de-la-Copa-Am\u00e9rica.jpeg\"><img loading=\"lazy\" decoding=\"async\" aria-describedby=\"caption-attachment-5820\" class=\"size-full wp-image-5820\" title=\"Uruguay, campe\u00f3n de la Copa Am\u00e9rica\" src=\"http:\/\/retrolab.ca\/elpopular\/wp-content\/uploads\/2011\/07\/Uruguay-campe\u00f3n-de-la-Copa-Am\u00e9rica.jpeg\" alt=\"\" width=\"700\" height=\"420\" \/><\/a><p id=\"caption-attachment-5820\" class=\"wp-caption-text\">El jugador uruguayo Diego Forl\u00e1n sostiene la Copa Am\u00e9rica 2011. Foto: Leo La Valle \/ Efe<\/p><\/div>\n<p><em>Luis Villarejo. Buenos Aires.- <\/em>Luis Su\u00e1rez y Diego Forl\u00e1n llevaron a\u00a0Uruguay\u00a0a su decimoquinto t\u00edtulo de la Copa Am\u00e9rica, una gesta de r\u00e9cord que supera ya a Argentina en el palmar\u00e9s, en una final que gan\u00f3 con autoridad a\u00a0Paraguay.<\/p>\n<p>Uruguay\u00a0siempre tuvo un plan en la Copa Am\u00e9rica. Fue con diferencia el mejor equipo del torneo. Sabe el maestro Tab\u00e1rez que no dispone de grandes arquitectos en su centro del campo. As\u00ed que recurre al tes\u00f3n del &#8216;ruso&#8217; P\u00e9rez, de Ar\u00e9valo R\u00edos y al empuje de Alvaro Pereira, desde la izquierda.<\/p>\n<p>Voltios de energ\u00eda para que Diego Forl\u00e1n y Luis Su\u00e1rez amenicen los partidos, con su talento, su chispa. Intergran Forl\u00e1n y Luis Su\u00e1rez una dupla extraordinaria. Sin duda, de lo mejor del mercado mundial.<\/p>\n<p>Y a ellos apel\u00f3\u00a0Uruguay\u00a0una vez m\u00e1s. Forl\u00e1n, desde su nuevo sitio, m\u00e1s retrasado, pero con hambre de gol. Y Luis Su\u00e1rez, espectacular, cayendo a la banda derecha, y dando mucho trabajo a Marecos, a Silva y a Ver\u00f3n en la zaga paraguaya.<\/p>\n<p>Uruguay\u00a0sali\u00f3 lanzado. Fue a por el trofeo desde el minuto uno. Quiso resolver cuanto antes. Desde el primer remate de Diego Lugano, de cabeza, con penalti por mano de Ortigoza no pitado, a los dos minutos, a un carrusel de ocasiones que acabaron en los goles. El primero de Luis Su\u00e1rez, h\u00e1bil en el \u00e1rea, y el segundo de Forl\u00e1n, con un zurdazo, marca de la casa, que dej\u00f3 helado a Justo Villar.<\/p>\n<p>De\u00a0Paraguay\u00a0no hubo noticias. Ya tuvo mucha suerte con su pase a las semifinales. Hizo sus deberes al ganar a Brasil en cuartos. Justo Villar hoy poco pudo hacer ante el vendaval de\u00a0Uruguay, m\u00e1s equipo, m\u00e1s trabajado y con mayor verticalidad.<\/p>\n<p>Lo \u00fanico potable en\u00a0Paraguay\u00a0fue el car\u00e1cter de Haedo Valdez. Siempre dio la cara. Un tipo que es capaz de marcar dos goles en el Camp Nou al FC Barcelona no pod\u00eda pasar inadvertido. Intent\u00f3 un gol escorado, uno que s\u00ed hicieron Cruyff y Van Basten en su d\u00eda, pero no lleg\u00f3 bien la pelota al portal de Muslera.<\/p>\n<p>El meta uruguayo, por cierto, fue el espectador privilegiado en el primer tiempo. Lo vio todo en primera fila, sin agobios. Con el &#8216;soy celeste, soy celeste&#8217; de alegr\u00eda en las gradas del Monumental de River Plate se lleg\u00f3 al descanso.<\/p>\n<p>En el segundo tiempo,\u00a0Paraguay\u00a0fue a por todas. Piris y Zeballos entraron por la banda derecha. Apret\u00f3 un poco m\u00e1s la selecci\u00f3n que dirige Gerardo Martino. Haedo Valdez mand\u00f3 un bal\u00f3n al larguero, rozado por Muslera, y tuvo sus minutos de dominio.<\/p>\n<p>Martino puso a Estigarribia en el campo. El interior zurdo de Newell&#8217;s ha sido de lo mejor del torneo. Sin embargo, se cay\u00f3 por sorpresa en los \u00faltimos compromisos del once inicial. Martino sac\u00f3 todo lo que ten\u00eda en el banquillo, incluido Lucas Barrios.<\/p>\n<p>Uruguay\u00a0sabe, por historia, que las finales no se juegan, se ganan. Hizo su partido en el segundo tramo. Con m\u00e1s ajustes defensivos, m\u00e1s pendientes de no perder el control y saliendo a la contra. Pudo hacer el tercero incluso Luis Su\u00e1rez.<\/p>\n<p>Gan\u00f3 el equipo m\u00e1s querido. El m\u00e1s cercano a la gente. Un grupo que adivina el trabajo de un pa\u00eds que con s\u00f3lo tres millones de habitantes es capaz de pintar la cara a los m\u00e1s grandes. Es la confirmaci\u00f3n de un proyecto serio. Con la sub&#8217;17 uruguaya en la final del Mundial.<\/p>\n<p>Con el cuarto puesto en el pasado Mundial de Sud\u00e1frica, la nominaci\u00f3n de Forl\u00e1n como mejor jugador. Algo pasa en\u00a0Uruguay. Algo ocurre en sus despachos y en la direcci\u00f3n de Oscar Washington Tab\u00e1rez. El modelo funciona.<\/p>\n<p><strong>Ficha t\u00e9cnica:<\/strong><\/p>\n<ul>\n<li><strong>2 &#8211;\u00a0Uruguay:<\/strong> Muslera; Maximiliano Pereira, Lugano, Coates, Mart\u00edn C\u00e1ceres (God\u00edn, m.88); Alvaro Gonz\u00e1lez, Diego P\u00e9rez (Eguren, m.79), Ar\u00e9valo R\u00edos, \u00c1lvaro Pereira (Cavani, m.63); Forl\u00e1n y Luis Su\u00e1rez.<\/li>\n<li><strong>0 &#8211;\u00a0Paraguay:<\/strong> Justo Villar; Piris, Ver\u00f3n, Da Silva, Marecos; Vera (Estigarribia, m.64), Riveros, V\u00edctor C\u00e1ceres (Hern\u00e1n P\u00e9rez, m.64), Ortigoza; Haedo Valdez y Zeballos (Lucas Barrios, m.76).<\/li>\n<li><strong>Goles:<\/strong> 1-0, m.11: Luis Su\u00e1rez pisa el \u00e1rea y cruza el bal\u00f3n a Justo Villar. 2-0, m.42: Forl\u00e1n remata inapelable con la pierna izquierda. 3-0, m.89. Forl\u00e1n culmina el t\u00edtulo.<\/li>\n<li><strong>Arbitro:<\/strong> Salvio Fagundes (Brasil). Mostr\u00f3 cartulina amarilla a V\u00edctor C\u00e1ceres (16&#8242;) y Enrique Vera (m.57), de\u00a0Paraguay\u00a0y a Diego P\u00e9rez (24&#8242;), Mart\u00edn C\u00e1ceres (25&#8242;), Maxi Pereira (30&#8242;), Sebasti\u00e1n Coates (m.84), de\u00a0Uruguay.<\/li>\n<li><strong>Incidencias: <\/strong>Final de la Copa Am\u00e9rica 2011. 52.000 espectadores llenaron el Monumental de River Plate. Presidi\u00f3 el partido Joseph Blatter, presidente de la FIFA, que estuvo acompa\u00f1ado en el palco por el presidente de la CSF, Nicol\u00e1s Leoz.<\/li>\n<\/ul>\n","protected":false},"excerpt":{"rendered":"<p>Luis Su\u00e1rez y Diego Forl\u00e1n llevaron a Uruguay a su decimoquinto t\u00edtulo de la Copa Am\u00e9rica, una gesta de r\u00e9cord que supera ya a Argentina en el palmar\u00e9s, en una final que gan\u00f3 con autoridad a Paraguay.<\/p>\n","protected":false},"author":1,"featured_media":5820,"comment_status":"closed","ping_status":"open","sticky":false,"template":"","format":"standard","meta":{"footnotes":""},"categories":[28],"tags":[3160,6506,179,1326,182],"class_list":["post-5819","post","type-post","status-publish","format-standard","has-post-thumbnail","hentry","category-deportes","tag-campeon","tag-copa-america","tag-futbol-2","tag-paraguay","tag-uruguay"],"_links":{"self":[{"href":"https:\/\/diarioelpopular.com\/index.php\/wp-json\/wp\/v2\/posts\/5819","targetHints":{"allow":["GET"]}}],"collection":[{"href":"https:\/\/diarioelpopular.com\/index.php\/wp-json\/wp\/v2\/posts"}],"about":[{"href":"https:\/\/diarioelpopular.com\/index.php\/wp-json\/wp\/v2\/types\/post"}],"author":[{"embeddable":true,"href":"https:\/\/diarioelpopular.com\/index.php\/wp-json\/wp\/v2\/users\/1"}],"replies":[{"embeddable":true,"href":"https:\/\/diarioelpopular.com\/index.php\/wp-json\/wp\/v2\/comments?post=5819"}],"version-history":[{"count":0,"href":"https:\/\/diarioelpopular.com\/index.php\/wp-json\/wp\/v2\/posts\/5819\/revisions"}],"wp:featuredmedia":[{"embeddable":true,"href":"https:\/\/diarioelpopular.com\/index.php\/wp-json\/"}],"wp:attachment":[{"href":"https:\/\/diarioelpopular.com\/index.php\/wp-json\/wp\/v2\/media?parent=5819"}],"wp:term":[{"taxonomy":"category","embeddable":true,"href":"https:\/\/diarioelpopular.com\/index.php\/wp-json\/wp\/v2\/categories?post=5819"},{"taxonomy":"post_tag","embeddable":true,"href":"https:\/\/diarioelpopular.com\/index.php\/wp-json\/wp\/v2\/tags?post=5819"}],"curies":[{"name":"wp","href":"https:\/\/api.w.org\/{rel}","templated":true}]}}