{"id":5824,"date":"2011-07-24T19:43:32","date_gmt":"2011-07-24T23:43:32","guid":{"rendered":"http:\/\/retrolab.ca\/elpopular\/?p=5824"},"modified":"2011-07-24T19:43:32","modified_gmt":"2011-07-24T23:43:32","slug":"cadel-evans-nuevo-rey-del-tour","status":"publish","type":"post","link":"https:\/\/diarioelpopular.com\/index.php\/2011\/07\/24\/cadel-evans-nuevo-rey-del-tour\/","title":{"rendered":"Cadel Evans, nuevo rey del Tour"},"content":{"rendered":"<div id=\"attachment_5826\" style=\"width: 710px\" class=\"wp-caption aligncenter\"><a href=\"http:\/\/retrolab.ca\/elpopular\/wp-content\/uploads\/2011\/07\/Evans-ganador-del-Tour1.jpeg\"><img loading=\"lazy\" decoding=\"async\" aria-describedby=\"caption-attachment-5826\" class=\"size-full wp-image-5826\" title=\"Evans, ganador del Tour\" src=\"http:\/\/retrolab.ca\/elpopular\/wp-content\/uploads\/2011\/07\/Evans-ganador-del-Tour1.jpeg\" alt=\"\" width=\"700\" height=\"420\" \/><\/a><p id=\"caption-attachment-5826\" class=\"wp-caption-text\">El corredor australiano del BMC, Cadel Evans, celebra en el podio su victoria en la clasificaci\u00f3n general del Tour de Francia. Foto: Horacio Villalobos \/ Efe<\/p><\/div>\n<p><em>Carlos de Torres. Par\u00eds.- <\/em>El australiano Cadel Evans (BMC) se ha coronado en los Campos El\u00edseos de Par\u00eds como nuevo rey del\u00a0Tour\u00a0de Francia, al t\u00e9rmino de la vig\u00e9simo primera y \u00faltima etapa disputada entre Cr\u00e9teil y la capital francesa, de 95 kil\u00f3metros, en la que el brit\u00e1nico Mark Cavendish (HTC) logr\u00f3 su quinto triunfo y el maillot verde por puntos.<\/p>\n<p>En el d\u00eda de homenaje a Evans no pod\u00eda faltar la lucha por la prestigiosa etapa parisina. Tampoco Cavendish, imparable con cinco triunfos de etapa, la vig\u00e9sima en cuatro a\u00f1os, cifras que le acreditan como el mejor esprinter del mundo al ciclista de la Isla de Man, de 26 a\u00f1os, tambi\u00e9n maillot verde por puntos.<\/p>\n<p>Mientras Cavendish levantaba los brazos por delante del noruego Boasson Hagen (Sky) y del alem\u00e1n Andr\u00e9 Greipel (Omega), Cadel Evans se proclamaba vencedor absoluto. El hombre tranquilo, abrazado por todos sus compa\u00f1eros, se sumerg\u00eda en una sonrisa. Empezaba otra vida.<\/p>\n<p>Evans cumpli\u00f3 a los 34 a\u00f1os el sue\u00f1o de subir a lo m\u00e1s alto del podio en la carrera m\u00e1s importante del mundo. Un triunfo para la historia porque se trata del primer australiano y de todo el hemisferio sur en conseguirlo. Dos veces se qued\u00f3 a las puertas, en 2007 y 2008, superado por Alberto Contador y Carlos Sastre. Pero al s\u00e9ptimo intento se consagr\u00f3.<\/p>\n<p>El ciclista aussie, en cuyo palmar\u00e9s figuraba el t\u00edtulo mundial de 2009 y la Flecha Valona de 2010, escuch\u00f3 el himno de su pa\u00eds en versi\u00f3n cantada, esta vez sin errores, acompa\u00f1ado por dos hermanos, los Schleck, otro detalle sin precedentes en la historia. Andy otra ver segundo, y ya van tres subcampeonatos, con una diferencia final de 1.34, y Frank tercero, a 2.30.<\/p>\n<p>Un premio a la constancia del veterano ciclista de las ant\u00edpodas, procedente de la bicicleta de monta\u00f1a, donde destac\u00f3 con dos Copas del Mundo. Discutido por su forma de correr, por su escasa aportaci\u00f3n al espect\u00e1culo, ha sido coherente con su estilo. Jug\u00f3 sus bazas, aguant\u00f3 hasta la contrarreloj de Grenoble e impuso su potencial ante un Andy Schleck que se estanca en sus objeto en un a\u00f1o que ha coincidido con la cotizaci\u00f3n a la baja de Contador, su rival natural.<\/p>\n<p>No se rinde el peque\u00f1o de los Schleck, quien ya anuncia que volver\u00e1 el pr\u00f3ximo a\u00f1o &#8220;para ganar&#8221;, pero tendr\u00e1 que luchar primero con la sensaci\u00f3n de haber perdido una ocasi\u00f3n de oro y con la obligaci\u00f3n de mejorar, y mucho, en contrarreloj. Un aspirante a ganar el\u00a0Tour\u00a0no debe perder 2.38 en 42 kil\u00f3metros. As\u00ed no rentabilizan gestas inolvidables como la que firm\u00f3 en el Galibier.<\/p>\n<p>Se quedaron fuera del podio el franc\u00e9s Thomas Voeckler (Europcar), cuarto, que visti\u00f3 de amarillo 10 d\u00edas y Alberto Contador, quinto, el gran derrotado del\u00a0Tour, incapaz de ampliar a siete sus triunfos consecutivos en las pruebas grandes por etapas. Desde 2006, con triunfo de Pereiro tras la descalificaci\u00f3n de Floyd Landis por dopaje, el primer escal\u00f3n del podio era espa\u00f1ol. Contador lo conquist\u00f3 en 2007, 2009 y 2010 y Carlos Sastre en 2008.<\/p>\n<p>El madrile\u00f1o dio la arena. Sea por las molestias en su rodilla derecha a causa de las ca\u00eddas, por el cansancio del Giro de Italia o las influencias de un a\u00f1o dif\u00edcil en lo personal con su caso de presunto dopaje pendiente de la decisi\u00f3n del Tribunal de arbitraje (TAS), la imagen de Contador descolgado en los puertos, alejado de la pelea entre los favoritos, ha resultado extra\u00f1a por inhabitual.<\/p>\n<p>&#8220;A ver si me dejan subir un rato al podio&#8221;, brome\u00f3 el ciclista de Pinto. M\u00e1s en serio, asegur\u00f3 a fuego que no ir\u00e1 &#8220;nunca m\u00e1s al Giro antes del\u00a0Tour&#8221;. Y claro, dijo que volver\u00e1 el a\u00f1o que viene &#8220;para ganar&#8221;.<\/p>\n<p>Tambi\u00e9n subi\u00f3 al podio Samuel S\u00e1nchez (Euskaltel), el triunfador de la etapa de Luz Ardiden. El campe\u00f3n ol\u00edmpico fue el \u00fanico espa\u00f1ol que subi\u00f3 al escenario de los ganadores, donde se enfund\u00f3 el maillot de lunares que acredita al rey de la monta\u00f1a.<\/p>\n<p>El cuadro de honor lo completaron Pierre Rolland (Europcar), primer franc\u00e9s en conquistar el Alpe D&#8217;Huez desde Bernard Hinault (1986). Ha sido la revelaci\u00f3n de los j\u00f3venes, por lo tanto maillot blanco. Por equipos el premio fue para el Garmin Cervelo, donde milita, entre otros, el noruego Thor Hushovd, ganador de dos etapas y maillot amarillo 7 d\u00edas.<\/p>\n","protected":false},"excerpt":{"rendered":"<p>El australiano Cadel Evans se ha coronado en los Campos El\u00edseos de Par\u00eds como nuevo rey del Tour de Francia, al t\u00e9rmino de la vig\u00e9simo primera y \u00faltima etapa disputada entre Cr\u00e9teil y la capital francesa, de 95 kil\u00f3metros, en la que el brit\u00e1nico Mark Cavendish logr\u00f3 su quinto triunfo y el maillot verde por puntos.<\/p>\n","protected":false},"author":1,"featured_media":5826,"comment_status":"closed","ping_status":"open","sticky":false,"template":"","format":"standard","meta":{"footnotes":""},"categories":[28],"tags":[6922,1215,1481],"class_list":["post-5824","post","type-post","status-publish","format-standard","has-post-thumbnail","hentry","category-deportes","tag-cadel-evans","tag-ciclismo","tag-tour"],"_links":{"self":[{"href":"https:\/\/diarioelpopular.com\/index.php\/wp-json\/wp\/v2\/posts\/5824","targetHints":{"allow":["GET"]}}],"collection":[{"href":"https:\/\/diarioelpopular.com\/index.php\/wp-json\/wp\/v2\/posts"}],"about":[{"href":"https:\/\/diarioelpopular.com\/index.php\/wp-json\/wp\/v2\/types\/post"}],"author":[{"embeddable":true,"href":"https:\/\/diarioelpopular.com\/index.php\/wp-json\/wp\/v2\/users\/1"}],"replies":[{"embeddable":true,"href":"https:\/\/diarioelpopular.com\/index.php\/wp-json\/wp\/v2\/comments?post=5824"}],"version-history":[{"count":0,"href":"https:\/\/diarioelpopular.com\/index.php\/wp-json\/wp\/v2\/posts\/5824\/revisions"}],"wp:featuredmedia":[{"embeddable":true,"href":"https:\/\/diarioelpopular.com\/index.php\/wp-json\/"}],"wp:attachment":[{"href":"https:\/\/diarioelpopular.com\/index.php\/wp-json\/wp\/v2\/media?parent=5824"}],"wp:term":[{"taxonomy":"category","embeddable":true,"href":"https:\/\/diarioelpopular.com\/index.php\/wp-json\/wp\/v2\/categories?post=5824"},{"taxonomy":"post_tag","embeddable":true,"href":"https:\/\/diarioelpopular.com\/index.php\/wp-json\/wp\/v2\/tags?post=5824"}],"curies":[{"name":"wp","href":"https:\/\/api.w.org\/{rel}","templated":true}]}}