{"id":5833,"date":"2011-07-25T01:22:23","date_gmt":"2011-07-25T05:22:23","guid":{"rendered":"http:\/\/retrolab.ca\/elpopular\/?p=5833"},"modified":"2011-07-25T01:22:23","modified_gmt":"2011-07-25T05:22:23","slug":"el-autor-de-la-matanza-uso-balas-prohibidas-en-las-guerras","status":"publish","type":"post","link":"https:\/\/diarioelpopular.com\/index.php\/2011\/07\/25\/el-autor-de-la-matanza-uso-balas-prohibidas-en-las-guerras\/","title":{"rendered":"El autor de la matanza en Noruega us\u00f3 balas expansivas prohibidas en las guerras"},"content":{"rendered":"<div id=\"attachment_5834\" style=\"width: 710px\" class=\"wp-caption aligncenter\"><a href=\"http:\/\/retrolab.ca\/elpopular\/wp-content\/uploads\/2011\/07\/Noruega.jpeg\"><img loading=\"lazy\" decoding=\"async\" aria-describedby=\"caption-attachment-5834\" class=\"size-full wp-image-5834\" title=\"Flores de homenaje frente a la isla de Ut\u00f8ya\" src=\"http:\/\/retrolab.ca\/elpopular\/wp-content\/uploads\/2011\/07\/Noruega.jpeg\" alt=\"\" width=\"700\" height=\"420\" \/><\/a><p id=\"caption-attachment-5834\" class=\"wp-caption-text\">Flores de homenaje frente a la isla de Ut\u00f8ya (al fondo), donde Behring Breivik mat\u00f3 a al menos a 93 personas, seg\u00fan ha confesado \u00e9l mismo tras ser detenido. Foto: Joerg Carstensen \/ Efe<\/p><\/div>\n<p><em>Efe. Berl\u00edn.- <\/em>El autor confeso de los atentados de Oslo, Anders Behring Breivik, us\u00f3 un tipo de munici\u00f3n especial, prohibida en las guerras, para causar la mayor matanza posible en su ataque al campamento juvenil, seg\u00fan un m\u00e9dico que ha atendido a las v\u00edctimas.<\/p>\n<p>En una entrevista en la edici\u00f3n digital del rotativo local &#8220;VG&#8221;, el cirujano jefe del hospital Ringerike, Colin Poole, que ha tratado a 16 heridos en el tiroteo de la isla de Ut\u00f8ya, asegura que el agresor emple\u00f3 las denominadas balas expansivas o &#8220;dum-dum&#8221;, que tienen los extremos (la punta y el culote) huecos para que el n\u00facleo se fragmente en el impacto.<\/p>\n<p>&#8220;Esas balas m\u00e1s o menos explotaban dentro del cuerpo de las v\u00edctimas. Las heridas internas que ten\u00edan eran absolutamente terribles&#8221;, explic\u00f3 Poole.<\/p>\n<p>&#8220;Los fragmentos son tan peque\u00f1os. Nunca hab\u00eda visto algo as\u00ed&#8221;, explic\u00f3 Poole, a pesar de sus 26 a\u00f1os de experiencia.<\/p>\n<p>Agreg\u00f3 que las balas expansivas han causado graves da\u00f1os a los heridos en el tiroteo, en su mayor\u00eda j\u00f3venes y adolescentes, y creado incontables quebraderos de cabeza a su equipo de cirujanos.<\/p>\n<p>&#8220;Nos ha causado todo tipo de problemas adicionales por el tipo de da\u00f1o que causan estas balas especiales. El efecto que causan dentro del cuerpo es similar al de miles de agujas y alfileres&#8221;, indic\u00f3 el cirujano jefe.<\/p>\n<p>Poole a\u00f1adi\u00f3 que este tipo de munici\u00f3n es muy dif\u00edcil de adquirir legalmente en\u00a0Noruega, por lo que se pregunt\u00f3 c\u00f3mo Breivik pudo conseguirla.<\/p>\n<p>Las controvertidas balas expansivas, cuyo uso est\u00e1 prohibido en las guerras desde 1899, se emplea en ocasiones muy concretas, como en la caza mayor, debido al tipo de da\u00f1os que causan.<\/p>\n<p>Adem\u00e1s, su uso se ha permitido o elegido en ocasiones muy concretas en los \u00faltimos a\u00f1os en el marco de operaciones antiterroristas, tanto para abatir suicidas como para disparar sobre secuestradores dentro de un avi\u00f3n sin da\u00f1ar el fuselaje.<\/p>\n<p>El pasado viernes, Behring Breivik mat\u00f3 al menos a 93 personas, seg\u00fan el \u00faltimo recuento oficial, en dos atentados coordinados que lanz\u00f3 en Oslo y, dos horas despu\u00e9s, en el campamento de las juventudes socialdem\u00f3cratas de la isla de Ut\u00f8ya, a unos 40 kil\u00f3metros de la capital\u00a0noruega.<\/p>\n<p>En el primer emplazamiento un potente coche bomba mat\u00f3 a al menos siete personas, hiri\u00f3 gravemente a una docena y destroz\u00f3 cuatro edificios, mientras que en la isla murieron tiroteadas al menos 86 personas, en su mayor\u00eda j\u00f3venes y adolescentes.<\/p>\n<p>El primer ministro noruego, Jens Stoltenberg, calific\u00f3 el doble atentado como la &#8220;mayor tragedia nacional desde la Segunda Guerra Mundial&#8221; para el pa\u00eds escandinavo.<\/p>\n<p>Emoci\u00f3n en el funeral: &#8220;Responderemos con m\u00e1s democracia&#8221;<\/p>\n","protected":false},"excerpt":{"rendered":"<p>El autor confeso de los atentados de Oslo, Anders Behring Breivik, us\u00f3 un tipo de munici\u00f3n especial, prohibida en las guerras, para causar la mayor matanza posible en su ataque al campamento juvenil<\/p>\n","protected":false},"author":1,"featured_media":5834,"comment_status":"closed","ping_status":"open","sticky":false,"template":"","format":"standard","meta":{"footnotes":""},"categories":[24],"tags":[6926,360,3681,931,2631,1475,1476,1477,6915,6916],"class_list":["post-5833","post","type-post","status-publish","format-standard","has-post-thumbnail","hentry","category-mundo","tag-anders-behring-breivik","tag-atentados","tag-balas","tag-masacre","tag-matanza","tag-noruega","tag-oslo","tag-tragedia-en-noruega","tag-utoya"],"_links":{"self":[{"href":"https:\/\/diarioelpopular.com\/index.php\/wp-json\/wp\/v2\/posts\/5833","targetHints":{"allow":["GET"]}}],"collection":[{"href":"https:\/\/diarioelpopular.com\/index.php\/wp-json\/wp\/v2\/posts"}],"about":[{"href":"https:\/\/diarioelpopular.com\/index.php\/wp-json\/wp\/v2\/types\/post"}],"author":[{"embeddable":true,"href":"https:\/\/diarioelpopular.com\/index.php\/wp-json\/wp\/v2\/users\/1"}],"replies":[{"embeddable":true,"href":"https:\/\/diarioelpopular.com\/index.php\/wp-json\/wp\/v2\/comments?post=5833"}],"version-history":[{"count":0,"href":"https:\/\/diarioelpopular.com\/index.php\/wp-json\/wp\/v2\/posts\/5833\/revisions"}],"wp:featuredmedia":[{"embeddable":true,"href":"https:\/\/diarioelpopular.com\/index.php\/wp-json\/"}],"wp:attachment":[{"href":"https:\/\/diarioelpopular.com\/index.php\/wp-json\/wp\/v2\/media?parent=5833"}],"wp:term":[{"taxonomy":"category","embeddable":true,"href":"https:\/\/diarioelpopular.com\/index.php\/wp-json\/wp\/v2\/categories?post=5833"},{"taxonomy":"post_tag","embeddable":true,"href":"https:\/\/diarioelpopular.com\/index.php\/wp-json\/wp\/v2\/tags?post=5833"}],"curies":[{"name":"wp","href":"https:\/\/api.w.org\/{rel}","templated":true}]}}