{"id":5913,"date":"2011-07-25T05:15:43","date_gmt":"2011-07-25T09:15:43","guid":{"rendered":"http:\/\/retrolab.ca\/elpopular\/?p=5913"},"modified":"2011-07-25T05:15:43","modified_gmt":"2011-07-25T09:15:43","slug":"el-pequeno-gigante-del-futbol-exhibe-su-orgullo","status":"publish","type":"post","link":"https:\/\/diarioelpopular.com\/index.php\/2011\/07\/25\/el-pequeno-gigante-del-futbol-exhibe-su-orgullo\/","title":{"rendered":"El peque\u00f1o gigante del f\u00fatbol exhibe su orgullo"},"content":{"rendered":"<div id=\"attachment_5915\" style=\"width: 710px\" class=\"wp-caption aligncenter\"><a href=\"http:\/\/retrolab.ca\/elpopular\/wp-content\/uploads\/2011\/07\/Celebraci\u00f3n-Uruguay-campe\u00f3n-Copa-Am\u00e9rica.jpg\"><img loading=\"lazy\" decoding=\"async\" aria-describedby=\"caption-attachment-5915\" class=\"size-full wp-image-5915\" title=\"M\u00e1s de un millar de hinchas uruguayos festejaron la decimoquinta Copa Am\u00e9rica conseguida por la selecci\u00f3n de su pa\u00eds en las inmediaciones del Obelisco, emblema de la ciudad de Buenos Aires. Foto: Efe\" src=\"http:\/\/retrolab.ca\/elpopular\/wp-content\/uploads\/2011\/07\/Celebraci\u00f3n-Uruguay-campe\u00f3n-Copa-Am\u00e9rica.jpg\" alt=\"\" width=\"700\" height=\"426\" \/><\/a><p id=\"caption-attachment-5915\" class=\"wp-caption-text\">M\u00e1s de un millar de hinchas uruguayos festejaron la decimoquinta Copa Am\u00e9rica conseguida por la selecci\u00f3n de su pa\u00eds en las inmediaciones del Obelisco, emblema de la ciudad de Buenos Aires. Foto: Efe<\/p><\/div>\n<p><strong><em>\u00c1lvaro Mellizo. Montevideo.-<\/em><\/strong> Peque\u00f1o en tama\u00f1o y poblaci\u00f3n y acostumbrado ser olvidado por las grandes naciones, en cuanto a f\u00fatbol se refiere Uruguay\u00a0es un gigante orgulloso y el &#8220;padre&#8221; de todos sus rivales continentales, tal y como record\u00f3 hoy en sus festejos por <a href=\"https:\/\/diarioelpopular.com\/2011\/07\/uruguay-conquista-la-copa-america\/\">la consecuci\u00f3n de su decimoquinta\u00a0Copa\u00a0Am\u00e9rica<\/a>.<\/p>\n<p>El hist\u00f3rico Estadio Centenario de Montevideo, g\u00e9lido, vetusto e imponente, fue testigo una vez m\u00e1s de esa pasi\u00f3n uruguaya por el balompi\u00e9 y su particular gusto por amargar la fiesta deportiva a sus vecinos, m\u00e1s grandes y m\u00e1s ricos, pero incapaces de superar con el bal\u00f3n en los pies a los tozudos uruguayos.<\/p>\n<p>Desde la primera\u00a0Copa\u00a0Am\u00e9rica en 1916, pasando por el Mundial del 50 y el famoso Maracanazo, las grandes haza\u00f1as futbol\u00edsticas uruguayas pasan por derrotar al favorito en su casa, como sucedi\u00f3 en esta\u00a0Copa\u00a0Am\u00e9rica cuando eliminaron a la Argentina de Higuain y Messi en cuartos de final, lo que ha quedado como una de las tradiciones que m\u00e1s les gusta y que m\u00e1s respetan los uruguayos.<\/p>\n<p>Unas 35.000 personas aguantaron impert\u00e9rritas las bajas temperaturas del invierno austral para recibir all\u00ed al equipo que el domingo se proclam\u00f3 campe\u00f3n del principal torneo continental en Buenos Aires tras imponerse en la final por 3-0 a Paraguay.<\/p>\n<p>El triunfo puso en los libros de historia el nombre de la Celeste como el equipo m\u00e1s ganador del continente con 15 torneos, uno m\u00e1s que sus archirrivales de Argentina y siete m\u00e1s que Brasil.<\/p>\n<p>El equipo dirigido por el maestro \u00d3scar Washington Tab\u00e1rez regres\u00f3 a Montevideo apenas termin\u00f3 la ceremonia de entrega de premios en el Estadio Monumental de Buenos Aires para darse un ba\u00f1o de multitudes.<\/p>\n<p>Centenares de autos, que formaban una fila de m\u00e1s de tres kil\u00f3metros, acompa\u00f1aron al conjunto desde el aeropuerto hasta el Estadio en un trayecto que habitualmente se hace en menos de 20 minutos pero que en esta ocasi\u00f3n, jaleados y acompa\u00f1ados por miles de personas, les llev\u00f3 m\u00e1s de cuatro horas.<\/p>\n<p>La Celeste lleg\u00f3 a su estadio pasadas las tres de la madrugada y all\u00ed se encontr\u00f3 todav\u00eda con unos cuantos miles de personas dispuestas a agradecerles por su desempe\u00f1o y por haberles hecho gozar abiertamente con su &#8220;paternidad&#8221; -como se dice en Am\u00e9rica cuando un equipo domina a otro en resultados- sobre el resto del continente.<\/p>\n<p>&#8220;Es que esto significa mucho, son ya quince torneos y superamos a Argentina. Es un orgullo grande ser seguidor celeste. Es por lo \u00fanico por lo que nos reconocen en el exterior&#8221;, dijo a Efe Andr\u00e9s Soca, uno de los j\u00f3venes que aguardaba pacientemente en el interior del Centenario.<\/p>\n<p>Al calor del \u00e9xito, el tradicional comedimiento de los uruguayos se transform\u00f3 en una abierta ostentaci\u00f3n de sus \u00e9xitos futbol\u00edsticos, especialmente ante los argentinos, odiados amigos o amados enemigos del f\u00fatbol uruguayo seg\u00fan se mire.<\/p>\n<p>&#8220;Lo de ganar a Argentina es importante, por la rivalidad hist\u00f3rica que tiene ribetes pol\u00edticos, y en esta ocasi\u00f3n se a\u00f1ade lo de superarles en su casa, eliminarlos y sumar 15 triunfos frente a los 14 suyos. Todo eso suma, y est\u00e1 m\u00e1s all\u00e1 de saberte por encima de los dem\u00e1s y de saber que en la\u00a0CopaAm\u00e9rica no hay nadie que nos pueda ganar&#8221;, se\u00f1al\u00f3 Nicol\u00e1s Echeverr\u00eda, otro aficionado.<\/p>\n<p>El joven uruguayo reconoci\u00f3 que &#8220;ser celeste da mucho orgullo&#8221; y que sobre todo &#8220;te hace creer que s\u00ed se pueden hacer cosas buenas e importantes siendo peque\u00f1os y eso se lleva a otros \u00e1mbitos de la vida&#8221;.<\/p>\n<p>Ese orgullo por la historia del f\u00fatbol charr\u00faa se mezcla tambi\u00e9n con la genuina humildad y generosidad del cuadro campe\u00f3n de la\u00a0Copa\u00a0Am\u00e9rica y que qued\u00f3 cuarto en el pasado Mundial de Sud\u00e1frica.<\/p>\n<p>Y as\u00ed, entre estruendosas risas y aplausos de todo el Centenario cada vez que los jugadores contaban hasta quince en voz alta y con mucha sorna, tambi\u00e9n hubo tiempo para escuchar al capit\u00e1n Diego Lugano decir &#8220;esta victoria el grupo se la dedica a ustedes. Espero que la disfruten, es de todos&#8221;.<\/p>\n","protected":false},"excerpt":{"rendered":"<p>Peque\u00f1o en tama\u00f1o y poblaci\u00f3n y acostumbrado ser olvidado por las grandes naciones, en cuanto a f\u00fatbol se refiere Uruguay es un gigante orgulloso y el &#8220;padre&#8221; de todos sus rivales continentales, tal y como record\u00f3 en sus festejos por la consecuci\u00f3n de su decimoquinta Copa Am\u00e9rica.<br \/>\n<a href=\"http:\/\/diarioelpopular.com\/2011\/07\/uruguay-conquista-la-copa-america\/\"><span style=\"color: #000D54\">\u00bb Uruguay conquista la Copa Am\u00e9rica<\/span><\/a><\/p>\n","protected":false},"author":1,"featured_media":5915,"comment_status":"closed","ping_status":"open","sticky":false,"template":"","format":"standard","meta":{"footnotes":""},"categories":[28],"tags":[3160,6506,179,182],"class_list":["post-5913","post","type-post","status-publish","format-standard","has-post-thumbnail","hentry","category-deportes","tag-campeon","tag-copa-america","tag-futbol-2","tag-uruguay"],"_links":{"self":[{"href":"https:\/\/diarioelpopular.com\/index.php\/wp-json\/wp\/v2\/posts\/5913","targetHints":{"allow":["GET"]}}],"collection":[{"href":"https:\/\/diarioelpopular.com\/index.php\/wp-json\/wp\/v2\/posts"}],"about":[{"href":"https:\/\/diarioelpopular.com\/index.php\/wp-json\/wp\/v2\/types\/post"}],"author":[{"embeddable":true,"href":"https:\/\/diarioelpopular.com\/index.php\/wp-json\/wp\/v2\/users\/1"}],"replies":[{"embeddable":true,"href":"https:\/\/diarioelpopular.com\/index.php\/wp-json\/wp\/v2\/comments?post=5913"}],"version-history":[{"count":0,"href":"https:\/\/diarioelpopular.com\/index.php\/wp-json\/wp\/v2\/posts\/5913\/revisions"}],"wp:featuredmedia":[{"embeddable":true,"href":"https:\/\/diarioelpopular.com\/index.php\/wp-json\/"}],"wp:attachment":[{"href":"https:\/\/diarioelpopular.com\/index.php\/wp-json\/wp\/v2\/media?parent=5913"}],"wp:term":[{"taxonomy":"category","embeddable":true,"href":"https:\/\/diarioelpopular.com\/index.php\/wp-json\/wp\/v2\/categories?post=5913"},{"taxonomy":"post_tag","embeddable":true,"href":"https:\/\/diarioelpopular.com\/index.php\/wp-json\/wp\/v2\/tags?post=5913"}],"curies":[{"name":"wp","href":"https:\/\/api.w.org\/{rel}","templated":true}]}}