{"id":6016,"date":"2011-07-25T23:45:59","date_gmt":"2011-07-26T03:45:59","guid":{"rendered":"http:\/\/retrolab.ca\/elpopular\/?p=6016"},"modified":"2011-07-25T23:45:59","modified_gmt":"2011-07-26T03:45:59","slug":"batista-destituido-como-seleccionador-de-argentina","status":"publish","type":"post","link":"https:\/\/diarioelpopular.com\/index.php\/2011\/07\/25\/batista-destituido-como-seleccionador-de-argentina\/","title":{"rendered":"Batista, destituido como seleccionador de Argentina"},"content":{"rendered":"<div id=\"attachment_6020\" style=\"width: 265px\" class=\"wp-caption alignright\"><a href=\"http:\/\/retrolab.ca\/elpopular\/wp-content\/uploads\/2011\/07\/Batista1.jpeg\"><img loading=\"lazy\" decoding=\"async\" aria-describedby=\"caption-attachment-6020\" class=\"size-medium wp-image-6020\" title=\"Sergio Batista, dirigiendo a la selecci\u00f3n argentina\" src=\"http:\/\/retrolab.ca\/elpopular\/wp-content\/uploads\/2011\/07\/Batista1-255x300.jpg\" alt=\"\" width=\"255\" height=\"300\" \/><\/a><p id=\"caption-attachment-6020\" class=\"wp-caption-text\">Sergio Batista, dirigiendo a la selecci\u00f3n argentina contra Costa Rica en la Copa Am\u00e9rica 2011. Foto: Marcelo Sayao \/ Efe<\/p><\/div>\n<p><em>Efe. Buenos Aires.- <\/em>Sergio\u00a0Batista\u00a0fue destituido este lunes como seleccionador de Argentina, cargo que ocupaba desde hace ocho meses y para el que ten\u00eda contrato hasta 2014, anunci\u00f3 la <a title=\"AFA\" href=\"http:\/\/www.afa.org.ar\/\" target=\"_blank\">Asociaci\u00f3n del  F\u00fatbol Argentino<\/a> (AFA) que tambi\u00e9n dej\u00f3 en suspense la permanencia de Carlos Salvador Bilardo como director de selecciones.<\/p>\n<p>El Comit\u00e9 de Selecciones de la AFA decidi\u00f3 destituir a\u00a0Batista\u00a0tras el mal desempe\u00f1o de la Albiceleste en la <a href=\"https:\/\/diarioelpopular.com\/category\/copa-america\/\">Copa Am\u00e9rica<\/a>, donde fue <a href=\"https:\/\/diarioelpopular.com\/2011\/07\/uruguay-se-impone-en-la-talda-de-penaltis-y-deja-fuera-a-argentina\/\">eliminada por Uruguay<\/a> en cuartos de final despu\u00e9s de haber logrado solamente una <a href=\"https:\/\/diarioelpopular.com\/2011\/07\/argentina-se-redime-al-vencer-a-costa-rica-3-0\/\">victoria ante Costa Rica<\/a> en la primera fase.<\/p>\n<p>El portavoz de la AFA, Ernesto Cherquis Bialo, asegur\u00f3 que a\u00fan no est\u00e1 decidido qui\u00e9n sustituir\u00e1 a\u00a0Batista, y que la entidad se tomar\u00e1 una semana para anunciarlo.<\/p>\n<p>No obstante, la prensa local conjetura que el m\u00e1s firme candidato es Alejandro Sabella, ext\u00e9cnico del Estudiantes de la Plata, quien est\u00e1 a punto de dirigir a un equipo de los Emiratos \u00c1rabes Unidos.<\/p>\n<p>Cherquis Bialo a\u00f1adi\u00f3 que el director de selecciones de Argentina, Carlos Bilardo, y todos los que trabajan en las diferentes selecciones nacionales estar\u00e1n en un proceso de &#8220;observaci\u00f3n&#8221; para determinar si contin\u00faan en sus funciones.<\/p>\n<p>En forma simult\u00e1nea inform\u00f3 de que se ha suspendido el partido amistoso que la selecci\u00f3n argentina iba a disputar el 10 de agosto en Bucarest contra la de Ruman\u00eda.<\/p>\n<p>Sergio &#8216;el Checho&#8217;\u00a0Batista, quien condujo a Argentina a la conquista de la medalla de oro en los Juegos Ol\u00edmpicos de Pek\u00edn, sucedi\u00f3 como seleccionador absoluto a Diego Maradona tras el Mundial de Sud\u00e1frica, donde Argentina tambi\u00e9n fue eliminada en la fase de cuartos de final.<\/p>\n<p>En principio\u00a0Batista\u00a0se desempe\u00f1\u00f3 como entrenador interino hasta que fue confirmado en el cargo el pasado noviembre.<\/p>\n<p>Tras su despido, la AFA se ve ahora obligada a buscar un cuarto seleccionador en tres a\u00f1os, un hecho in\u00e9dito en el ciclo de Julio Grondona, el m\u00e1s influyente hombre del f\u00fatbol argentino desde hace 32 a\u00f1os.<\/p>\n<p>Durante la gesti\u00f3n de Grondona s\u00f3lo dos t\u00e9cnicos, Marcelo Bielsa y Alfio Basile, no completaron su ciclo preestablecido, pero porque dimitieron. A Maradona, quien sucedi\u00f3 a Basile en el 2008, no le fue renovado el contrato tras el Mundial de Sud\u00e1frica.<\/p>\n<p>El nombre que se perfila como m\u00e1s seguro sucesor de\u00a0Batista\u00a0es Sabella, quien condujo a Estudiantes de la Plata al t\u00edtulo de la Copa Libertadores del 2009 y del torneo Apertura argentino del 2010.<\/p>\n<p>Sabella, de 56 a\u00f1os, fue ayudante de campo de Daniel Passarella, actual presidente del River Plate, cuando el excapit\u00e1n de la Albiceleste la dirigi\u00f3 entre 1994 y 1998.<\/p>\n<p>Gerardo Martino, actual seleccionador de Paraguay, es otro de los candidatos que tambi\u00e9n se menciona en medios period\u00edsticos para ocupar el banco de la selecci\u00f3n.<\/p>\n","protected":false},"excerpt":{"rendered":"<p>Tras el mal papel del equipo en la Copa Am\u00e9rica, Sergio Batista fue destituido como seleccionador de Argentina, cargo que ocupaba desde hace ocho meses y para el que ten\u00eda contrato hasta 2014. La permanencia de Bilardo como director de selecciones, tambi\u00e9n en suspenso.<\/p>\n","protected":false},"author":1,"featured_media":6017,"comment_status":"closed","ping_status":"open","sticky":false,"template":"","format":"standard","meta":{"footnotes":""},"categories":[28],"tags":[43,6506,179,2341,6945,6946],"class_list":["post-6016","post","type-post","status-publish","format-standard","has-post-thumbnail","hentry","category-deportes","tag-argentina","tag-copa-america","tag-futbol-2","tag-seleccion","tag-seleccionador","tag-sergio-batista"],"_links":{"self":[{"href":"https:\/\/diarioelpopular.com\/index.php\/wp-json\/wp\/v2\/posts\/6016","targetHints":{"allow":["GET"]}}],"collection":[{"href":"https:\/\/diarioelpopular.com\/index.php\/wp-json\/wp\/v2\/posts"}],"about":[{"href":"https:\/\/diarioelpopular.com\/index.php\/wp-json\/wp\/v2\/types\/post"}],"author":[{"embeddable":true,"href":"https:\/\/diarioelpopular.com\/index.php\/wp-json\/wp\/v2\/users\/1"}],"replies":[{"embeddable":true,"href":"https:\/\/diarioelpopular.com\/index.php\/wp-json\/wp\/v2\/comments?post=6016"}],"version-history":[{"count":0,"href":"https:\/\/diarioelpopular.com\/index.php\/wp-json\/wp\/v2\/posts\/6016\/revisions"}],"wp:featuredmedia":[{"embeddable":true,"href":"https:\/\/diarioelpopular.com\/index.php\/wp-json\/"}],"wp:attachment":[{"href":"https:\/\/diarioelpopular.com\/index.php\/wp-json\/wp\/v2\/media?parent=6016"}],"wp:term":[{"taxonomy":"category","embeddable":true,"href":"https:\/\/diarioelpopular.com\/index.php\/wp-json\/wp\/v2\/categories?post=6016"},{"taxonomy":"post_tag","embeddable":true,"href":"https:\/\/diarioelpopular.com\/index.php\/wp-json\/wp\/v2\/tags?post=6016"}],"curies":[{"name":"wp","href":"https:\/\/api.w.org\/{rel}","templated":true}]}}