{"id":6047,"date":"2011-07-25T21:24:15","date_gmt":"2011-07-26T01:24:15","guid":{"rendered":"http:\/\/retrolab.ca\/elpopular\/?p=6047"},"modified":"2011-07-25T21:24:15","modified_gmt":"2011-07-26T01:24:15","slug":"mexico-recuerda-a-cantinflas-en-el-centenario-de-su-nacimiento","status":"publish","type":"post","link":"https:\/\/diarioelpopular.com\/index.php\/2011\/07\/25\/mexico-recuerda-a-cantinflas-en-el-centenario-de-su-nacimiento\/","title":{"rendered":"M\u00e9xico inicia los homenajes a Cantinflas en el centenario de su nacimiento"},"content":{"rendered":"<div id=\"attachment_6048\" style=\"width: 710px\" class=\"wp-caption aligncenter\"><a href=\"http:\/\/retrolab.ca\/elpopular\/wp-content\/uploads\/2011\/07\/cantinflas.jpeg\"><img loading=\"lazy\" decoding=\"async\" aria-describedby=\"caption-attachment-6048\" class=\"size-full wp-image-6048\" title=\"La exposici\u00f3n &quot;Mario Moreno Cantinflas 100 a\u00f1os&quot;, en Ciudad de M\u00e9xico\" src=\"http:\/\/retrolab.ca\/elpopular\/wp-content\/uploads\/2011\/07\/cantinflas.jpeg\" alt=\"\" width=\"700\" height=\"420\" \/><\/a><p id=\"caption-attachment-6048\" class=\"wp-caption-text\">La exposici\u00f3n &quot;Mario Moreno Cantinflas 100 a\u00f1os&quot;, en Ciudad de M\u00e9xico. Foto: S\u00e1shenka Guti\u00e9rrez \/ Efe<\/p><\/div>\n<p><em>Efe. Ciudad de M\u00e9xico.-<\/em> La inauguraci\u00f3n de la exposici\u00f3n fotogr\u00e1fica &#8220;Mario Moreno\u00a0Cantinflas\u00a0100 a\u00f1os&#8221; en la capital mexicana marc\u00f3 este lunes el inicio de un homenaje nacional al m\u00edtico actor por el centenario de su nacimiento el pr\u00f3ximo 12 de agosto.<\/p>\n<p>La exhibici\u00f3n es un compendio de toda su carrera, afirm\u00f3 Eduardo Moreno Laparade, sobrino del artista (1911-1993) y vicepresidente de la Fundaci\u00f3n Mario E. Moreno, en la ceremonia de apertura, a la que acudieron familiares, amigos y colegas del llamado &#8220;Mimo de M\u00e9xico&#8221;.<\/p>\n<p>La muestra incluye decenas de obras relacionadas con la filmograf\u00eda de &#8220;Cantinflas&#8221; (car\u00e1tulas de pel\u00edculas, memorables im\u00e1genes de algunas escenas); una selecci\u00f3n de las mejores caricaturas que le hicieron en vida y fotos in\u00e9ditas tanto a color como a blanco y negro.<\/p>\n<p>Mario Moreno Ivanova, hijo de &#8220;Cantinflas&#8221;, tambi\u00e9n se present\u00f3 a la inauguraci\u00f3n de la exposici\u00f3n en la Galer\u00eda Abierta de las rejas del bosque de Chapultepec, en el c\u00e9ntrico Paseo de la Reforma, donde permanecer\u00e1 hasta el pr\u00f3ximo 28 de agosto.<\/p>\n<p>Aunque se mantuvo distante de la ceremonia y de su primo, con quien ha mantenido un litigio judicial por m\u00e1s de 18 a\u00f1os por la titularidad de 39 filmes que ambos se atribuyen, reiter\u00f3 que es motivo de &#8220;orgullo&#8221; que el mundo celebre los 100 a\u00f1os del natalicio de su padre.<\/p>\n<p>&#8220;Es muy importante que se quiera compartir con todo el p\u00fablico la trayectoria de mi pap\u00e1 desde todos sus aspectos y en todas las etapas de su vida&#8221;, dijo.<\/p>\n<p>Resalt\u00f3 que paralelamente habr\u00e1 m\u00e1s actividades en M\u00e9xico y otros pa\u00edses en honor a &#8220;Cantinflas&#8221;, como una estatua que ser\u00e1 desvelada en Espa\u00f1a y la construcci\u00f3n de un busto en Panam\u00e1.<\/p>\n<p>Sin embargo, se\u00f1al\u00f3 que la celebraci\u00f3n m\u00e1s importante tendr\u00e1 lugar el d\u00eda de su cumplea\u00f1os en el Palacio Postal, donde por orden del Gobierno mexicano se emitir\u00e1n estampillas de colecci\u00f3n en su memoria.<\/p>\n<p>En tanto, el sobrino del comediante tambi\u00e9n anunci\u00f3 otros eventos conmemorativos, como la pr\u00f3xima presentaci\u00f3n de un libro, que no ser\u00e1 comercializado, y del cual se editar\u00e1n 3.500 ejemplares con colaboraciones de allegados del actor.<\/p>\n<p>&#8220;El libro tendr\u00e1 valiosos agregados como reproducciones de las calificaciones de su escuela primaria, su primer contrato de trabajo, entre otros documentos personales que me concedi\u00f3&#8221;, afirm\u00f3 Moreno Laparade.<\/p>\n<p>El comediante, quien dio vida al conocido personaje de &#8220;el peladito&#8221;, un hombre de aspecto desgarbado e irreverente, muri\u00f3 el 20 de abril de 1993 a causa de un c\u00e1ncer pulmonar y tras haber filmado 45 largometrajes y 6 cortometrajes.<\/p>\n<p>En 1992 &#8220;cantinflear&#8221; fue definido por la Real Academia Espa\u00f1ola como el &#8220;hablar mucho sin decir nada&#8221; y aceptado como verbo.<\/p>\n","protected":false},"excerpt":{"rendered":"<p>La inauguraci\u00f3n de la exposici\u00f3n fotogr\u00e1fica &#8220;Mario Moreno Cantinflas 100 a\u00f1os&#8221; en la capital mexicana marc\u00f3 el inicio de un homenaje nacional al m\u00edtico actor por el centenario de su nacimiento el pr\u00f3ximo 12 de agosto.<\/p>\n","protected":false},"author":1,"featured_media":6048,"comment_status":"closed","ping_status":"open","sticky":false,"template":"","format":"standard","meta":{"footnotes":""},"categories":[80],"tags":[6947,6597,167],"class_list":["post-6047","post","type-post","status-publish","format-standard","has-post-thumbnail","hentry","category-cine-2","tag-cantinflas","tag-centenario","tag-mexico"],"_links":{"self":[{"href":"https:\/\/diarioelpopular.com\/index.php\/wp-json\/wp\/v2\/posts\/6047","targetHints":{"allow":["GET"]}}],"collection":[{"href":"https:\/\/diarioelpopular.com\/index.php\/wp-json\/wp\/v2\/posts"}],"about":[{"href":"https:\/\/diarioelpopular.com\/index.php\/wp-json\/wp\/v2\/types\/post"}],"author":[{"embeddable":true,"href":"https:\/\/diarioelpopular.com\/index.php\/wp-json\/wp\/v2\/users\/1"}],"replies":[{"embeddable":true,"href":"https:\/\/diarioelpopular.com\/index.php\/wp-json\/wp\/v2\/comments?post=6047"}],"version-history":[{"count":0,"href":"https:\/\/diarioelpopular.com\/index.php\/wp-json\/wp\/v2\/posts\/6047\/revisions"}],"wp:featuredmedia":[{"embeddable":true,"href":"https:\/\/diarioelpopular.com\/index.php\/wp-json\/"}],"wp:attachment":[{"href":"https:\/\/diarioelpopular.com\/index.php\/wp-json\/wp\/v2\/media?parent=6047"}],"wp:term":[{"taxonomy":"category","embeddable":true,"href":"https:\/\/diarioelpopular.com\/index.php\/wp-json\/wp\/v2\/categories?post=6047"},{"taxonomy":"post_tag","embeddable":true,"href":"https:\/\/diarioelpopular.com\/index.php\/wp-json\/wp\/v2\/tags?post=6047"}],"curies":[{"name":"wp","href":"https:\/\/api.w.org\/{rel}","templated":true}]}}