{"id":6060,"date":"2011-07-25T20:06:54","date_gmt":"2011-07-26T00:06:54","guid":{"rendered":"http:\/\/retrolab.ca\/elpopular\/?p=6060"},"modified":"2011-07-25T20:06:54","modified_gmt":"2011-07-26T00:06:54","slug":"alexis-vengo-a-aprender-de-los-que-mas-saben","status":"publish","type":"post","link":"https:\/\/diarioelpopular.com\/index.php\/2011\/07\/25\/alexis-vengo-a-aprender-de-los-que-mas-saben\/","title":{"rendered":"Alexis: &#8220;Vengo a aprender de los que m\u00e1s saben&#8221;"},"content":{"rendered":"<div id=\"attachment_6061\" style=\"width: 710px\" class=\"wp-caption aligncenter\"><a href=\"http:\/\/retrolab.ca\/elpopular\/wp-content\/uploads\/2011\/07\/alexis.jpg\"><img loading=\"lazy\" decoding=\"async\" aria-describedby=\"caption-attachment-6061\" class=\"size-full wp-image-6061\" title=\"Alexis, con la camiseta del Bar\u00e7a\" src=\"http:\/\/retrolab.ca\/elpopular\/wp-content\/uploads\/2011\/07\/alexis.jpg\" alt=\"\" width=\"700\" height=\"420\" \/><\/a><p id=\"caption-attachment-6061\" class=\"wp-caption-text\">Alexis, con la camiseta del Bar\u00e7a. Foto: Andreu Dalmau \/ Efe<\/p><\/div>\n<p><em>Efe. Barcelona (Espa\u00f1a).- <\/em>El delantero chileno\u00a0Alexis\u00a0S\u00e1nchez (Tocopilla, 1988), el primer fichaje del Barcelona con vistas a la pr\u00f3xima temporada, ha asegurado que ha firmado por el club catal\u00e1n porque quiere aprender de Leo Messi y de Xavi Hern\u00e1ndez, &#8220;los mejores, los que m\u00e1s saben&#8221;.<\/p>\n<p>El car\u00e1cter del chileno ha quedado demostrado en su primera intervenci\u00f3n ante los medios. T\u00edmido, con poca facilidad de expresi\u00f3n y agobiado ante el escenario. Cuando se le invit\u00f3 a definirse, apenas trece palabras: &#8220;No soy de muchas palabras. Estoy contento de estar aqu\u00ed en el Barcelona&#8221;.<\/p>\n<p>Agasajado por varios centenares de chilenos que esperaban a las puertas de las oficinas del club,\u00a0Alexis\u00a0ha firmado un contrato para las cinco pr\u00f3ximas temporadas y tendr\u00e1 una cl\u00e1usula de rescisi\u00f3n de cien millones de euros.<\/p>\n<p>El vicepresidente deportivo Josep Maria Bartomeu ha desglosado la operaci\u00f3n, en la que no se han producido comisiones debido a la ausencia de intermediarios.<\/p>\n<p>El montante alcanza los 26 millones de euros fijos m\u00e1s una cantidad variable de 11,5 millones en funci\u00f3n de los partidos que el chileno juegue, de los t\u00edtulos que consiga y de la clasificaci\u00f3n del Bar\u00e7a para los octavos de final de la Liga de Campeones.<\/p>\n<p>&#8220;El acuerdo recoge que invitaremos este a\u00f1o al Udinese al trofeo Joan Gamper y en los pr\u00f3ximos tres a\u00f1os jugaremos un encuentro amistoso con ellos y repartiremos los beneficios&#8221;, ha detallado Bartomeu.<\/p>\n<p>Alexis\u00a0S\u00e1nchez ha reconocido estar viviendo &#8220;una pel\u00edcula&#8221; desde que lleg\u00f3 anoche a Barcelona. &#8220;La titular\u00eda la historia sin fin, que no se acabe nunca&#8221;, ha dicho.<\/p>\n<p>Dice que viene al Bar\u00e7a para aprender de los mejores. &#8220;Estoy aqu\u00ed para aprender de Leo, de Xavi, de todos, de los que m\u00e1s saben&#8221;, ha insistido el delantero azulgrana, quien asegura que quiere &#8220;continuar jugando como hasta ahora&#8221; y sobre todo &#8220;ganar t\u00edtulos&#8221;.<\/p>\n<p>&#8220;Todos los equipos del mundo quieren ganar, pero sobre todo al Barcelona&#8221;, ha dicho\u00a0Alexis, quien no sabe cuando volver\u00e1 de vacaciones, puesto que tiene pendiente para esta tarde una reuni\u00f3n con el entrenador, Pep Guardiola.<\/p>\n<p>El chileno ha desvelado que en medio de la negociaci\u00f3n result\u00f3 &#8220;muy importante&#8221; que Guardiola le llamara por tel\u00e9fono. &#8220;Me dio confianza&#8221;, ha comentadoAlexis\u00a0S\u00e1nchez, quien ha repetido que ha aceptado la oferta del Bar\u00e7a porque su padre y su familia siempre quisieron que jugara aqu\u00ed.<\/p>\n<p>&#8220;Para m\u00ed lo m\u00e1s importante son los t\u00edtulos y para eso vine. Cuando tenga mis hijos y mi esposa querr\u00e9 explicarles mi historia y los t\u00edtulos que he ganado&#8221;, ha indicado el chileno, quien vive en una nube: &#8220;No siento si estoy aqu\u00ed o no&#8221;.<\/p>\n<p>Alexis\u00a0S\u00e1nchez ha reiterado que se siente parte del &#8220;mejor equipo del mundo&#8221; y ha resumido su filosof\u00eda vital: &#8220;Cuando un jugador le va mal en la vida y aprende a levantarse, se hace m\u00e1s fuerte. Me gustan los retos, como persona y como futbolista&#8221;.<\/p>\n<p>Su \u00eddolo de infancia es &#8216;El fen\u00f3meno&#8217; Ronaldo, el delantero brasile\u00f1o que triunf\u00f3 en el Bar\u00e7a y en el Real Madrid. &#8220;Fue \u00fanico&#8221;, ha opinado\u00a0Alexis, quien tambi\u00e9n ha alabado a Iv\u00e1n Zamorano, exjugador del Sevilla y del Real Madrid: &#8220;A Zamorano lo tengo como \u00eddolo y como persona&#8221;.<\/p>\n<p>Ha admitido que resultar\u00e1 &#8220;dif\u00edcil&#8221; que pueda jugar en el equipo titular de Pep Guardiola. &#8220;Lo importante es que me integre bien en el grupo&#8221;, ha dicho el chileno.<\/p>\n<p>Orgulloso de que tanto Leo Messi como Dani Alves hayan &#8216;bendecido&#8217; su fichaje por el Bar\u00e7a,\u00a0Alexis\u00a0S\u00e1nchez se ha mostrado ambicioso en lo personal y en lo colectivo y ya espera los primeros retos.<\/p>\n<p>&#8220;No me conformo nunca con lo conseguido. \u00bfQu\u00e9 c\u00f3mo me espero que sea el primer partido ante el Real Madrid? Todav\u00eda no lo he pensado, solo pienso en ganarlo. Yo juego todos los partidos para ganarlos&#8221;, ha dicho.<\/p>\n<p>Y ante la ausencia de noticias sobre Cesc F\u00e0bregas,\u00a0Alexis\u00a0S\u00e1nchez ha admitido que le gustar\u00eda jugar al lado del centrocampista de los &#8216;gunners&#8217;. Seguramente ha querido solidarizarse con F\u00e0bregas y le ha venido a la cabeza las duras negociaciones vividas en la distancia: &#8220;Estaba ansioso para que se terminara todo. El culebr\u00f3n era largo&#8221;. M\u00e1s largo a\u00fan est\u00e1 siendo el &#8216;serial Cesc&#8217;.<\/p>\n","protected":false},"excerpt":{"rendered":"<p>El delantero chileno Alexis S\u00e1nchez, el primer fichaje del Barcelona para la pr\u00f3xima temporada, firm\u00f3 su contrato por cinco a\u00f1os y dijo que llega a Barcelona a aprender de Leo Messi y de Xavi Hern\u00e1ndez, &#8220;los mejores, los que m\u00e1s saben&#8221;.<\/p>\n","protected":false},"author":1,"featured_media":6061,"comment_status":"closed","ping_status":"open","sticky":false,"template":"","format":"standard","meta":{"footnotes":""},"categories":[28],"tags":[4718,177,178,573,179],"class_list":["post-6060","post","type-post","status-publish","format-standard","has-post-thumbnail","hentry","category-deportes","tag-alexis","tag-barca","tag-barcelona","tag-fichajes","tag-futbol-2"],"_links":{"self":[{"href":"https:\/\/diarioelpopular.com\/index.php\/wp-json\/wp\/v2\/posts\/6060","targetHints":{"allow":["GET"]}}],"collection":[{"href":"https:\/\/diarioelpopular.com\/index.php\/wp-json\/wp\/v2\/posts"}],"about":[{"href":"https:\/\/diarioelpopular.com\/index.php\/wp-json\/wp\/v2\/types\/post"}],"author":[{"embeddable":true,"href":"https:\/\/diarioelpopular.com\/index.php\/wp-json\/wp\/v2\/users\/1"}],"replies":[{"embeddable":true,"href":"https:\/\/diarioelpopular.com\/index.php\/wp-json\/wp\/v2\/comments?post=6060"}],"version-history":[{"count":0,"href":"https:\/\/diarioelpopular.com\/index.php\/wp-json\/wp\/v2\/posts\/6060\/revisions"}],"wp:featuredmedia":[{"embeddable":true,"href":"https:\/\/diarioelpopular.com\/index.php\/wp-json\/"}],"wp:attachment":[{"href":"https:\/\/diarioelpopular.com\/index.php\/wp-json\/wp\/v2\/media?parent=6060"}],"wp:term":[{"taxonomy":"category","embeddable":true,"href":"https:\/\/diarioelpopular.com\/index.php\/wp-json\/wp\/v2\/categories?post=6060"},{"taxonomy":"post_tag","embeddable":true,"href":"https:\/\/diarioelpopular.com\/index.php\/wp-json\/wp\/v2\/tags?post=6060"}],"curies":[{"name":"wp","href":"https:\/\/api.w.org\/{rel}","templated":true}]}}