{"id":6214,"date":"2011-07-26T20:25:19","date_gmt":"2011-07-27T00:25:19","guid":{"rendered":"http:\/\/retrolab.ca\/elpopular\/?p=6214"},"modified":"2011-07-26T20:25:19","modified_gmt":"2011-07-27T00:25:19","slug":"argentina-quiere-fusionar-la-primera-y-la-segunda-division-para-salvar-al-river","status":"publish","type":"post","link":"https:\/\/diarioelpopular.com\/index.php\/2011\/07\/26\/argentina-quiere-fusionar-la-primera-y-la-segunda-division-para-salvar-al-river\/","title":{"rendered":"Argentina quiere fusionar la Primera y la Segunda divisi\u00f3n para salvar al River"},"content":{"rendered":"<div id=\"attachment_3048\" style=\"width: 710px\" class=\"wp-caption aligncenter\"><a href=\"http:\/\/retrolab.ca\/elpopular\/wp-content\/uploads\/2011\/06\/river1.jpg\"><img loading=\"lazy\" decoding=\"async\" aria-describedby=\"caption-attachment-3048\" class=\"size-full wp-image-3048\" title=\"Descenso de River Plate\" src=\"http:\/\/retrolab.ca\/elpopular\/wp-content\/uploads\/2011\/06\/river1.jpg\" alt=\"\" width=\"700\" height=\"420\" \/><\/a><p id=\"caption-attachment-3048\" class=\"wp-caption-text\">El jugador Mariano Pavone (i) de River Plate, tras fallar un penalty ante Belgrano, en el partido que le vali\u00f3 a su equipo el descenso a la Segunda Divisi\u00f3n del f\u00fatbol argentino. Foto: Iv\u00e1n Franco \/ EFE<\/p><\/div>\n<p><em>Efe. Buenos Aires.- <\/em>El proyecto que impulsa la Asociaci\u00f3n del F\u00fatbol Argentino (AFA) para fusionar la Primera y Segunda divisi\u00f3n despert\u00f3 este martes varias cr\u00edticas entre dirigentes de clubes y caus\u00f3 un revuelo en las redes sociales, con cientos de mensajes en los que abundan el humor y la iron\u00eda.<\/p>\n<p>El Comit\u00e9 Ejecutivo de la AFA aprob\u00f3 por mayor\u00eda la iniciativa que modifica el campeonato local de cara a la temporada 2012\/2013, con una suerte de fusi\u00f3n entre 38 equipos de ambas divisiones del f\u00fatbol, apenas un mes despu\u00e9s del in\u00e9dito descenso del poderoso\u00a0River\u00a0Plate a la segunda categor\u00eda.<\/p>\n<p>El proyecto, que deber\u00e1 ser aprobado en octubre por la Asamblea Ordinaria de la federaci\u00f3n, elimina los descensos de la m\u00e1xima categor\u00eda por una temporada y ampl\u00eda los ingresos de los clubes por derechos de la transmisi\u00f3n por televisi\u00f3n.<\/p>\n<p>&#8220;Que\u00a0River\u00a0no termine 17 de 20, si no el torneo 2013\/2014 va a tener 60 equipos&#8221;, &#8220;Los partidos de Boca durar\u00e1n los minutos suficientes para que este gane&#8221;, &#8220;Si la cantidad de goles es impar, el resultado se invierte y gana el que perdi\u00f3&#8221;, rezaban algunos de los numerosos mensajes en Twitter que comentaban con sorna la novedad.<\/p>\n<p>La fusi\u00f3n de la Primera y Segunda divisi\u00f3n se impulsa poco despu\u00e9s del descenso del\u00a0River\u00a0y en momentos en que Boca Juniors, San Lorenzo y Racing se ubican entre los diez equipos con peor promedio de la m\u00e1xima categor\u00eda, lo que hace tambalear su permanencia en la clasificaci\u00f3n m\u00e1s codiciada.<\/p>\n<p>El portavoz de la AFA, Ernesto Cherquis Bialo, inform\u00f3 este lunes de que los m\u00e1ximos dirigentes del f\u00fatbol argentino alcanzaron un &#8220;amplio consenso&#8221; para la confecci\u00f3n de este nuevo torneo, &#8220;que b\u00e1sicamente consiste en una fusi\u00f3n entre la Primera Divisi\u00f3n y el Nacional B&#8221;.<\/p>\n<p>Con 22 votos a favor y cuatro abstenciones, el Comit\u00e9 Ejecutivo acord\u00f3 este anteproyecto que entrar\u00eda en vigor en agosto de 2012 y del que participar\u00e1n todos los clubes argentinos.<\/p>\n<p>Aclar\u00f3 adem\u00e1s que los cuatro clubes con peores resultados descender\u00edan de forma directa, lo que elimina el sistema de promedios y promociones que ahora rige en el f\u00fatbol local.<\/p>\n<p>&#8220;\u00bfC\u00f3mo les explico a mis socios que por una firma m\u00eda lo hago subir a (Rosario) Central, que no hizo ning\u00fan m\u00e9rito para estar en Primera?&#8221;, se quej\u00f3 Guillermo Llorente, presidente del Newell&#8217;s, archirrival del Central, que milita en la segunda categor\u00eda.<\/p>\n<p>Llorente fue uno de los dirigentes que se abstuvo en la votaci\u00f3n al proyecto que se realiz\u00f3 este lunes en la AFA, al igual que el presidente de All Boys, Roberto Bugallo, quien opin\u00f3 que &#8220;lo mejor es que se ganen los torneos y se juegue por una competici\u00f3n leal&#8221;.<\/p>\n<p>&#8220;Creo que influy\u00f3 mucho el descenso de\u00a0River, pero no s\u00e9 que se busca con todo esto. Creo que es un tema econ\u00f3mico sobre todo, para que F\u00fatbol Para Todos pueda televisar todo lo que es el Nacional B, as\u00ed que la unificaci\u00f3n es lo m\u00e1s l\u00f3gico pensando en t\u00e9rminos econ\u00f3micos&#8221;, arremeti\u00f3 Bugallo.<\/p>\n<p>Julio Baldomar, vicepresidente del V\u00e9lez Sarsfield, campe\u00f3n del pasado torneo Clausura, asegur\u00f3 que en el club &#8220;nunca&#8221; fueron &#8220;oficialmente informados de este nuevo torneo antes de la reuni\u00f3n&#8221; en la AFA.<\/p>\n<p>&#8220;Me pareci\u00f3 un poco inapropiado, parece que hab\u00eda urgencias. La mayor\u00eda de los clubes no estaban al tanto de este torneo&#8221;, dijo Baldomar.<\/p>\n<p>Con este nuevo formato, el torneo estar\u00eda dividido en dos zonas. Los mejores cinco clasificados de cada zona pelear\u00e1n por el t\u00edtulo y por su clasificaci\u00f3n a las copas Libertadores y Sudamericana, y a esa posibilidad tambi\u00e9n acceder\u00e1n los mejores nueve de una clasificaci\u00f3n general.<\/p>\n<p>Los 19 equipos restantes tendr\u00e1n como principal objetivo la permanencia.<\/p>\n<p>La prensa local asegura hoy que el monto del contrato que la AFA mantiene con el Gobierno para la transmisi\u00f3n por TV del torneo, llamado F\u00fatbol para Todos, se duplicar\u00eda hasta llegar a los 1.200 millones de pesos (288,4 millones de d\u00f3lares).<\/p>\n<p>El portavoz de la federaci\u00f3n anunci\u00f3 ayer que se aprob\u00f3 la apertura del canal AFA TV, por el que se retransmitir\u00e1n todos los partidos del torneo.<\/p>\n","protected":false},"excerpt":{"rendered":"<p>El proyecto que impulsa la Asociaci\u00f3n del F\u00fatbol Argentino (AFA) para fusionar la Primera y Segunda divisi\u00f3n despert\u00f3 cr\u00edticas entre dirigentes de clubes y caus\u00f3 un revuelo en las redes sociales, con cientos de mensajes en los que abundan el humor y la iron\u00eda.<\/p>\n","protected":false},"author":1,"featured_media":3048,"comment_status":"closed","ping_status":"open","sticky":false,"template":"","format":"standard","meta":{"footnotes":""},"categories":[28],"tags":[6970,43,5201],"class_list":["post-6214","post","type-post","status-publish","format-standard","has-post-thumbnail","hentry","category-deportes","tag-afa","tag-argentina","tag-river"],"_links":{"self":[{"href":"https:\/\/diarioelpopular.com\/index.php\/wp-json\/wp\/v2\/posts\/6214","targetHints":{"allow":["GET"]}}],"collection":[{"href":"https:\/\/diarioelpopular.com\/index.php\/wp-json\/wp\/v2\/posts"}],"about":[{"href":"https:\/\/diarioelpopular.com\/index.php\/wp-json\/wp\/v2\/types\/post"}],"author":[{"embeddable":true,"href":"https:\/\/diarioelpopular.com\/index.php\/wp-json\/wp\/v2\/users\/1"}],"replies":[{"embeddable":true,"href":"https:\/\/diarioelpopular.com\/index.php\/wp-json\/wp\/v2\/comments?post=6214"}],"version-history":[{"count":0,"href":"https:\/\/diarioelpopular.com\/index.php\/wp-json\/wp\/v2\/posts\/6214\/revisions"}],"wp:featuredmedia":[{"embeddable":true,"href":"https:\/\/diarioelpopular.com\/index.php\/wp-json\/"}],"wp:attachment":[{"href":"https:\/\/diarioelpopular.com\/index.php\/wp-json\/wp\/v2\/media?parent=6214"}],"wp:term":[{"taxonomy":"category","embeddable":true,"href":"https:\/\/diarioelpopular.com\/index.php\/wp-json\/wp\/v2\/categories?post=6214"},{"taxonomy":"post_tag","embeddable":true,"href":"https:\/\/diarioelpopular.com\/index.php\/wp-json\/wp\/v2\/tags?post=6214"}],"curies":[{"name":"wp","href":"https:\/\/api.w.org\/{rel}","templated":true}]}}