{"id":6260,"date":"2011-07-27T10:29:06","date_gmt":"2011-07-27T14:29:06","guid":{"rendered":"http:\/\/retrolab.ca\/elpopular\/?p=6260"},"modified":"2011-07-27T10:29:06","modified_gmt":"2011-07-27T14:29:06","slug":"notas-del-futbol-hispano-7","status":"publish","type":"post","link":"https:\/\/diarioelpopular.com\/index.php\/2011\/07\/27\/notas-del-futbol-hispano-7\/","title":{"rendered":"Notas del f\u00fatbol hispano"},"content":{"rendered":"<div id=\"attachment_6261\" style=\"width: 346px\" class=\"wp-caption alignright\"><a href=\"http:\/\/retrolab.ca\/elpopular\/wp-content\/uploads\/2011\/07\/FOTO-1-NOTAS2.jpg\"><img loading=\"lazy\" decoding=\"async\" aria-describedby=\"caption-attachment-6261\" class=\"size-full wp-image-6261  \" title=\"Ricardo Uyema Torres\" src=\"http:\/\/retrolab.ca\/elpopular\/wp-content\/uploads\/2011\/07\/FOTO-1-NOTAS2.jpg\" alt=\"\" width=\"336\" height=\"314\" \/><\/a><p id=\"caption-attachment-6261\" class=\"wp-caption-text\">Ricardo Uyema Torres (derecha) con su amigo Pirro, en una foto del verano 2010. Ricardo, falleci\u00f3 el pasado s\u00e1bado, luego de jugar un partido: Cada vez que se juegue un bal\u00f3n en un partido de f\u00fatbol, ah\u00ed estar\u00e1 el \u201cChino\u201d Uyema<\/p><\/div>\n<p>Sorpresivo el deceso de Ricardo Uyema Torres, el conocido \u201cChino\u201d Uyema de los equipos peruanos desde la d\u00e9cada del 70, cuando era jovencito que llegaba de Montreal a Toronto. Ricardo, falleci\u00f3, al parecer de un fulminante ataque al coraz\u00f3n, al promediar el mediod\u00eda del pasado s\u00e1bado en los alrededores del estacionamiento de la cancha Weston Lions. Juan Solar y Luisito Guerrero, compa\u00f1eros de Ricardo Uyema, nos informaban que previo al partido, mostraba cierto malestar, despu\u00e9s de jugar por el equipo Per\u00fa Blanco, se fue a la piscina de este complejo a ba\u00f1arse, enseguida fue a reposar a su carro; pasados unos 15 minutos, cuando sus compa\u00f1eros pensaban que estaba en descanso, fueron a saber c\u00f3mo segu\u00eda notaron que estaba moribundo. Quiz\u00e1s una de las causas fue el intenso calor y la humedad con r\u00e9cords de los recientes d\u00edas en Toronto. Algunos de sus compa\u00f1eros, dieron los primeros auxilios, llamando a una ambulaci\u00f3n, en donde siguieron otorg\u00e1ndole auxilios m\u00e1s severos conduci\u00e9ndolo al hospital, despu\u00e9s falleci\u00f3, ante la tristeza de sus compa\u00f1eros, amigos y el f\u00fatbol latino en general, en especial su familia con su esposa, hija y dem\u00e1s familiares, en donde ha dejado un vacio dif\u00edcil de llenar. Alegre, participativo, respetuoso, amigo as\u00ed lo recordamos al \u201cChino\u201d Ricardo, a quien conocimos siendo jovencito en d\u00e9cadas atr\u00e1s, actualmente ten\u00eda 56 a\u00f1os era \u201cchalaco\u201d es decir del Puerto del Callao, cercano a Lima la capital peruana. Recordamos que Ricardo, nos comentaba que su padre era de origen japon\u00e9s y su madre peruana, pero en todo momento nos manifestaba su orgullo de ser  muy peruano, a pesar de haber llegada a Canad\u00e1 cuando era una adolescente. El mismo s\u00e1bado en horas de la noche sus amigos de APC en sus tertulias con Joe Guiria, a la cabeza, lloraban la inesperada partida del insuperable amigo campe\u00f3n: Ricardo Uyema. En la tarde del domingo, el fallecimiento del \u201cChino\u201d era tema principal de conversaci\u00f3n en las celebraciones de las fiestas patrias peruanas en pleno City Hall; todos sus amigos, se sorprend\u00edan con un \u00a1no puede ser! Al enterarse de la muerte de un paisano peruano tan querido dentro de su colectiva y todos los latinos de la ciudad y tambi\u00e9n de Montreal. Carolita, mi esposa cuando le dije la terrible noticia, se puso a llorar, porque apreciaba a Ricardo, desde hace a\u00f1os lo mismo a su familia.<\/p>\n<div id=\"attachment_6263\" style=\"width: 310px\" class=\"wp-caption alignleft\"><a href=\"http:\/\/retrolab.ca\/elpopular\/wp-content\/uploads\/2011\/07\/FOTO-2-NOTAS2.jpg\"><img loading=\"lazy\" decoding=\"async\" aria-describedby=\"caption-attachment-6263\" class=\"size-medium wp-image-6263\" title=\"Ricardo Uyema, con la Selecci\u00f3n de Montreal\" src=\"http:\/\/retrolab.ca\/elpopular\/wp-content\/uploads\/2011\/07\/FOTO-2-NOTAS2-300x190.jpg\" alt=\"\" width=\"300\" height=\"190\" \/><\/a><p id=\"caption-attachment-6263\" class=\"wp-caption-text\">Ricardo Uyema, segundo de izq a der, en la fila de abajo con la Selecci\u00f3n de Montreal, en un partido ante su similar de Toronto desarrollado en las primeras semanas de enero del presente a\u00f1o. \u201cChino\u201d Uyema, ten\u00eda muchos amigos en Montreal, en donde lleg\u00f3 cuando ten\u00eda 14 a\u00f1os, despu\u00e9s se mud\u00f3 a Toronto<\/p><\/div>\n<p>La vida contin\u00faa, y la familia de Ricardo Uyema Torres necesita ayuda para su sepelio que cuesta miles de d\u00f3lares. Por lo pronto cada uno de sus compa\u00f1eros de los equipos Per\u00fa Blanco, Per\u00fa Rojo, Deportivo Per\u00fa, va poner cada uno 50 d\u00f3lares como m\u00ednimo. Este s\u00e1bado 30 en la fiesta que iban celebrar por motivo del aniversario patrio en la casa de Antonio Garc\u00eda, todo lo recaudado ser\u00e1 para los deudos de Ricardo, que seguramente por las circunstancias tendr\u00e1n meterse a un tremendo pr\u00e9stamo de miles de d\u00f3lares. Jugadores de la liga Centro Sur York, est\u00e1n dispuestos a colaborar con colectas entre diferentes equipos participantes, nos comentaba Juan Soler. Por otro lado, el grupo del APC en donde Ricardo, era uno de sus miembros principales, tienen planes de organizar un gran asado en el Eglinton Flats. Don Daniel Cerros, incluir\u00e1 en su programaci\u00f3n de este s\u00e1bado en Weston Lions, un partido especial entre jugadores del cl\u00e1sico peruano Alianza vs. Universitario, para ayudar econ\u00f3micamente a la familia de Ricardo, que se mostrara feliz desde donde este, como sus amigos y la colectividad hispana, va colaborar con gran entusiasmo con su familia, en estos momentos dif\u00edciles llenos de tristezas y tambi\u00e9n de futuras deudas siempre tan complicadas en una familia trabajadora. Toda iniciativa es bienvenida para informaci\u00f3n comunicarse con Juan Soler, al tel\u00e9fono 647-449 2007. El velorio est\u00e1 fijado para hoy mi\u00e9rcoles a partir de las 2 de la tarde hasta las 9 de la noche, en una funeraria ubicada en el 3238 de Sheppard East, cerca a Warden. Mientras ma\u00f1ana a partir de las 10 de la ma\u00f1ana comenzar\u00e1 el entierro. Descansa en paz \u201cChino\u201d\u2026<\/p>\n<div id=\"attachment_6264\" style=\"width: 236px\" class=\"wp-caption alignright\"><a href=\"http:\/\/retrolab.ca\/elpopular\/wp-content\/uploads\/2011\/07\/FOTO-3-NOTAS2.jpg\"><img loading=\"lazy\" decoding=\"async\" aria-describedby=\"caption-attachment-6264\" class=\"size-medium wp-image-6264\" title=\"Jos\u00e9 \u201cPepe\u201d Silva\" src=\"http:\/\/retrolab.ca\/elpopular\/wp-content\/uploads\/2011\/07\/FOTO-3-NOTAS2-226x300.jpg\" alt=\"\" width=\"226\" height=\"300\" \/><\/a><p id=\"caption-attachment-6264\" class=\"wp-caption-text\">Jos\u00e9 \u201cPepe\u201d Silva, nuevo entrenador de Aztecas M\u00e9xico, de buena campa\u00f1a en los masters de la hispana, luego de cancelar los pagos por terna arbitral<\/p><\/div>\n<p>Que el fallecimiento de Ricardo Uyema, sirva como una medida precauci\u00f3n hacia sus colegas futbolistas masters o veteranos, en los d\u00edas de altas temperaturas veraniegos; no es la primera vez que ocurren estos fallecimientos tan imprevisto en nuestro f\u00fatbol hispano. Recordamos que en los primeros a\u00f1os de la d\u00e9cada anterior, un jugador veteranos del Chile Lindo, despu\u00e9s de concluir se fue a ba\u00f1ar en los vestuarios de Eglinton Flats, y falleci\u00f3 de un fulminante ataque al coraz\u00f3n. Despu\u00e9s en un torneo de invierno, otro jugador jugando un partido de indoor soccer en el Soccer Centre, tambi\u00e9n falleci\u00f3 por la misma causa. Otro caso fue en veranos atr\u00e1s en la Liga de Oro, cuando otro futbolista de divisi\u00f3n adultos, falleci\u00f3 en su hogar, luego de jugar un partido con altas temperaturas. Finalmente tenemos el caso m\u00e1s reciente con Ricardo Uyema. No est\u00e1 por dem\u00e1s hacer un peque\u00f1o chequeo m\u00e9dico, y saber el veredicto del profesional si puede o no jugar\u2026<\/p>\n<p>En el f\u00fatbol mundial profesional no han faltado muertes en plena cancha en recientes tiempos que inclusive se han visto por televisi\u00f3n.<\/p>\n<p>Un ex futbolista natural de Sonseca en Espa\u00f1a, C\u00e9sar Peces Mart\u00edn, de 38 a\u00f1os, ha fallecido a \u00faltima hora del pasado s\u00e1bado a causa de un infarto cuando disputaba un partido de veteranos en el campo de f\u00fatbol de la localidad toledana de Nambroca. Seg\u00fan ha confirmado a Efe Juan Palencia, ex presidente del Sonseca y actual vicepresidente de la Federaci\u00f3n de Castilla-La Mancha de f\u00fatbol, el suceso ocurri\u00f3 hacia las 21:30 horas del reciente s\u00e1bado, cuando el ex jugador disputaba un partido de veteranos en la vecina localidad de Nambroca. Al parecer, seg\u00fan ha se\u00f1alado, sufri\u00f3 un desvanecimiento s\u00fabito y cay\u00f3 fulminado. De inmediato se dio aviso al servicio de emergencia que desplaz\u00f3 hasta el lugar de los hechos una ambulancia m\u00f3vil, que intent\u00f3 reanimarlo, pero finalmente no pudo hacer nada por salvar su vida. Seg\u00fan el ex presidente, este interior izquierdo, de gran envergadura -media cerca de 1,90 metros-, abandon\u00f3 la pr\u00e1ctica activa del f\u00fatbol en la temporada 2006\/07, tras jugar pr\u00e1cticamente toda su vida deportiva en el Sonseca -diez a\u00f1os en el primer equipo y tambi\u00e9n defendi\u00f3 durante una temporada los colores del Torrijos.<\/p>\n<div id=\"attachment_6265\" style=\"width: 250px\" class=\"wp-caption alignleft\"><a href=\"http:\/\/retrolab.ca\/elpopular\/wp-content\/uploads\/2011\/07\/FOTO-4-NOTAS1.jpg\"><img loading=\"lazy\" decoding=\"async\" aria-describedby=\"caption-attachment-6265\" class=\"size-medium wp-image-6265\" title=\"Juan Vinueza\" src=\"http:\/\/retrolab.ca\/elpopular\/wp-content\/uploads\/2011\/07\/FOTO-4-NOTAS1-240x300.jpg\" alt=\"\" width=\"240\" height=\"300\" \/><\/a><p id=\"caption-attachment-6265\" class=\"wp-caption-text\">Juan  Vinueza, zaguero del Ciudad de Quito, recientemente cumpli\u00f3 60  primaveras, alegando a los r\u00e9feris el comienzo del partido ante  Deportivo Cuenca. Juan, donar\u00e1 el trofeo del cl\u00e1sico Quito ante  Pichincha, el s\u00e1bado 6 de agosto en la cancha 3 de Eglinton Flats<\/p><\/div>\n<p>Juan Vinueza, va a donar el \u201cTrofeo Nelson Robayo Salazar\u201d que jugar\u00e1 entre los equipos Pichincha vs. Ciudad de Quito, en el marco del torneo masters de la Liga Hispanoamericana, en la fecha del s\u00e1bado 6 de agosto\u2026<\/p>\n<p>Despu\u00e9s de la reciente Copa Am\u00e9rica 2011 con Uruguay, como merecido campe\u00f3n en un torneo en donde las grandes estrellas fracasaron comenzando con Messi y otros jugadores, siendo Forl\u00e1n y Suarez, los \u00fanicos renombraron jugadores que brillaron. Todo parece indicar que es m\u00e1s dif\u00edcil jugar en Sudam\u00e9rica que en Europa. Eso solamente se sabr\u00eda si alguna vez los mejores jugadores vengan jugar en equipos sudamericanos. Recientemente un comentarista espa\u00f1ol del Diario As, dec\u00eda que esta Copa Am\u00e9rica era m\u00e1s pena que gloria, y criticaba a los jugadores sudamericanos que juegan Europa. Varios se creen m\u00e1s de lo son, lo mismo cobran millones de d\u00f3lares, por el buen manejo de sus representantes. Por otro lado, digo yo, los medios de prensa tipo Fox Sport con sus comentaristas que cada vez que pierden los equipos rioplatenses, le echan la culpa a los \u00e1rbitros, la cancha, la altura, en cambio cuando ganan equipos de otros pa\u00edses es pura casualidad; tienen la costumbre de poner por los cielos a jugadores de cierta calidad que destacan en algunos partidos, luego los venden por m\u00e1s para de lo valen y despu\u00e9s lo devuelven por lo realmente cuestan. El se\u00f1or Niembro, se cree due\u00f1o la verdad, todo lo que \u00e9l dice es cierto, lo dem\u00e1s no sirve, ni bien fue eliminado Argentina, comenz\u00f3 una campa\u00f1a para que boten al \u201cChecho\u201d Batista, que tampoco creo que no era el entrenador adecuado para el manejo de una selecci\u00f3n de tantas \u201cestrellas\u201d. En esta clase de equipos, se necesita un entrenador tipo del espa\u00f1ol Vicente Del Bosque, con su car\u00e1cter conciliador entre jugadores, eg\u00f3latras, vanidosos y lleno de inter\u00e9s creados, logro hace varios a\u00f1os hacer del Real Madrid, un equipo campe\u00f3n de varias copas europeas. Ahora que vengan el Mundial Juvenil Colombia 2011, el torneo de las estrellas del futuro futbol\u00edstico\u2026<\/p>\n<div id=\"attachment_6266\" style=\"width: 310px\" class=\"wp-caption alignright\"><a href=\"http:\/\/retrolab.ca\/elpopular\/wp-content\/uploads\/2011\/07\/FOTO-5-NOTAS2.jpg\"><img loading=\"lazy\" decoding=\"async\" aria-describedby=\"caption-attachment-6266\" class=\"size-medium wp-image-6266\" title=\"Los jugadores del Deportivo Patria\" src=\"http:\/\/retrolab.ca\/elpopular\/wp-content\/uploads\/2011\/07\/FOTO-5-NOTAS2-300x176.jpg\" alt=\"\" width=\"300\" height=\"176\" \/><\/a><p id=\"caption-attachment-6266\" class=\"wp-caption-text\">Los jugadores del Deportivo Patria, retirado del torneo masters de la hispana, pueden reforzar a otros equipos participantes en el actual campeonato<\/p><\/div>\n<p>El Real Madrid hizo un pre temporada por Estados Unidos, demostrando que va fuerte hacia el torneo espa\u00f1ol 2011-12, que con el Barcelona, lucharan de principio a fin por el t\u00edtulo. El resto es comparsa, inclusive no faltan equipos espa\u00f1oles que est\u00e1n rematando sus mejores jugadores, y vienen comprando barato en los mercados africanos, algunos sudamericanos y mexicanos. Algunos como el equipo Malaga del Ingeniero Pellegrini, se refuerza con jugadores reconocidos no tan para darle batalla a los dos grandes, sino m\u00e1s bien para librarse del descenso\u2026<\/p>\n<div id=\"attachment_6267\" style=\"width: 214px\" class=\"wp-caption alignleft\"><a href=\"http:\/\/retrolab.ca\/elpopular\/wp-content\/uploads\/2011\/07\/FOTO-6-NOTAS2.jpg\"><img loading=\"lazy\" decoding=\"async\" aria-describedby=\"caption-attachment-6267\" class=\"size-medium wp-image-6267 \" title=\"El golero Frei\" src=\"http:\/\/retrolab.ca\/elpopular\/wp-content\/uploads\/2011\/07\/FOTO-6-NOTAS2-255x300.jpg\" alt=\"\" width=\"204\" height=\"240\" \/><\/a><p id=\"caption-attachment-6267\" class=\"wp-caption-text\">El golero Frei, el mejor jugador del Toronto FC, se mide esta noche ante Real Estili, campe\u00f3n de Nicaragua, en el comienzo de la Concachampions en el BMO<\/p><\/div>\n<p>El f\u00fatbol a cada rato tiene revanchas, en pocas semanas tendremos el inicio de torneo Copa Sudamericana, tambi\u00e9n se vienen las eliminatorias sudamericanas. Para se vayan familiarizando tenemos las cuatro primeras fechas se jugar\u00e1n este a\u00f1o. Las eliminatorias sudamericanas rumbo al mundial Brasil 2014, comienzan el 7 de octubre de este a\u00f1o con la primera fecha que tiene los siguientes partidos: Per\u00fa ante Paraguay; Argentina vs Chile, s\u00e1bado 8; Ecuador vs. Ecuador, s\u00e1bado 8 y Uruguay vs. Ecuador, s\u00e1bado 8; Colombia, descansa. Mientras Brasil, no participar\u00e1 por su clasificaci\u00f3n autom\u00e1tica en su calidad de organizador. Los primeros equipos nombrados van de locales. Segunda fecha: Bolivia vs. Colombia, mi\u00e9rcoles 12 de octubre; Paraguay vs. Uruguay, mi\u00e9rcoles 12; Chile vs. Per\u00fa, mi\u00e9rcoles 12; Venezuela ante Argentina, mi\u00e9rcoles 12; Ecuador, descansa. Tercera fecha, Argentina vs. Bolivia, domingo 20 de noviembre; Colombia vs. Venezuela, domingo 20 de noviembre; Paraguay vs. Ecuador, domingo 20 de noviembre y Uruguay vs. Chile, domingo 20 de noviembre; Per\u00fa, descansa. Cuarta Fecha: Venezuela vs. Bolivia, mi\u00e9rcoles 23 de noviembre; Colombia vs. Argentina, mi\u00e9rcoles 23 de noviembre; Ecuador vs. Per\u00fa, mi\u00e9rcoles 23 noviembre y Chile vs. Paraguay, mi\u00e9rcoles 23 de noviembre; Uruguay, descansa. La quinta fecha retornar\u00e1 en la primera semana de junio del 2012. Las eliminatorias concluir\u00e1n despu\u00e9s de mediados del 2013, y los cuatros primeros van directo al mundial, y el quinto a repechaje posiblemente con una selecci\u00f3n de CONCACAF\u2026<\/p>\n<div id=\"attachment_6268\" style=\"width: 232px\" class=\"wp-caption alignright\"><a href=\"http:\/\/retrolab.ca\/elpopular\/wp-content\/uploads\/2011\/07\/FOTO-7-NOTAS1.jpg\"><img loading=\"lazy\" decoding=\"async\" aria-describedby=\"caption-attachment-6268\" class=\"size-medium wp-image-6268 \" title=\"Carlos Tevez\" src=\"http:\/\/retrolab.ca\/elpopular\/wp-content\/uploads\/2011\/07\/FOTO-7-NOTAS1-278x300.jpg\" alt=\"\" width=\"222\" height=\"240\" \/><\/a><p id=\"caption-attachment-6268\" class=\"wp-caption-text\">Carlos Tevez, no rindi\u00f3 de acuerdo a su cartel en la reciente Copa Am\u00e9rica 2011. (Foto Jos\u00e9 Ruiz, desde Buenos Aires, Argentina)<\/p><\/div>\n<p>El t\u00e9cnico del M\u00e1laga, el chileno Manuel Pellegrini, ha asegurado no se identifica ni con Josep Guardiola ni con Jose Mourinho y que sigue viendo al FC Barcelona como el &#8220;mejor equipo&#8221;, adem\u00e1s de elogiar a su compatriota Alexis S\u00e1nchez, reciente fichaje del conjunto catal\u00e1n. &#8220;No soy ni de Guardiola ni de Mourinho; cada t\u00e9cnico tiene su estilo, su manera de jugar, su manera de ser. La verdad es que no me &#8221;banderizo&#8221; con ninguno de los dos&#8221;, asegur\u00f3 el entrenador malaguista en una entrevista a &#8221;ligabbva.com&#8221;. &#8220;Yo creo que el Barcelona sigue siendo el mejor equipo; el Madrid se ha reforzado muy fuerte durante los dos \u00faltimos a\u00f1os. Veremos a final de temporada c\u00f3mo est\u00e1n las cosas&#8221;, afirm\u00f3. Pellegrini tambi\u00e9n ha hablado de su compatriota Alexis S\u00e1nchez, que el jueves se convert\u00eda en el primer fichaje del conjunto de Pep Guardiola para la temporada 2011-12. &#8220;Es un jugador que ha ido madurando de a poco, que sali\u00f3 muy joven de Chile y que ha pasado por instituciones muy importantes, como Colo-Colo en Chile, River Plate en Buenos Aires, Udinese y ahora Barcelona. A\u00f1o a a\u00f1o Alexis se est\u00e1 haciendo m\u00e1s fuerte, est\u00e1 haciendo m\u00e1s goles, ha madurado&#8230; No tengo ninguna duda de que va a ser un aporte muy grande para el club&#8221;, dijo &#8221;el ingeniero&#8221;. Precisamente el FC Barcelona ser\u00e1 su rival en la primera jornada de la pr\u00f3xima temporada, pero el chileno asegura que cuentan con plantilla para hacer frente al actual campe\u00f3n. &#8220;Conociendo a Pep Guardiola, saben que en cada partido se juegan la Liga; las cosas al final se consiguen o se pierden por un punto. Nos vamos a encontrar a un Barcelona que, independientemente de lo que pase en la Supercopa, va a venir aqu\u00ed a jugar con todo su potencial y a intentar ganar los tres primeros puntos del campeonato. Se va a encontrar con un M\u00e1laga que va a intentar jugar un gran partido y lograr los tres puntos\u2026<\/p>\n<div id=\"attachment_6269\" style=\"width: 230px\" class=\"wp-caption alignleft\"><a href=\"http:\/\/retrolab.ca\/elpopular\/wp-content\/uploads\/2011\/07\/FOTO-8-NOTAS2.jpg\"><img loading=\"lazy\" decoding=\"async\" aria-describedby=\"caption-attachment-6269\" class=\"size-medium wp-image-6269\" title=\"Armando Pereira\" src=\"http:\/\/retrolab.ca\/elpopular\/wp-content\/uploads\/2011\/07\/FOTO-8-NOTAS2-220x300.jpg\" alt=\"\" width=\"220\" height=\"300\" \/><\/a><p id=\"caption-attachment-6269\" class=\"wp-caption-text\">Armando Pereira, en el momento uno de los mejores \u00e1rbitros en Toronto, tiene a su cargo de la coordinaci\u00f3n de r\u00e9feris en la Liga Hispana<\/p><\/div>\n<p>El novel entrenador Aron Martin, del Toronto FC, sigue con sus pruebas en pleno torneo de la MSL, ahora envi\u00f3 a la cancha cinco jugadores nuevos en sus dos recientes partidos, l\u00f3gicamente los perdi\u00f3. Los jugadores de diversos pa\u00edses, a penas se conocen de saludo. Quiz\u00e1s cuando concluya el torneo a fines de octubre, los nuevos jugadores se integran como equipo, pero eso servir\u00e1 para el torneo de MSL 2012. El holand\u00e9s Torsten Frings, se nota que tiene oficio en la mediacancha, pero no se comprende con sus dem\u00e1s compa\u00f1eros, que no tienen su nivel futbol\u00edstico. El alem\u00e1n Danny Koevermans, es todo un tanque en el \u00e1rea rival, aunque se perdi\u00f3 un gol hecho ante FC Dallas que gano 1-0 la semana pasada, adem\u00e1s lo notamos fuera de forma, pero debe saber su oficio de hacer goles. Toronto FC debuta ante Real Esteli de Nicaragua, por la Concachampions en partidos de ida y vuelta, hoy a las 7 y 30 en el BMO, ya ganen algo\u2026<\/p>\n<p>Rodrigo Ponce, afirma que los jugadores del Deportivo Patria, pueden reforzar a otros equipos participantes del torneo masters de la Liga Hispana.<\/p>\n<p>Pichincha con su entrenador Alejandro \u201cMenotti\u201d Morinogo, por lo pronto ya registr\u00f3 a Franklin Acevedo, seguramente va seguir reforzando al equipo pichinchano\u2026<\/p>\n<p>Hasta la pr\u00f3xima\u2026<\/p>\n","protected":false},"excerpt":{"rendered":"<p>Sorpresivo el deceso de Ricardo Uyema Torres, el conocido \u201cChino\u201d Uyema de los equipos peruanos desde la d\u00e9cada del 70, cuando era jovencito que llegaba&hellip;<\/p>\n","protected":false},"author":1,"featured_media":6271,"comment_status":"closed","ping_status":"open","sticky":false,"template":"","format":"standard","meta":{"footnotes":""},"categories":[28],"tags":[],"class_list":["post-6260","post","type-post","status-publish","format-standard","has-post-thumbnail","hentry","category-deportes"],"_links":{"self":[{"href":"https:\/\/diarioelpopular.com\/index.php\/wp-json\/wp\/v2\/posts\/6260","targetHints":{"allow":["GET"]}}],"collection":[{"href":"https:\/\/diarioelpopular.com\/index.php\/wp-json\/wp\/v2\/posts"}],"about":[{"href":"https:\/\/diarioelpopular.com\/index.php\/wp-json\/wp\/v2\/types\/post"}],"author":[{"embeddable":true,"href":"https:\/\/diarioelpopular.com\/index.php\/wp-json\/wp\/v2\/users\/1"}],"replies":[{"embeddable":true,"href":"https:\/\/diarioelpopular.com\/index.php\/wp-json\/wp\/v2\/comments?post=6260"}],"version-history":[{"count":0,"href":"https:\/\/diarioelpopular.com\/index.php\/wp-json\/wp\/v2\/posts\/6260\/revisions"}],"wp:featuredmedia":[{"embeddable":true,"href":"https:\/\/diarioelpopular.com\/index.php\/wp-json\/"}],"wp:attachment":[{"href":"https:\/\/diarioelpopular.com\/index.php\/wp-json\/wp\/v2\/media?parent=6260"}],"wp:term":[{"taxonomy":"category","embeddable":true,"href":"https:\/\/diarioelpopular.com\/index.php\/wp-json\/wp\/v2\/categories?post=6260"},{"taxonomy":"post_tag","embeddable":true,"href":"https:\/\/diarioelpopular.com\/index.php\/wp-json\/wp\/v2\/tags?post=6260"}],"curies":[{"name":"wp","href":"https:\/\/api.w.org\/{rel}","templated":true}]}}