{"id":6435,"date":"2011-07-29T14:21:47","date_gmt":"2011-07-29T18:21:47","guid":{"rendered":"http:\/\/retrolab.ca\/elpopular\/?p=6435"},"modified":"2011-07-29T14:21:47","modified_gmt":"2011-07-29T18:21:47","slug":"las-futuras-estrellas-se-dan-cita-en-colombia","status":"publish","type":"post","link":"https:\/\/diarioelpopular.com\/index.php\/2011\/07\/29\/las-futuras-estrellas-se-dan-cita-en-colombia\/","title":{"rendered":"Las futuras estrellas se dan cita en Colombia"},"content":{"rendered":"<p><a href=\"http:\/\/retrolab.ca\/elpopular\/wp-content\/uploads\/2011\/07\/col.sub-20-calendario.jpg\"><img loading=\"lazy\" decoding=\"async\" class=\"aligncenter size-full wp-image-6442\" title=\"col.sub 20 calendario\" src=\"http:\/\/retrolab.ca\/elpopular\/wp-content\/uploads\/2011\/07\/col.sub-20-calendario.jpg\" alt=\"\" width=\"765\" height=\"864\" \/><\/a><em>Europa Press. Madrid.-<\/em> Un total de 24 selecciones, lideradas por las mejores perlas de las  canteras del planeta, pugnar\u00e1n desde este viernes por alzarse el pr\u00f3ximo  20 de agosto en el estadio El Camp\u00edn de Bogot\u00e1 con el t\u00edtulo en el  Mundial Sub-20, una cita a la que, como suele ser habitual, los equipos  europeos y sudamericanos llegan como favoritos, con permiso de los  africanos.<\/p>\n<p>Y es que hace dos a\u00f1os, en Canad\u00e1, Ghana dio la sorpresa al  imponerse en la tanda de penaltis de la final a Brasil, convirti\u00e9ndose  en la primera selecci\u00f3n no europea o sudamericana en llevarse un t\u00edtulo  que no podr\u00e1 defender.<\/p>\n<p>En ausencia de la campeona, el cartel de favorita la comparten  las de casi siempre, comenzando por la m\u00e1s laureada, Argentina, que  regresa tras perderse la \u00faltima cita en la que no pudo defender la que  hab\u00eda sido en 2007 su s\u00e9ptima corona.<\/p>\n<p>Sin embargo, la &#8216;albiceleste&#8217; no llega en su mejor momento, ya  que vive una etapa de intranquilidad a todos los niveles, debido a la  convulsa situaci\u00f3n en la absoluta, en la que acaba de ser destituido  Sergio Batista.<\/p>\n<p>Este, que fue el art\u00edfice del oro ol\u00edmpico en Pek\u00edn, fue  sustituido por Walter Perazzo, que consigui\u00f3 el pase para la cita para  el Mundial Sub-20, pero como tercera del Sudamericano, lo que no le  permitir\u00e1 defender la presea en Londres 2012.<\/p>\n<p>As\u00ed, Argentina entra en la terna de candidatas m\u00e1s por  historia que por presente, aunque cuenta con un grupo s\u00f3lido con el  portero Esteban Andrada y los defensas Leonel Galeano y Germ\u00e1n Pezzella,  pero algo falto de creatividad y contundencia, con jugadores destacados  como\u00a0\u00a0Juan Iturbe o Erik Lamela, flamantes fichajes del Oporto y el AS  Roma.<\/p>\n<p>Por su parte, Brasil, tambi\u00e9n quieren ser &#8216;penta&#8217; en esta  categor\u00eda juvenil en la que gan\u00f3 en (2003, 1993, 1985 y 1983) y, tras  perder en Canad\u00e1 su tercera final, quiere confirmar la candidatura que  present\u00f3 en el Sudamericano, en el que se impuso con autoridad.<\/p>\n<p>Los de Ney Franco protagonizaron una espl\u00e9ndida fase de  clasificaci\u00f3n continental, disputada en formato de liguilla, en la que  se llevaron el t\u00edtulo arrollando en la \u00faltima jornada (6-0) a Uruguay,  que tambi\u00e9n logr\u00f3 la clasificaci\u00f3n para la cita colombina y el otro  billete ol\u00edmpico para la zona.<\/p>\n<p>Sin embargo, de aquel equipo deslumbrante, no estar\u00e1n en  Colombia sus dos estrellas Lucas y Neymar, que se pasaron a los  &#8216;mayores&#8217; para jugar la Copa Am\u00e9rica, por lo que han dejado al equipo  algo hu\u00e9rfano, aunque con futbolistas importantes como Philippe  Coutinho, del Inter, Oscar, campe\u00f3n de la Copa Libertadores 2010,  Casemiro o Alan Patrick.<\/p>\n<p>Las dos potencias sudamericanas ser\u00e1n de las primeras en  saltar al c\u00e9sped, ya que se estrenan en dos de los cuatro partidos de la  jornada del viernes en los partidos del grupo E (Brasil-Egipto y  Austria-Panam\u00e1) y los del F (Inglaterra-RDP Corea y Argentina-M\u00e9xico).<\/p>\n<p>Mientras, tambi\u00e9n en la zona de la Conmebol, Uruguay quiere  aprovechar la inercia positiva de la buena actuaci\u00f3n de los &#8216;celestes&#8217;  en la Copa Am\u00e9rica, donde conquistaron el t\u00edtulo y su euforia por  doblegar a Argentina en el Sudamericano logrando la plaza ol\u00edmpica.<\/p>\n<p>Para conseguir el reto de superar los octavos de final, su  escollo de las dos \u00faltimas ediciones, Juan Verzeri cuenta con un bloque  muy s\u00f3lido en defensa y con jugadores con experiencia en Europa como el  delantero del Atl\u00e9tico de Madrid Leandro Cabrera, Diego Polenta  (G\u00e9nova), Pablo Cepellini (Cagliari), Federico Rodr\u00edguez (Bolonia) y el  espanyolista Adri\u00e1n Luna, pero su principal handicap ha sido la falta de  gol, con s\u00f3lo cuatro anotados en el hexagonal final.<\/p>\n<p>Ecuador, el equipo menos goleado del Sudamericano y que  afronta una d\u00e9cada despu\u00e9s su segunda participaci\u00f3n en un Mundial de la  categor\u00eda, y la anfitriona Colombia completan el cupo de la regi\u00f3n que  espera brillar de nuevo.<\/p>\n<p><strong>Francia en Inglaterra, la otra opci\u00f3n europea <\/strong><\/p>\n<p>Adem\u00e1s de las potencias de Sud\u00e1merica, la selecciones europeas  son las que m\u00e1s cuentan en las quinielas, comenzando por Espa\u00f1a, que  cuenta con un grupo prometedor, aunque los m\u00faltiples compromisos de las  categor\u00edas inferiores (Europeos Sub-21 y Sub-19) y las lesiones la han  hecho perder algunas piezas.<\/p>\n<p>As\u00ed, se echar\u00e1 en falta a jugadores como Muniain o Thiago, que  ya dieron el salto a la sub-21, con la que conquistaron el pasado  Europeo, mientras que se han quedado fuera a \u00faltima hora por lesi\u00f3n  Muniesa y Mart\u00edn Montoya sustituidos por Hugo Mallo y Carles Planas.<\/p>\n<p>Los seleccionadores han tenido que confeccionar sendas  convocatorias para los Europeos Sub-19 y Sub-21 y el Mundial Sub-20,  pero, aun as\u00ed, la &#8216;rojita&#8217; ofrece buenas sensaciones con jugadores como  Canales, adem\u00e1s de Sergi Roberto, Pol Amat, Koke, Pacheco, Isco o el  capit\u00e1n Marc Bartra.<\/p>\n<p>Algunos de ellos fueron terceros en el Mundial Sub-17,  mientras que Oriol Romeu ya estuvo en el pasado Mundial Sub-20, donde  Espa\u00f1a fue eliminada en octavos de final por Italia. Mientras, muchos  fueron subcampeones en el Sub-19 de 2010 que otorg\u00f3 las plazas de Europa  para esta cita.<\/p>\n<p>Ah\u00ed, Espa\u00f1a cay\u00f3 en la final ante Francia, t\u00edtulo que permiti\u00f3  a los &#8216;Bleuets&#8217; disputar una cita mundialista a la que no acud\u00edan desde  Argentina 2001. Francis Smerecki cuenta con un grupo poderoso liderado  por el jugador del Chelsea Ga\u00ebl Kakuta, adem\u00e1s de Timoth\u00e9e  Kolodziejczak, Gue\u00efda Fofana, Alexandre Lacazette o el realista Antoine  Griezmann.<\/p>\n<p>Junto a Francia y Espa\u00f1a, el honor del Viejo Continente estar\u00e1  en Inglaterra y Croacia, semifinalistas en el Europeo y Portugal y  Austria, que tambi\u00e9n lograron la plaza al ser terceras de sus grupos.<\/p>\n<p>Los &#8216;pross&#8217;, dirigidos por Brian Eastick cuentan con Dean  Parrett, Reece Wabara o Matt Phillips, mientras que Croacia afronta su  segunda participaci\u00f3n tras Nigeria&#8217;99 con futuras estrellas como Filip  Ozobic y Zvonko Pamic. Adem\u00e1s, Portugal bicampeona en 1989 y 1991 conf\u00eda  en el nacimiento de una nueva &#8216;generaci\u00f3n de oro&#8217;.<\/p>\n<p>Adem\u00e1s, el siempre esperado potencial africano, que hace dos  a\u00f1os encarg\u00f3 Ghana, estar\u00e1 liderado por Nigeria, que se proclam\u00f3  campeona continental en la final ante Camer\u00fan (3-2), con un equipo  similar al que fue subcampe\u00f3n del Mundial Sub-17 de 2009, del que fue  anfitri\u00f3n. Egipto y Mali tambi\u00e9n representan al continente negro.<\/p>\n<p>La zona de la Concacaf, contar\u00e1 con selecciones atractivas  como M\u00e9xico, campeona de su zona tras superar en la rival a Costa Rica,  que ser\u00e1 rival de Espa\u00f1a en la fase de grupos, bajo la batuta de una de  las revelaciones del a\u00f1o, Joel Campbell, con ofertas para emigrar a  Europa, adem\u00e1s de Guatemala y Panam\u00e1.<\/p>\n<p>El &#8216;Tri&#8217; no ha tenido mucha suerte, ya que compartir\u00e1 el  poderoso grupo F con Argentina, Inglaterra y RDP de Corea, que fue  campeona de su zona, tras ganar en la final a Australia, que ser\u00e1 rival  de los de Julen Lopetegui. Arabia Saud\u00ed, Corea del Sur y la Oce\u00e1nica  Nueva Zelanda completan los 24 clasificados, de los que 16, estar\u00e1n en  octavos de final.<\/p>\n","protected":false},"excerpt":{"rendered":"<p>Un total de 24 selecciones, lideradas por las mejores perlas de las canteras del planeta, pugnar\u00e1n desde este viernes por alzarse el pr\u00f3ximo 20 de agosto en Bogot\u00e1 con el t\u00edtulo en el Mundial Sub-20. Los equipos europeos y sudamericanos llegan como favoritos, con permiso de los africanos.<br \/>\n<a href=\"http:\/\/retrolab.ca\/elpopular\/2011\/07\/las-futuras-estrellas-se-dan-cita-en-colombia\/\"><strong><span style=\"color: #000080\">\u00bb CALENDARIO Y EQUIPOS<\/span><\/strong><\/a><\/p>\n","protected":false},"author":1,"featured_media":6438,"comment_status":"closed","ping_status":"open","sticky":false,"template":"","format":"standard","meta":{"footnotes":""},"categories":[28],"tags":[486,179,6997],"class_list":["post-6435","post","type-post","status-publish","format-standard","has-post-thumbnail","hentry","category-deportes","tag-colombia","tag-futbol-2","tag-sub20"],"_links":{"self":[{"href":"https:\/\/diarioelpopular.com\/index.php\/wp-json\/wp\/v2\/posts\/6435","targetHints":{"allow":["GET"]}}],"collection":[{"href":"https:\/\/diarioelpopular.com\/index.php\/wp-json\/wp\/v2\/posts"}],"about":[{"href":"https:\/\/diarioelpopular.com\/index.php\/wp-json\/wp\/v2\/types\/post"}],"author":[{"embeddable":true,"href":"https:\/\/diarioelpopular.com\/index.php\/wp-json\/wp\/v2\/users\/1"}],"replies":[{"embeddable":true,"href":"https:\/\/diarioelpopular.com\/index.php\/wp-json\/wp\/v2\/comments?post=6435"}],"version-history":[{"count":0,"href":"https:\/\/diarioelpopular.com\/index.php\/wp-json\/wp\/v2\/posts\/6435\/revisions"}],"wp:featuredmedia":[{"embeddable":true,"href":"https:\/\/diarioelpopular.com\/index.php\/wp-json\/"}],"wp:attachment":[{"href":"https:\/\/diarioelpopular.com\/index.php\/wp-json\/wp\/v2\/media?parent=6435"}],"wp:term":[{"taxonomy":"category","embeddable":true,"href":"https:\/\/diarioelpopular.com\/index.php\/wp-json\/wp\/v2\/categories?post=6435"},{"taxonomy":"post_tag","embeddable":true,"href":"https:\/\/diarioelpopular.com\/index.php\/wp-json\/wp\/v2\/tags?post=6435"}],"curies":[{"name":"wp","href":"https:\/\/api.w.org\/{rel}","templated":true}]}}