{"id":66334,"date":"2012-01-09T21:09:13","date_gmt":"2012-01-10T02:09:13","guid":{"rendered":"http:\/\/diarioelpopular.com\/?p=66334"},"modified":"2012-01-09T21:09:13","modified_gmt":"2012-01-10T02:09:13","slug":"una-polemica-decision-enmarana-el-triunfo-de-coma","status":"publish","type":"post","link":"https:\/\/diarioelpopular.com\/index.php\/2012\/01\/09\/una-polemica-decision-enmarana-el-triunfo-de-coma\/","title":{"rendered":"Una pol\u00e9mica decisi\u00f3n enmara\u00f1a el triunfo de Coma"},"content":{"rendered":"<div id=\"attachment_66335\" style=\"width: 710px\" class=\"wp-caption aligncenter\"><a href=\"https:\/\/diarioelpopular.com\/wp-content\/uploads\/2012\/01\/Coma-en-la-novena-etapa-del-Dakar-2012.jpg\"><img loading=\"lazy\" decoding=\"async\" aria-describedby=\"caption-attachment-66335\" class=\" wp-image-66335 \" title=\"Coma en la octava etapa del Dakar 2012\" src=\"https:\/\/diarioelpopular.com\/wp-content\/uploads\/2012\/01\/Coma-en-la-novena-etapa-del-Dakar-2012.jpg\" alt=\"\" width=\"700\" height=\"420\" \/><\/a><p id=\"caption-attachment-66335\" class=\"wp-caption-text\">El espa\u00f1ol Marc Coma conduce su KTM en la octava etapa del rally Dakar, entre las localidades de Copiap\u00f3 y Antofagasta (Chile). Foto: C\u00e9zaro De Luca \/ Efe<\/p><\/div>\n<p><em><strong>Gerard Soler. Antofagasta.-<\/strong><\/em> Una pol\u00e9mica decisi\u00f3n de la direcci\u00f3n de carrera del\u00a0Dakar\u00a0enmara\u00f1\u00f3 este lunes la contundente victoria del espa\u00f1ol Marc Coma (KTM) en la octava etapa del rally, que adem\u00e1s lo aup\u00f3 al liderato en la clasificaci\u00f3n general.<\/p>\n<p>En un principio, Coma le sac\u00f3 m\u00e1s de 17 minutos al franc\u00e9s Cyril Despres (KTM), que se qued\u00f3 atrapado en el barro en el cauce de un r\u00edo al principio de la etapa, entre las ciudades chilenas de Copiap\u00f3 y Antofagasta.<\/p>\n<p>Con ese crono, el catal\u00e1n recuperaba los casi ocho minutos que Despres ten\u00eda en la general y lo relevaba en la primera posici\u00f3n con casi diez minutos de ventaja.<\/p>\n<p>Pero pocos minutos despu\u00e9s del final de la etapa la situaci\u00f3n dio un giro de noventa grados. La direcci\u00f3n de carrera anunci\u00f3 la devoluci\u00f3n a los siete primeros pilotos del tiempo que hab\u00edan perdido encallados en el fango en el kil\u00f3metro once.<\/p>\n<p>En un comunicado se explic\u00f3 que las lluvias ca\u00eddas en las \u00faltimas horas hab\u00edan dejado ese tramo &#8220;impracticable&#8221; y que a partir del paso del s\u00e9ptimo piloto se hab\u00eda modificado el trazado para no bloquear la carrera.<\/p>\n<p>Lo que sucedi\u00f3 es que Marc Coma hab\u00eda superado el charco de barro sin mayores contratiempos y la medida de la organizaci\u00f3n favoreci\u00f3 a sus contendientes.<\/p>\n<p>A Despres le devolvieron 8 minutos y 6 segundos, al portugu\u00e9s Paulo Gon\u00e7alves (Husqvarna) 9 minutos y 34 segundos, a su compatriota Helder Rodrigues (Yamaha) 2 minutos y 36 segundos y al noruego Pal Anders Ullevalseter (KTM) m\u00e1s de trece minutos.<\/p>\n<p>Al franc\u00e9s David Casteu (Yamaha) le restaron 45 segundos y al espa\u00f1ol Gerard Farr\u00e9s (KTM) veinte segundos.<\/p>\n<p>Varias horas despu\u00e9s y tras conversar con David Castera, el director deportivo del\u00a0Dakar, Marc Coma se mostr\u00f3 molesto por la medida y consider\u00f3 que atenta contra el &#8220;esp\u00edritu&#8221; del rally.<\/p>\n<p>&#8220;Es dif\u00edcil comprender la decisi\u00f3n que han tomado hoy. El rally siempre ha premiado al que supera las dificultades que se presentan y en este caso es al rev\u00e9s, devuelven el tiempo a los primeros pilotos y a m\u00ed me dicen que no me dan tiempo porque he pasado bien&#8221;, dijo Coma.<\/p>\n<p>Despres, por su parte, atendi\u00f3 solo a la prensa de su pa\u00eds al llegar al campamento de Copiap\u00f3, aunque en declaraciones a la web del\u00a0Dakar\u00a0argument\u00f3 que el lodazal donde encall\u00f3 no estaba marcado en el libro de ruta.<\/p>\n<p>&#8220;He sido el primero en caer en la trampa, no lo he podido sortear. Ahora voy a esperar a ver qu\u00e9 dice la organizaci\u00f3n&#8221;, se\u00f1al\u00f3 el galo.<\/p>\n<p>Tras las modificaciones, Ullevalseter finaliz\u00f3 segundo en la etapa y el portugu\u00e9s Ruben Daria (KTM) tercero.<\/p>\n<p>En la general la ventaja de Coma sobre Despres se redujo a un minuto y 26 segundos. El espa\u00f1ol Jordi Viladoms (KTM), que fue d\u00e9cimo, perdi\u00f3 la cuarta plaza que ocup\u00f3 en la general de forma moment\u00e1nea y retrocedi\u00f3 hasta la sexta, por delante de su compa\u00f1ero de equipo Gerard Farr\u00e9s.<\/p>\n<p>En la categor\u00eda de autos la jornada dej\u00f3 la victoria de otro piloto espa\u00f1ol, Joan &#8216;Nani&#8217; Roma (Mini), que sum\u00f3 su segundo triunfo de etapa en este\u00a0Dakar.<\/p>\n<p>&#8216;Nani&#8217; se impuso por un suspiro al estadounidense Robby Gordon (Hummer), que recorri\u00f3 los 477 kil\u00f3metros de especial en cinco segundos m\u00e1s.<\/p>\n<p>El franc\u00e9s St\u00e9phane Peterhansel (Mini) cedi\u00f3 m\u00e1s de cinco minutos pero sigue firme en lo m\u00e1s alto de la clasificaci\u00f3n. El catar\u00ed Nasser Al-Attiyah (Hummer) atraves\u00f3 de nuevo por problemas mec\u00e1nicos en el primer tramo de la jornada y luego recuper\u00f3 parte del tiempo perdido y lleg\u00f3 a m\u00e1s de ocho minutos del ganador.<\/p>\n<p>La clasificaci\u00f3n general se estrecha, con cuatro veh\u00edculos con opciones de ganar. Peterhansel cuenta con una renta de 7:36 sobre Gordon, que tiene pegado al polaco Krzysztof Holowczyc (Mini).<\/p>\n<p>&#8216;Nani&#8217; tampoco pierde comba y est\u00e1 a 12:27 del liderato. &#8220;Estamos tranquilos, si seguimos como hasta ahora, seguro que las cosas ir\u00e1n bien&#8221;, dijo el espa\u00f1ol.<\/p>\n<p>En quads el triunfo de etapa fue para el argentino Marcos Patronelli (Yamaha), aunque el l\u00edder es su hermano Alejandro, mientras que en camiones el ganador fue el checo Ales Loprais (Tatra).<\/p>\n<p>Este martes los pilotos recorrer\u00e1n 556 kil\u00f3metros cronometrados entre Antofagasta e Iquique, aunque la etapa de divide en dos partes separadas por un tramo neutralizado de unos 120 kil\u00f3metros.<\/p>\n","protected":false},"excerpt":{"rendered":"<p>Una pol\u00e9mica decisi\u00f3n de la direcci\u00f3n de carrera del Dakar enmara\u00f1\u00f3 este lunes la contundente victoria del espa\u00f1ol Marc Coma en la octava etapa del rally, que adem\u00e1s lo aup\u00f3 al liderato en la clasificaci\u00f3n general.<\/p>\n","protected":false},"author":1,"featured_media":66335,"comment_status":"closed","ping_status":"open","sticky":false,"template":"","format":"standard","meta":{"footnotes":""},"categories":[28],"tags":[46,170,173],"class_list":["post-66334","post","type-post","status-publish","format-standard","has-post-thumbnail","hentry","category-deportes","tag-dakar","tag-marc-coma","tag-rally"],"_links":{"self":[{"href":"https:\/\/diarioelpopular.com\/index.php\/wp-json\/wp\/v2\/posts\/66334","targetHints":{"allow":["GET"]}}],"collection":[{"href":"https:\/\/diarioelpopular.com\/index.php\/wp-json\/wp\/v2\/posts"}],"about":[{"href":"https:\/\/diarioelpopular.com\/index.php\/wp-json\/wp\/v2\/types\/post"}],"author":[{"embeddable":true,"href":"https:\/\/diarioelpopular.com\/index.php\/wp-json\/wp\/v2\/users\/1"}],"replies":[{"embeddable":true,"href":"https:\/\/diarioelpopular.com\/index.php\/wp-json\/wp\/v2\/comments?post=66334"}],"version-history":[{"count":0,"href":"https:\/\/diarioelpopular.com\/index.php\/wp-json\/wp\/v2\/posts\/66334\/revisions"}],"wp:featuredmedia":[{"embeddable":true,"href":"https:\/\/diarioelpopular.com\/index.php\/wp-json\/"}],"wp:attachment":[{"href":"https:\/\/diarioelpopular.com\/index.php\/wp-json\/wp\/v2\/media?parent=66334"}],"wp:term":[{"taxonomy":"category","embeddable":true,"href":"https:\/\/diarioelpopular.com\/index.php\/wp-json\/wp\/v2\/categories?post=66334"},{"taxonomy":"post_tag","embeddable":true,"href":"https:\/\/diarioelpopular.com\/index.php\/wp-json\/wp\/v2\/tags?post=66334"}],"curies":[{"name":"wp","href":"https:\/\/api.w.org\/{rel}","templated":true}]}}