{"id":66659,"date":"2012-01-09T21:16:45","date_gmt":"2012-01-10T02:16:45","guid":{"rendered":"http:\/\/diarioelpopular.com\/?p=66659"},"modified":"2012-01-09T21:16:45","modified_gmt":"2012-01-10T02:16:45","slug":"el-cono-sur-alimenta-los-refuerzos-de-los-equipos-andinos","status":"publish","type":"post","link":"https:\/\/diarioelpopular.com\/index.php\/2012\/01\/09\/el-cono-sur-alimenta-los-refuerzos-de-los-equipos-andinos\/","title":{"rendered":"El Cono Sur alimenta los refuerzos de los equipos andinos"},"content":{"rendered":"<div id=\"attachment_66660\" style=\"width: 710px\" class=\"wp-caption aligncenter\"><a href=\"https:\/\/diarioelpopular.com\/wp-content\/uploads\/2012\/01\/Refuerzos-equipos-andinos.jpg\"><img loading=\"lazy\" decoding=\"async\" aria-describedby=\"caption-attachment-66660\" class=\"size-full wp-image-66660\" title=\"Refuerzos equipos andinos\" src=\"https:\/\/diarioelpopular.com\/wp-content\/uploads\/2012\/01\/Refuerzos-equipos-andinos.jpg\" alt=\"\" width=\"700\" height=\"420\" \/><\/a><p id=\"caption-attachment-66660\" class=\"wp-caption-text\">De izquierda a derecha, y de arriba a abajo, el paraguayo Celso Gonz\u00e1lez, los argentinos Cristian Tula y Ezequiel Luna, el peruano Johan Fano y el colombiano William Zapata. Fotos: Efe<\/p><\/div>\n<p><em><strong>Efe. Bogot\u00e1.-<\/strong><\/em> Jugadores de Brasil, Argentina, Chile, Uruguay y Paraguay dar\u00e1n cara nueva a los equipos de los pa\u00edses andinos para afrontar el primer semestre del 2012.<\/p>\n<p>En Bolivia, los dos grandes equipos pace\u00f1os, The Strongest y Bol\u00edvar, as\u00ed como el Real Potos\u00ed, han sacado la chequera con la ambici\u00f3n de ser protagonistas en la Copa Libertadores.<\/p>\n<p>En Colombia, el Atl\u00e9tico Nacional ha agitado el mercado al fichar a trece locales y extranjeros, una demostraci\u00f3n de poder\u00edo econ\u00f3mico orientada a conquistar el Torneo Apertura y caminar lejos en la Copa Libertadores.<\/p>\n<p>El &#8216;rey de Copas&#8217; ecuatoriano, Liga de Quito, sigue mirando hacia el\u00a0sur\u00a0con la incorporaci\u00f3n del zaguero argentino Ezequiel Luna.<\/p>\n<p>Una aut\u00e9ntica legi\u00f3n extranjera se tomar\u00e1 literalmente al f\u00fatbol venezolano, mientras que en Per\u00fa, tras el campeonato del Juan \u00c1urich con Diego Uma\u00f1a en el banco se desat\u00f3 una suerte de &#8216;colombiaman\u00eda&#8217; entre otros equipos que ahora buscan la misma receta ganadora.<\/p>\n<p><strong>Bolivia<\/strong><\/p>\n<p>El campe\u00f3n The Strongest, que jugar\u00e1 la Copa Libertadores, a\u00fan busca refuerzos. La semana anterior tuvo un traspi\u00e9 al dar por seguro el fichaje del ariete uruguayo Nicol\u00e1s Raimondi, quien, sin embargo, a \u00faltima hora desisti\u00f3 de sellar el contrato.<\/p>\n<p>El Bol\u00edvar, tambi\u00e9n enrolado en la Libertadores, contrat\u00f3 al volante argentino Lucas Scaglia, exjugador del Panserraikos griego; y al punta paraguayo Ever Cantero, ex del Santiago Morning chileno.<\/p>\n<p>El Real Potos\u00ed, que recibir\u00e1 al Flamengo el 25 de enero en la primera fase de la Libertadores, se reforz\u00f3 con el defensa Alberto Alarc\u00f3n y el centrocampista Jos\u00e9 Michelena, ambos argentinos.<\/p>\n<p><strong>Colombia<\/strong><\/p>\n<p>El Atl\u00e9tico Nacional ha estremecido el mercado colombiano al reclutar a trece jugadores, entre ellos el argentino Cristian Tula y el peruano Johan Fano. Otro argentino, Dami\u00e1n Manso, est\u00e1 en lista.<\/p>\n<p>El Atl\u00e9tico Junior, campe\u00f3n del Torneo Finalizaci\u00f3n, incorpor\u00f3 al local Iv\u00e1n V\u00e9lez, que jugaba en el Independiente argentino.<\/p>\n<p>El Once Caldas, subcampe\u00f3n del Finalizaci\u00f3n, puede perder a la figura paraguaya Jorge Daniel N\u00fa\u00f1ez dado el inter\u00e9s de equipos nacionales y extranjeros.<\/p>\n<p>La Equidad, que jugar\u00e1 Copa Sudamericana, fich\u00f3 al defensor uruguayo Hugo de Souza, a su compatriota Mario Edison Gim\u00e9nez y repatri\u00f3 al punta Humberto Osorio, del Inti Gas peruano.<\/p>\n<p><strong>Ecuador<\/strong><\/p>\n<p>Liga de Quito ha contratado al defensa argentino Ezequiel Luna, proveniente del Tenerife espa\u00f1ol, y ratific\u00f3 a su goleador, el tambi\u00e9n argentino Hern\u00e1n Barcos.<\/p>\n<p>El m\u00e1s reciente campe\u00f3n, Deportivo Quito, contrat\u00f3 dos delanteros extranjeros: el argentino Luis Escalada, quien milit\u00f3 en 2011 en el Manta, y el uruguayo Waldemar Acosta, quien anot\u00f3 19 goles la temporada pasada para el T\u00e9cnico Universitario de Ambato.<\/p>\n<p>El Emelec guayaquile\u00f1o se hizo con los servicios del guardameta argentino Esteban Dreer, figura del Deportivo Cuenca.<\/p>\n<p><strong>Per\u00fa<\/strong><\/p>\n<p>El campe\u00f3n Juan \u00c1urich fich\u00f3 al centrocampista colombiano John Jairo Valencia tras descartar al costarricense Diego Estrada.<\/p>\n<p>El Alianza Lima concret\u00f3 a los uruguayos Jonathan Charquero y Walter Ib\u00e1\u00f1ez. Sporting Cristal al defensa argentino Nicol\u00e1s Ayr y a su compatriota el volante Jorge Cazulo.<\/p>\n<p>Universitario de Deportes fich\u00f3 al punta uruguayo Miguel Xim\u00e9nez.<\/p>\n<p>El Deportivo San Mart\u00edn firm\u00f3 con los atacantes colombianos Luis Perea y Luis Cardoza, y el Deportivo Universidad San Mart\u00edn con los argentinos Carlos Galv\u00e1n y Claudio Vel\u00e1zquez.<\/p>\n<p><strong>Venezuela<\/strong><\/p>\n<p>El chileno Gamadiel Garc\u00eda reforzar\u00e1 al Deportivo T\u00e1chira y el colombiano Jorge Horacio Serna al Mineros de Guayana en el Torneo Clausura, que comienza el 15 de enero.<\/p>\n<p>El T\u00e1chira al centrocampista colombiano William Zapata y a su entrenador y compatriota, Jaime de La Pava.<\/p>\n<p>El Caracas, que jugar\u00e1 la fase previa de la Copa Libertadores contra el Pe\u00f1arol uruguayo, anunci\u00f3 al defensor paraguayo Fidel Amado P\u00e9rez, proveniente del Sportivo Luque\u00f1o de su pa\u00eds, y a su compatriota, el delantero V\u00edctor Ram\u00f3n Ferreira, del Sol de Am\u00e9rica.<\/p>\n<p>El Carabobo contrat\u00f3 al volante brasile\u00f1o Rafael Aparecido Elisb\u00e3o &#8216;Fefo&#8217;, al centrocampista colombiano John Flores y al defensor paraguayo Celso Gonz\u00e1lez, y el Trujillanos arregl\u00f3 con el delantero brasile\u00f1o Flavio De Oliveira.<\/p>\n","protected":false},"excerpt":{"rendered":"<p>Jugadores de Brasil, Argentina, Chile, Uruguay y Paraguay dar\u00e1n cara nueva a los equipos de los pa\u00edses andinos para afrontar el primer semestre del 2012.<\/p>\n","protected":false},"author":1,"featured_media":66660,"comment_status":"closed","ping_status":"open","sticky":false,"template":"","format":"standard","meta":{"footnotes":""},"categories":[28],"tags":[572,573,179,574,575],"class_list":["post-66659","post","type-post","status-publish","format-standard","has-post-thumbnail","hentry","category-deportes","tag-andes","tag-fichajes","tag-futbol-2","tag-refuerzos","tag-sudamerica"],"_links":{"self":[{"href":"https:\/\/diarioelpopular.com\/index.php\/wp-json\/wp\/v2\/posts\/66659","targetHints":{"allow":["GET"]}}],"collection":[{"href":"https:\/\/diarioelpopular.com\/index.php\/wp-json\/wp\/v2\/posts"}],"about":[{"href":"https:\/\/diarioelpopular.com\/index.php\/wp-json\/wp\/v2\/types\/post"}],"author":[{"embeddable":true,"href":"https:\/\/diarioelpopular.com\/index.php\/wp-json\/wp\/v2\/users\/1"}],"replies":[{"embeddable":true,"href":"https:\/\/diarioelpopular.com\/index.php\/wp-json\/wp\/v2\/comments?post=66659"}],"version-history":[{"count":0,"href":"https:\/\/diarioelpopular.com\/index.php\/wp-json\/wp\/v2\/posts\/66659\/revisions"}],"wp:featuredmedia":[{"embeddable":true,"href":"https:\/\/diarioelpopular.com\/index.php\/wp-json\/"}],"wp:attachment":[{"href":"https:\/\/diarioelpopular.com\/index.php\/wp-json\/wp\/v2\/media?parent=66659"}],"wp:term":[{"taxonomy":"category","embeddable":true,"href":"https:\/\/diarioelpopular.com\/index.php\/wp-json\/wp\/v2\/categories?post=66659"},{"taxonomy":"post_tag","embeddable":true,"href":"https:\/\/diarioelpopular.com\/index.php\/wp-json\/wp\/v2\/tags?post=66659"}],"curies":[{"name":"wp","href":"https:\/\/api.w.org\/{rel}","templated":true}]}}