{"id":6697,"date":"2011-08-01T23:32:46","date_gmt":"2011-08-02T03:32:46","guid":{"rendered":"http:\/\/retrolab.ca\/elpopular\/?p=6697"},"modified":"2011-08-01T23:32:46","modified_gmt":"2011-08-02T03:32:46","slug":"brasil-vuelve-a-ser-brasil","status":"publish","type":"post","link":"https:\/\/diarioelpopular.com\/index.php\/2011\/08\/01\/brasil-vuelve-a-ser-brasil\/","title":{"rendered":"Brasil vuelve a ser Brasil"},"content":{"rendered":"<div id=\"attachment_6699\" style=\"width: 710px\" class=\"wp-caption aligncenter\"><a href=\"http:\/\/retrolab.ca\/elpopular\/wp-content\/uploads\/2011\/08\/Mundial-Sub20-Brasil-Austria.jpg\"><img loading=\"lazy\" decoding=\"async\" aria-describedby=\"caption-attachment-6699\" class=\"size-full wp-image-6699\" title=\"Mundial Sub'20, Brasil-Austria\" src=\"http:\/\/retrolab.ca\/elpopular\/wp-content\/uploads\/2011\/08\/Mundial-Sub20-Brasil-Austria.jpg\" alt=\"\" width=\"700\" height=\"420\" \/><\/a><p id=\"caption-attachment-6699\" class=\"wp-caption-text\">El jugador Henrique, de Brasil,  celebra con sus compa\u00f1eros de equipo su gol contra Austria durante un partido por el grupo E del mundial de f\u00fatbol sub&#039;20 en el estadio Metropolitano Roberto Mel\u00e9ndez de Barranquilla (Colombia). Foto: David Fern\u00e1ndez \/ Efe<\/p><\/div>\n<p><em>Ram\u00f3n Orosa. Manizales (Colombia).- <\/em>Brasil volvi\u00f3 a ser Brasil en la cuarta jornada del Mundial\u00a0Sub&#8217;20\u00a0de\u00a0Colombia, un d\u00eda en el Argentina y M\u00e9xico han dado un gran paso para meterse en la segunda fase y Panam\u00e1, despu\u00e9s de la sorpresa del debut, ha cedido bastantes opciones de clasificaci\u00f3n.<\/p>\n<p>Los centroamericanos han ca\u00eddo ante Egipto en una jugada a bal\u00f3n parado en el tramo final del choque que remat\u00f3 Hegazi y la condena a jugarse sus ya escasas opciones de seguir adelante tras la primera fase ante Brasil en la tercera fecha del grupo E.<\/p>\n<p>Muy mala noticia para Panam\u00e1, ya que la verdeamarela ha hecho hoy a su honor a su prestigio y favoritismo y ha despachado su choque ante Austria con un 3-0 inapelable concretado con goles de Henrique, en la primera mitad, Coutinho, de penalti, y Willian en la reanudaci\u00f3n.<\/p>\n<p>Los centroeuropeos, \u00faltimos tras dos jornadas, se jugar\u00e1n sus tampoco muchas posibilidades contra Egipto. De todos modos, una victoria por m\u00e1s de un gol podr\u00eda dar el billete a los austr\u00edacos.<\/p>\n<p>En el grupo F, d\u00eda feliz para M\u00e9xico y Argentina. M\u00e1s para los primeros que para los segundos. Aunque un empate contra Inglaterra, incluso a cero goles, puede tener m\u00e1s valor que un triunfo claro frente a Corea del Norte.<\/p>\n<p>Yong Chol Yi empez\u00f3 a cavar la fosa de su equipo en el alargue del primer tiempo y Guarch y De Buen remataron una faena tan sencilla para M\u00e9xico como indica el marcador despu\u00e9s de un abrumador dominio durante todo el encuentro.<\/p>\n<p>Esos tres goles, adem\u00e1s, le dan un plus a la &#8216;tri&#8217; de cara a una \u00faltima jornada ante una Inglaterra que se meti\u00f3 en un l\u00edo en la primera jornada contra los coreanos y no ha sido capaz de salir del todo de \u00e9l hoy ante Argentina, a pesar de no haber dado una mala imagen.<\/p>\n<p>Solo 2 puntos y ning\u00fan gol marcado no es un gran bagaje para un \u00faltimo partido de la primera fase en el que quiz\u00e1s no le valga un nuevo empate, ni a\u00fan siendo con goles.<\/p>\n<p>Al contrario, a Argentina, que empez\u00f3 mejor que termin\u00f3, para el \u00faltimo d\u00eda le vale una igualada, si bien para acreditarse de cara a los octavos de final probablemente sus seguidores le exijan un triunfo, y convincente, a una Corea que dist\u00f3 hoy de la solidez que mostr\u00f3 en el debut ante Inglaterra.<\/p>\n<p><strong>Clasificaci\u00f3n goleadores:<\/strong><\/p>\n<ul>\n<li>Con 2: Rodrigo (ESP), Egbedi (NGA), Muriel (COL).<\/li>\n<li>Con 1: Oar (AUS); Fhad y Yasir (KSA); Govea (ECU), Ajagun, Kayode y Musa (NGA); J. Ruiz (CRC); Koke e Isco (ESP); Danilo, Henrique, Coutinho (p) y William (BRA), Gaber y Hegazi (EGY), Lamela (ARG), Mbondi (CMR), Kim K.J. (KOR), Jang H.S. (KOR), Sunu (FRA), Rodr\u00edguez (COL), Arias (COL), Guarch y De Buen (MEX).<\/li>\n<li>En propia puerta: Tchaha (CMR) y Ri Y.Ch.(RDC).<\/li>\n<\/ul>\n","protected":false},"excerpt":{"rendered":"<p>Brasil volvi\u00f3 a ser Brasil en la cuarta jornada del Mundial Sub&#8217;20 de Colombia, un d\u00eda en el Argentina y M\u00e9xico han dado un gran paso para meterse en la segunda fase y Panam\u00e1, despu\u00e9s de la sorpresa del debut, ha cedido bastantes opciones de clasificaci\u00f3n.<\/p>\n","protected":false},"author":1,"featured_media":6699,"comment_status":"closed","ping_status":"open","sticky":false,"template":"","format":"standard","meta":{"footnotes":""},"categories":[28],"tags":[478,6997],"class_list":["post-6697","post","type-post","status-publish","format-standard","has-post-thumbnail","hentry","category-deportes","tag-brasil","tag-sub20"],"_links":{"self":[{"href":"https:\/\/diarioelpopular.com\/index.php\/wp-json\/wp\/v2\/posts\/6697","targetHints":{"allow":["GET"]}}],"collection":[{"href":"https:\/\/diarioelpopular.com\/index.php\/wp-json\/wp\/v2\/posts"}],"about":[{"href":"https:\/\/diarioelpopular.com\/index.php\/wp-json\/wp\/v2\/types\/post"}],"author":[{"embeddable":true,"href":"https:\/\/diarioelpopular.com\/index.php\/wp-json\/wp\/v2\/users\/1"}],"replies":[{"embeddable":true,"href":"https:\/\/diarioelpopular.com\/index.php\/wp-json\/wp\/v2\/comments?post=6697"}],"version-history":[{"count":0,"href":"https:\/\/diarioelpopular.com\/index.php\/wp-json\/wp\/v2\/posts\/6697\/revisions"}],"wp:featuredmedia":[{"embeddable":true,"href":"https:\/\/diarioelpopular.com\/index.php\/wp-json\/"}],"wp:attachment":[{"href":"https:\/\/diarioelpopular.com\/index.php\/wp-json\/wp\/v2\/media?parent=6697"}],"wp:term":[{"taxonomy":"category","embeddable":true,"href":"https:\/\/diarioelpopular.com\/index.php\/wp-json\/wp\/v2\/categories?post=6697"},{"taxonomy":"post_tag","embeddable":true,"href":"https:\/\/diarioelpopular.com\/index.php\/wp-json\/wp\/v2\/tags?post=6697"}],"curies":[{"name":"wp","href":"https:\/\/api.w.org\/{rel}","templated":true}]}}