{"id":6901,"date":"2011-08-02T23:20:25","date_gmt":"2011-08-03T03:20:25","guid":{"rendered":"http:\/\/retrolab.ca\/elpopular\/?p=6901"},"modified":"2011-08-02T23:20:25","modified_gmt":"2011-08-03T03:20:25","slug":"colombia-primer-clasificado-para-octavos","status":"publish","type":"post","link":"https:\/\/diarioelpopular.com\/index.php\/2011\/08\/02\/colombia-primer-clasificado-para-octavos\/","title":{"rendered":"Colombia, primer clasificado para octavos"},"content":{"rendered":"<div id=\"attachment_6903\" style=\"width: 710px\" class=\"wp-caption aligncenter\"><a href=\"http:\/\/retrolab.ca\/elpopular\/wp-content\/uploads\/2011\/08\/Mundial-Sub20-Colombia-Mali.jpg\"><img loading=\"lazy\" decoding=\"async\" aria-describedby=\"caption-attachment-6903\" class=\"size-full wp-image-6903\" title=\"Mundial Sub'20, Colombia-Mali\" src=\"http:\/\/retrolab.ca\/elpopular\/wp-content\/uploads\/2011\/08\/Mundial-Sub20-Colombia-Mali.jpg\" alt=\"\" width=\"700\" height=\"420\" \/><\/a><p id=\"caption-attachment-6903\" class=\"wp-caption-text\">El jugador colombiano Fabi\u00e1n Castillo disputa el bal\u00f3n con el mal\u00ed Fanta Mady Diarra. Foto: Leonardo Mu\u00f1oz \/ Efe<\/p><\/div>\n<p><em>Hern\u00e1n Bahos Ruiz. Bogot\u00e1.- <\/em>Colombia\u00a0anticip\u00f3 este martes su clasificaci\u00f3n para los octavos de final del Mundial\u00a0Sub&#8217;20\u00a0y dej\u00f3 a Mal\u00ed cerca del precipicio en una jornada en la que Portugal rompi\u00f3 la &#8217;empatitis&#8217; en el grupo B con un triunfo que lo deja como l\u00edder por encima de Nueva Zelanda y Uruguay, y a Camer\u00fan con un aviso para embarcar a casa.<\/p>\n<p>Con un aprovechamiento perfecto: seis puntos en dos jornadas, pero notorios altibajos durante el partido y algunas imprecisiones para sortear la presi\u00f3n,\u00a0Colombia\u00a0se hizo absoluto en el grupo A gracias a los goles de Antonio Valencia y James Rodr\u00edguez, que lleg\u00f3 a dos.<\/p>\n<p>La selecci\u00f3n colombiana complet\u00f3 seis dianas en dos salidas, es de momento la l\u00ednea m\u00e1s productiva y ahora deber\u00e1 resolver si su pase a la siguiente instancia es como l\u00edder o como segundo.<\/p>\n<p>Horas antes Francia, que fue v\u00edctima de los anfitriones en la primera jornada, debi\u00f3 emplearse a fondo para vencer por 3-1 a una rocosa selecci\u00f3n de Corea del Sur a la que le siguen valiendo los tres puntos que gan\u00f3 a Mal\u00ed.<\/p>\n<p>La selecci\u00f3n africana encaj\u00f3 su segunda derrota en el torneo e ir\u00e1 por su \u00faltima carta contra Francia, su rival en el cierre de la fase de grupos, mientras que Corea del Sur tendr\u00e1 que v\u00e9rselas con el equipo de James Rodr\u00edguez, figura del Oporto portugu\u00e9s.<\/p>\n<p>Giles Sunu firm\u00f3 su segundo gol en la competici\u00f3n al poner en ventaja a Francia, pero un soberbio remate franco de Kim Young Uk dej\u00f3 las cosas como al principio y llev\u00f3 p\u00e1nico a las filas de la selecci\u00f3n campeona de Europa.<\/p>\n<p>La suerte cambi\u00f3 con un remate venenoso de Gueida Fofana que cont\u00f3 con la complicidad involuntaria de un zaguero norcoreano para dar segura trayectoria de gol al bal\u00f3n.<\/p>\n<p>La sorpresa tom\u00f3 cuenta del bloque asi\u00e1tico y la puntilla la puso Alexandre Lacazette a los 91 minutos.<\/p>\n<p>En el grupo B, con sede en la ciudad de Cali, el equilibrio lo rompi\u00f3 hoy Oliveira con un gol y Portugal se impuso a Camer\u00fan, que en la tercera y \u00faltima jornada deber\u00e1 emplearse a fondo ante Uruguay para aumentar su renta de un punto y pelear por una plaza en la fase de los diecis\u00e9is mejores.<\/p>\n<p>La selecci\u00f3n de Uruguay se vio sorprendida este martes con un gol de Andrew Bevin y Nueva Zelanda pareci\u00f3 tener todo asegurado hasta que apareci\u00f3 Adrian Luna para salvar los muebles del naufragio.<\/p>\n<p>Con el resultado, los Kiwis y la Celeste comparten el segundo puesto con dos puntos, pero los primeros tienen una luz de ventaja por su mejor producci\u00f3n goleadora: 2-2 contra 1-1.<\/p>\n<p>La acci\u00f3n en la fase de grupos se trasladar\u00e1 ma\u00f1ana a las ciudades de Manizales y Armenia, sedes de los grupos C y D, respectivamente.<\/p>\n<p>En Manizales chocar\u00e1n Ecuador, que perdi\u00f3 por la m\u00ednima en el debut, y Espa\u00f1a, que gole\u00f3, a partir de las 22.00 horas GMT. Y tres horas despu\u00e9s se medir\u00e1n una Australia ganadora con una Costa Rica necesitada de triunfo para enderezar el rumbo.<\/p>\n<p>El grupo D, con sede en Armenia, abrir\u00e1 con el partido entre un ganador en la primera jornada, Arabia Saud\u00ed, frente a la apaleada Guatemala. A las 01.00 GMT del jueves estar\u00e1n jugando Nigeria, el verdugo de los centroamericanos, con Croacia, que cay\u00f3 por 2-0.<\/p>\n<p><strong>Clasificaci\u00f3n de goleadores:<\/strong><\/p>\n<ul>\n<li>Con 2: J. Rodr\u00edguez y Muriel (COL), Sunu (FRA), Rodrigo (ESP), Egbedi (NGA).<\/li>\n<li>Con 1: Luna (URU), Bevin (NZL), Oar (AUS), Fhad y Yasir (KSA), Govea (ECU), Ajagun, Kayode y Musa (NGA), J. Ruiz (CRC), Koke e Isco (ESP), Danilo, Henrique, Philippe Coutinho (p) y William (BRA), Gaber y Hegazi (EGY), Lamela (ARG), Mbondi (CMR), Kim Young Uk, Kim K.J. y Jang H.S. (KOR); Fofana y Lacazette (FRA); Valencia y Arias (COL); Guarch y De Buen (MEX).<\/li>\n<li>En propia puerta: Tchaha (CMR), Ri Y.Ch.(RDC).<\/li>\n<\/ul>\n","protected":false},"excerpt":{"rendered":"<p>Colombia anticip\u00f3 su clasificaci\u00f3n para los octavos de final del Mundial Sub&#8217;20 y dej\u00f3 a Mal\u00ed cerca del precipicio en una jornada en la que Portugal rompi\u00f3 la &#8217;empatitis&#8217; en el grupo B con un triunfo que lo deja como l\u00edder por encima de Nueva Zelanda y Uruguay, y a Camer\u00fan con un aviso para embarcar a casa.<\/p>\n","protected":false},"author":1,"featured_media":6903,"comment_status":"closed","ping_status":"open","sticky":false,"template":"","format":"standard","meta":{"footnotes":""},"categories":[28],"tags":[486,179,6997],"class_list":["post-6901","post","type-post","status-publish","format-standard","has-post-thumbnail","hentry","category-deportes","tag-colombia","tag-futbol-2","tag-sub20"],"_links":{"self":[{"href":"https:\/\/diarioelpopular.com\/index.php\/wp-json\/wp\/v2\/posts\/6901","targetHints":{"allow":["GET"]}}],"collection":[{"href":"https:\/\/diarioelpopular.com\/index.php\/wp-json\/wp\/v2\/posts"}],"about":[{"href":"https:\/\/diarioelpopular.com\/index.php\/wp-json\/wp\/v2\/types\/post"}],"author":[{"embeddable":true,"href":"https:\/\/diarioelpopular.com\/index.php\/wp-json\/wp\/v2\/users\/1"}],"replies":[{"embeddable":true,"href":"https:\/\/diarioelpopular.com\/index.php\/wp-json\/wp\/v2\/comments?post=6901"}],"version-history":[{"count":0,"href":"https:\/\/diarioelpopular.com\/index.php\/wp-json\/wp\/v2\/posts\/6901\/revisions"}],"wp:featuredmedia":[{"embeddable":true,"href":"https:\/\/diarioelpopular.com\/index.php\/wp-json\/"}],"wp:attachment":[{"href":"https:\/\/diarioelpopular.com\/index.php\/wp-json\/wp\/v2\/media?parent=6901"}],"wp:term":[{"taxonomy":"category","embeddable":true,"href":"https:\/\/diarioelpopular.com\/index.php\/wp-json\/wp\/v2\/categories?post=6901"},{"taxonomy":"post_tag","embeddable":true,"href":"https:\/\/diarioelpopular.com\/index.php\/wp-json\/wp\/v2\/tags?post=6901"}],"curies":[{"name":"wp","href":"https:\/\/api.w.org\/{rel}","templated":true}]}}