{"id":6906,"date":"2011-08-02T17:37:26","date_gmt":"2011-08-02T21:37:26","guid":{"rendered":"http:\/\/retrolab.ca\/elpopular\/?p=6906"},"modified":"2011-08-02T17:37:26","modified_gmt":"2011-08-02T21:37:26","slug":"los-azulejos-retiran-el-numero-12-de-roberto-alomar","status":"publish","type":"post","link":"https:\/\/diarioelpopular.com\/index.php\/2011\/08\/02\/los-azulejos-retiran-el-numero-12-de-roberto-alomar\/","title":{"rendered":"Los Azulejos retiran el n\u00famero 12 de Roberto Alomar"},"content":{"rendered":"<div id=\"attachment_6908\" style=\"width: 310px\" class=\"wp-caption alignright\"><a href=\"http:\/\/retrolab.ca\/elpopular\/wp-content\/uploads\/2011\/08\/Roberto-Alomar.jpg\"><img loading=\"lazy\" decoding=\"async\" aria-describedby=\"caption-attachment-6908\" class=\"size-medium wp-image-6908\" title=\"Roberto Alomar\" src=\"http:\/\/retrolab.ca\/elpopular\/wp-content\/uploads\/2011\/08\/Roberto-Alomar-300x180.jpg\" alt=\"\" width=\"300\" height=\"180\" \/><\/a><p id=\"caption-attachment-6908\" class=\"wp-caption-text\">Roberto Alomar<\/p><\/div>\n<p><em>Agencias. Toronto \/ Nueva York.-<\/em> Escoltado por dos miembros de la Polic\u00eda Montada y halagado por una tremenda, el expelotero puertorrique\u00f1o Roberto Alomar se dirigi\u00f3 al centro del estadio el domingo mientras su n\u00famero 12 era retirado por los Azulejos de Toronto, informa la agencia AP.<\/p>\n<p>El nuevo miembro del Sal\u00f3n de la Fama de Grandes Ligas particip\u00f3 en 12 Juegos de Estrellas y en 10 ocasiones gan\u00f3 el Guante de Oro. Es el primer jugador de los Azulejos cuyo n\u00famero es retirado en los 35 a\u00f1os de historia de la franquicia.<\/p>\n<p>Alomar jug\u00f3 solamente cinco temporadas en Toronto, pero esos fueron los a\u00f1os de gloria del equipo. Los Azulejos ganaron la Serie Mundial en 1992 y 1993, con Alomar luciendo en la segunda base.<\/p>\n<p>Alomar dio un discurso al p\u00fablico antes del partido en contra de los Rangers de Texas. Mientras su n\u00famero era develado en un bander\u00edn azul en lo m\u00e1s alto del jard\u00edn central del Rogers Centre, un aficionado grit\u00f3: &#8220;Te quiero, Robbie&#8221;. Sin pensarlo dos veces, Alomar respondi\u00f3: &#8220;Y yo a ti, tambi\u00e9n. Los quiero a todos ustedes&#8221;.<\/p>\n<p>En un escenario montado en el jard\u00edn central, justo frente a un n\u00famero 12 gigantesco que cubri\u00f3 la segunda base, Alomar fue acompa\u00f1ado por sus padres, por el ex manager &#8220;Cito&#8221; Gast\u00f3n, el presidente y gerente general del equipo Paul Beeston, y por ex compa\u00f1eros.<\/p>\n<p>Vistiendo un traje azul oscuro y una corbata roja, Alomar reflexion\u00f3 sobre su carrera y los dos t\u00edtulos con Toronto.<\/p>\n<p>&#8220;Cuando era ni\u00f1o nunca imagin\u00e9 que mi n\u00famero ser\u00eda retirado&#8221;, dijo ante un p\u00fablico de 45.629 aficionados. &#8220;Simplemente jugu\u00e9 el deporte que amo. Mis padres me ense\u00f1aron que no importa cu\u00e1nto dinero uno gane, cu\u00e1nto \u00e9xito uno tenga ni qu\u00e9 tan famoso uno sea \u2014siempre hay que actuar con humildad, y as\u00ed lo he hecho&#8221;.<\/p>\n<p>Esta semana ha sido un torbellino para Alomar, quien junto al ex gerente general de los Azulejos Pat Gillick fue elegido nuevo miembro del Sal\u00f3n de la Fama el fin de semana pasado, siendo el primer pelotero en recibir ese nombramiento portando el uniforme de los Azulejos.<\/p>\n<p>&#8220;Este es un d\u00eda que recordar\u00e9 durante el resto de mi vida&#8221;, dijo Alomar luego de la ceremonia.&#8221;<\/p>\n<p>Alomar firm\u00f3 con Baltimore despu\u00e9s de la temporada de 1995 y posteriormente jug\u00f3 por Cleveland, Mets de Nueva York, Medias Blancas de Chicago y Arizona. En su carrera de 17 a\u00f1os, registr\u00f3 un promedio de bateo de .300 con 2.724 hits y 210 cuadrangulares.<\/p>\n<p><strong>Leyendas Vivas Latinas<\/strong><\/p>\n<p>El Sal\u00f3n de la Fama del Museo Herencia Hispana del B\u00e9isbol inaugur\u00f3 en el estadio de los Yanquis de Nueva York la exposici\u00f3n &#8220;Leyendas Vivas Latinas&#8221; sobre algunos de los mejores jugadores latinos de la historia de este deporte en Estados Unidos, informa la agencia Efe.<\/p>\n<p>La muestra rinde tributo a los puertorrique\u00f1os Roberto\u00a0Alomar\u00a0y Orlando Cepeda, el venezolano Luis Aparicio, el paname\u00f1o Rod Carew, el dominicano Juan Marichal y el cubano Tony P\u00e9rez, los seis miembros de descendencia latina a\u00fan vivos incluidos en el Sal\u00f3n de la Fama del B\u00e9isbol ubicado en la ciudad de Cooperstown (Nueva York).<\/p>\n<p>Del sexteto, el \u00fanico que asisti\u00f3 al acto fue el puertorrique\u00f1o Cepeda, quien se\u00f1al\u00f3 a Efe que &#8220;como pelotero, es un honor estar junto a estos otros grandes&#8221;, al tiempo que pidi\u00f3 un mayor esfuerzo para apoyar el b\u00e9isbol latino.<\/p>\n<p>&#8220;Pido a la organizaci\u00f3n que respalde este proyecto, no s\u00f3lo por nosotros, sino por los m\u00e1s j\u00f3venes, que vienen subiendo. Hace falta que nos preocupemos por que ma\u00f1ana sean tambi\u00e9n estrellas&#8221;, a\u00f1adi\u00f3 el antiguo primera base de los Gigantes de San Francisco.<\/p>\n<p>La exposici\u00f3n ocupa una esquina entera del Museo de los Yanquis de Nueva York e incluye fotograf\u00edas, camisetas originales firmadas y enmarcadas junto a una biograf\u00eda de cada uno de los jugadores, que aportaron ellos mismos algunos de sus recuerdos m\u00e1s preciados para adornar este &#8220;rinc\u00f3n latino&#8221;.<\/p>\n<p>Entre esos objetos hay antiguas revistas Sports Illustrated con Carew en la portada, el guante de lanzador de Aparicio, una pelota con el aut\u00f3grafo de Marichal o el trofeo original de &#8220;Jugador M\u00e1s Valioso en 1967&#8221; que obtuvo Cepeda.<\/p>\n<p>La muestra, que estar\u00e1 abierta hasta el final del a\u00f1o en el estadio situado en el barrio neoyorquino de El Bronx, tambi\u00e9n recoge los cromos y gorras originales y firmados de las seis &#8220;leyendas vivas&#8221; del b\u00e9isbol latino en EE UU.<\/p>\n<p>El fundador y presidente del Sal\u00f3n de la Fama del Museo Herencia Hispana del B\u00e9isbol, Gabriel \u00c1vila, afirm\u00f3 durante la presentaci\u00f3n que se siente honrado de estar asociado con un club tan prestigioso como los Yanquis.<\/p>\n<p>&#8220;Es otro paso adelante para asegurar un hogar permanente para el museo donde se conmemore la historia del b\u00e9isbol&#8221;, un deporte que &#8220;es el pasatiempo favorito de los americanos&#8221;, record\u00f3.<\/p>\n<p>El Sal\u00f3n de la Fama del Museo Herencia Hispana del B\u00e9isbol fue establecido en 1999 para preservar el legado y la profunda influencia que los jugadores de origen latino han tenido sobre el deporte en Estados Unidos.<\/p>\n<p>A la ceremonia acudieron personalidades del mundo latino y del b\u00e9isbol en Nueva York, destacando la presencia del veterano m\u00fasico dominicano Johnny Pacheco, una leyenda viva a su vez de la salsa y fundador del sello musical Fania.<\/p>\n","protected":false},"excerpt":{"rendered":"<p>Los Azulejos de Toronto retiraron el n\u00famero 12 de su uniforme en honor al puertorique\u00f1o Roberto Alomar, quien por cinco temporadas visti\u00f3 la camiseta del equipo canadiense, ayud\u00e1ndole a conquistar dos series mundiales.<\/p>\n","protected":false},"author":1,"featured_media":6908,"comment_status":"closed","ping_status":"open","sticky":false,"template":"","format":"standard","meta":{"footnotes":""},"categories":[28],"tags":[7043,6665,1235,6667,22],"class_list":["post-6906","post","type-post","status-publish","format-standard","has-post-thumbnail","hentry","category-deportes","tag-alomar","tag-azulejos","tag-beisbol","tag-blue-jays","tag-toronto"],"_links":{"self":[{"href":"https:\/\/diarioelpopular.com\/index.php\/wp-json\/wp\/v2\/posts\/6906","targetHints":{"allow":["GET"]}}],"collection":[{"href":"https:\/\/diarioelpopular.com\/index.php\/wp-json\/wp\/v2\/posts"}],"about":[{"href":"https:\/\/diarioelpopular.com\/index.php\/wp-json\/wp\/v2\/types\/post"}],"author":[{"embeddable":true,"href":"https:\/\/diarioelpopular.com\/index.php\/wp-json\/wp\/v2\/users\/1"}],"replies":[{"embeddable":true,"href":"https:\/\/diarioelpopular.com\/index.php\/wp-json\/wp\/v2\/comments?post=6906"}],"version-history":[{"count":0,"href":"https:\/\/diarioelpopular.com\/index.php\/wp-json\/wp\/v2\/posts\/6906\/revisions"}],"wp:featuredmedia":[{"embeddable":true,"href":"https:\/\/diarioelpopular.com\/index.php\/wp-json\/"}],"wp:attachment":[{"href":"https:\/\/diarioelpopular.com\/index.php\/wp-json\/wp\/v2\/media?parent=6906"}],"wp:term":[{"taxonomy":"category","embeddable":true,"href":"https:\/\/diarioelpopular.com\/index.php\/wp-json\/wp\/v2\/categories?post=6906"},{"taxonomy":"post_tag","embeddable":true,"href":"https:\/\/diarioelpopular.com\/index.php\/wp-json\/wp\/v2\/tags?post=6906"}],"curies":[{"name":"wp","href":"https:\/\/api.w.org\/{rel}","templated":true}]}}