{"id":6916,"date":"2011-08-03T05:18:53","date_gmt":"2011-08-03T09:18:53","guid":{"rendered":"http:\/\/retrolab.ca\/elpopular\/?p=6916"},"modified":"2011-08-03T05:18:53","modified_gmt":"2011-08-03T09:18:53","slug":"notas-del-futbol-hispano-8","status":"publish","type":"post","link":"https:\/\/diarioelpopular.com\/index.php\/2011\/08\/03\/notas-del-futbol-hispano-8\/","title":{"rendered":"Notas del f\u00fatbol hispano"},"content":{"rendered":"<div id=\"attachment_6918\" style=\"width: 251px\" class=\"wp-caption alignright\"><a href=\"http:\/\/retrolab.ca\/elpopular\/wp-content\/uploads\/2011\/08\/FOTO-1-NOTAS.jpg\"><img loading=\"lazy\" decoding=\"async\" aria-describedby=\"caption-attachment-6918\" class=\"size-medium wp-image-6918\" title=\"Nelson Robayo Salazar\" src=\"http:\/\/retrolab.ca\/elpopular\/wp-content\/uploads\/2011\/08\/FOTO-1-NOTAS-241x300.jpg\" alt=\"\" width=\"241\" height=\"300\" \/><\/a><p id=\"caption-attachment-6918\" class=\"wp-caption-text\">Don Nelson Robayo Salazar, sonriendo una de las tantas jornadas de la Liga Hispanoamericana, este domingo 7 de agosto se cumplir\u00e1 un a\u00f1o de su deceso, pero su recuerdo ser\u00e1 eterno<\/p><\/div>\n<p>En estos d\u00edas se cumplir\u00e1 un a\u00f1o del deceso de don Nelson Robayo Salazar, dirigente, amigo, buen padre y ser humano ejemplar. Su extra\u00f1ada presencia se siente en las canchas de Eglinton Flats, y qu\u00e9 mejor homenaje a don Robayito que un cl\u00e1sico en su honor entre los equipos Ciudad de Quito y su amado Pichincha, que se jugar\u00e1 este s\u00e1bado a partir de las 3 de la tarde en la cancha tres de Eglinton Flats, en un partido que no se puede perder y los jugadores intervienen se brindan \u00edntegros en la cancha. Precisamente en septiembre del a\u00f1o anterior se jug\u00f3 un cl\u00e1sico entre pichinchanos y quite\u00f1os ante gran concurrencia en el estadio Brockton de la ciudad. La viuda de don Nelson, sus hijas, nietos y toda la familia estuvieron en esta gran actividad en memoria del gran Robayito, que donde est\u00e9 estar\u00e1 contento de que la Liga Hispana, aunque algo cojeando, siga en actividad, que sus amigos del Ciudad de Quito y Pichincha, vuelvan a enfrentarse en un cl\u00e1sico. Que su adorada familia, tenga la conformidad divina para superar su ausencia tan extra\u00f1ada; que sus amigos siempre lo recordemos con cari\u00f1o y respeto\u2026<\/p>\n<p>Despu\u00e9s de una fecha de receso vuelven a la acci\u00f3n los torneos de Copa Diario El Popular y Liga Burocr\u00e1tica de Carlos Brizuela, este s\u00e1bado. Encontramos a Ignacio Pisco, en el velorio del \u201cChino\u201d Uyema, aun no sabe si pitara este s\u00e1bado porque tiene una peque\u00f1a operaci\u00f3n a la vista pendiente. El \u201ccholo\u201d Pisco, al igual que m\u00e1s de 500 personas que aproximadamente fueron al velorio, sent\u00eda pesar del fallecimiento de Ricardo Uyema, que se nos fue de repente nomas; amigos de todas partes, gente de todas las razas, estuvieron presentes, es que la muerte no tiene nacionalidad, sino sentimiento hacia un amigo que se fue\u2026<\/p>\n<div id=\"attachment_6920\" style=\"width: 272px\" class=\"wp-caption alignleft\"><a href=\"http:\/\/retrolab.ca\/elpopular\/wp-content\/uploads\/2011\/08\/FOTO-2-NOTAS..jpg\"><img loading=\"lazy\" decoding=\"async\" aria-describedby=\"caption-attachment-6920\" class=\"size-medium wp-image-6920\" title=\"Yanko \u201cmariscal\u201d Quiroz\" src=\"http:\/\/retrolab.ca\/elpopular\/wp-content\/uploads\/2011\/08\/FOTO-2-NOTAS.-262x300.jpg\" alt=\"\" width=\"262\" height=\"300\" \/><\/a><p id=\"caption-attachment-6920\" class=\"wp-caption-text\">Yanko \u201cmariscal\u201d Quiroz, a lo mejor pronto lo veremos jugando en la hispana<\/p><\/div>\n<p>Creo que Ricardo y su familia, se merecen un gran festival deportivo como el que vienen organizando los equipos APC y Arriba Per\u00fa, a trav\u00e9s de sus dirigentes Plutarco Pacheco, Joe Guiria y Orlando Guzm\u00e1n, el s\u00e1bado 13 de agosto a partir de la una de la tarde en la parte de los asados de Eglinton Flats, la actividad tendr\u00e1 comidas y sale un ceviche: Aqu\u00ed todo el mundo va colaborar, porque la familia de Ricardo lo necesita. A golpe de tres de la tarde, se jugar\u00e1 un partido entre el APC y un rival de estrellas latinas de Toronto, gracias a la Liga Hispanoamericana con Rodrigo Ponce, que ni bien se entero de este homenaje ofreci\u00f3 la cancha 3 de Eglinton Flats. Todo lo recaudado ser\u00e1 en beneficio de los deudos de Ricardo Uyema Torres, gran amigo de la comunidad hispana\u2026<\/p>\n<p>En d\u00edas de la semana pasada, tambi\u00e9n nos enteramos del fallecimiento de Marcos McPherson, dirigente pionero de equipos infantiles en la Copa Diario El Popular de don Remberto, en los comienzos del 80. Nuestro m\u00e1s sentidas condolencias a sus familiares\u2026<\/p>\n<div id=\"attachment_6922\" style=\"width: 219px\" class=\"wp-caption alignright\"><a href=\"http:\/\/retrolab.ca\/elpopular\/wp-content\/uploads\/2011\/08\/FOTO-3-NOTAS.jpg\"><img loading=\"lazy\" decoding=\"async\" aria-describedby=\"caption-attachment-6922\" class=\"size-medium wp-image-6922\" title=\"C\u00e9sar \u201cchecho\u201d Murillo\" src=\"http:\/\/retrolab.ca\/elpopular\/wp-content\/uploads\/2011\/08\/FOTO-3-NOTAS-209x300.jpg\" alt=\"\" width=\"209\" height=\"300\" \/><\/a><p id=\"caption-attachment-6922\" class=\"wp-caption-text\">C\u00e9sar \u201cchecho\u201d Murillo (der.) buscar\u00e1 un gol para el Ciudad de Quito ante Pichincha, en el cl\u00e1sico de este s\u00e1bado en la Liga Hispana en homenaje a don Robayito. Lo vemos frente a Vicente Mera, el jugador que nunca deja marcar a sus rivales<\/p><\/div>\n<p>El mundial sub 20 Colombia 2011, al jugarse los primeros partidos aun no denotan grandes figuras. En cambio en el mundial canadiense de la misma divisi\u00f3n de 2007, salieron \u201cKun\u201d Ag\u00fcero, Alexis S\u00e1nchez, aunque no jugo de titular en Chile; el flaco Di Mar\u00eda, Luis Suarez, los mexicanos Carlos Vela y Giovanni Dos Santos; el brasile\u00f1o Pato, entre otros futbolistas que ahora tienen tremendo renombre internacional. En la selecci\u00f3n canadiense bien pudo brillar Josua Jaramillo, que esos momentos andaba bien, pero despu\u00e9s no fue convocado, y se lo privo de jugar un mundial, aunque antes hab\u00eda jugado una eliminatoria de Concacafac sub 17 en M\u00e9xico. El golero David Monsalve, fue integrante de esa selecci\u00f3n canadiense juvenil, luego con 18 a\u00f1os debuto con el Toronto FC en la MSL, ahora David, tambi\u00e9n salido de Copa Diario El Popular, juega en un equipo de primera divisi\u00f3n en Finlandia\u2026<\/p>\n<p>Andr\u00e9s Arango, es otro jugador hispano que jug\u00f3 en selecciones juveniles canadienses, en un mundial 20 de hace unos 8 a\u00f1os. Canad\u00e1 en aquella ocasi\u00f3n estuvo a punto de avanzar a las semifinales, la misma que perdi\u00f3 ante Espa\u00f1a en tiempos extras. Andr\u00e9s, tuvo la ocasi\u00f3n de marcar nada menos que Andr\u00e9s Iniesta, gran figura del Barcelona, campe\u00f3n mundial con Espa\u00f1a en ese mundial juvenil y tambi\u00e9n con la reciente Copa FIFA del mundial de Sud\u00e1frica 2010. Andr\u00e9s, ya lleva una buena trayectoria profesional en futbol norteamericano, y actualmente lo hace FC Tampa en la North American Soccer League, una especie de segunda divisi\u00f3n de la MSL&#8230;<\/p>\n<div id=\"attachment_6924\" style=\"width: 310px\" class=\"wp-caption alignleft\"><a href=\"http:\/\/retrolab.ca\/elpopular\/wp-content\/uploads\/2011\/08\/FOTO-4-NOTAS..jpg\"><img loading=\"lazy\" decoding=\"async\" aria-describedby=\"caption-attachment-6924\" class=\"size-medium wp-image-6924\" title=\"El entrenador Alejando Morinogo\" src=\"http:\/\/retrolab.ca\/elpopular\/wp-content\/uploads\/2011\/08\/FOTO-4-NOTAS.-300x251.jpg\" alt=\"\" width=\"300\" height=\"251\" \/><\/a><p id=\"caption-attachment-6924\" class=\"wp-caption-text\">El entrenador Alejando Morinogo, del Pichincha, brindando instrucciones a Pablo Sandoval y Carlos Tello, que estar\u00e1n en el cl\u00e1sico ante Ciudad de Quito, de este s\u00e1bado en Eglinton Flats<\/p><\/div>\n<p>El holand\u00e9s Ibrahim Afellay,\u00a0delantero del Barcelona, no podr\u00e1 participar en los encuentros correspondientes a la Supercopa de Espa\u00f1a (Real Madrid) y de Europa (Oporto), as\u00ed como los dos primeros encuentros ligueros, a causa de una rotura en el b\u00edceps femoral. Seg\u00fan ha informado la entidad azulgrana, Afellay se ha sometido a una ecograf\u00eda en Washington, donde est\u00e1 concentrado el equipo catal\u00e1n, y se ha confirmado la existencia de una rotura en el b\u00edceps femoral de la pierna izquierda. El periodo de recuperaci\u00f3n estimado por\u00a0los m\u00e9dicos del Barcelona\u00a0se sit\u00faa en torno a las cuatro o cinco semanas, lo cual lo descarta para los primeros encuentros de la temporada. Si se cumplen los pron\u00f3sticos,\u00a0Afellay no jugar\u00e1 ante el Real Madrid\u00a0(14 y 17 de agosto), Oporto (26 de agosto), as\u00ed como los dos primeros encuentros ligueros del equipo (M\u00e1laga, 21 agosto; y Villarreal, 29 agosto). La lesi\u00f3n de Ibrahim Afellay es la segunda de un jugador barcelonista durante la pretemporada y se produjo durante el partido amistoso que los azulgrana jugaron ante el\u00a0Manchester United\u00a0(1-2) en Washington. Anteriormente, en un partido ante el\u00a0Bayern de M\u00fanich,\u00a0correspondiente a la Copa Audi, Jonathan Soriano\u00a0sufri\u00f3 una fuerte distensi\u00f3n en el ligamento cruzado posterior de la rodilla derecha que le mantendr\u00e1 de baja durante un par de meses\u2026<\/p>\n<div id=\"attachment_6926\" style=\"width: 310px\" class=\"wp-caption alignright\"><a href=\"http:\/\/retrolab.ca\/elpopular\/wp-content\/uploads\/2011\/08\/FOTO-5-NOTAS.jpg\"><img loading=\"lazy\" decoding=\"async\" aria-describedby=\"caption-attachment-6926\" class=\"size-medium wp-image-6926\" title=\"Uruguay en su divisi\u00f3n de adultos\" src=\"http:\/\/retrolab.ca\/elpopular\/wp-content\/uploads\/2011\/08\/FOTO-5-NOTAS-300x117.jpg\" alt=\"\" width=\"300\" height=\"117\" \/><\/a><p id=\"caption-attachment-6926\" class=\"wp-caption-text\">Uruguay en su divisi\u00f3n de adultos, de buenas actuaciones en el torneo de la Centro Sur York. Foto: Alberto Nakatov<\/p><\/div>\n<p>El Salvador no contar\u00e1 con sus cinco legionarios para el amistoso contra Venezuela, pero s\u00ed los tendr\u00e1 tres d\u00edas despu\u00e9s ante Camer\u00fan en su preparaci\u00f3n para la Eliminatoria de la CONCACAF que arrancar\u00e1 en septiembre. El choque contra los venezolanos est\u00e1 programado para el 7 de agosto en el Estadio Robert F. Kennedy de Washington, y el 10 de agosto los salvadore\u00f1os se ver\u00e1n las caras con Camer\u00fan en el Coliseo de Los Angeles, California. Ante Venezuela, el t\u00e9cnico Rub\u00e9n Israel dispondr\u00e1 de j\u00f3venes valores como el volante Jaime Alas y Andr\u00e9s Flores, formados en las canteras del River Plate de Argentina, y Herbert Sosa, una de las figuras en el mediocampo del Campe\u00f3n salvadore\u00f1o Alianza. Israel convoc\u00f3 por primera vez al zaguero Christian Esnal del Montevideo Wanderers de la Primera Divisi\u00f3n uruguaya, que ser\u00e1 la novedad ante los cameruneses. Esnal tiene 24 a\u00f1os, naci\u00f3 en El Salvador y es hijo de padres uruguayos. En el 2007 form\u00f3 parte de la Selecci\u00f3n Salvadore\u00f1a Sub-23 que dirigi\u00f3 el mexicano Carlos de los Cobos. Israel tambi\u00e9n contar\u00e1 con el delantero Rodolfo Zelaya, reci\u00e9n fichado por el club Alania Vladikavkaz, de la Primera Divisi\u00f3n de Rusia; el volante Eliseo Quintanilla del Municipal de Guatemala; el zaguero Steven Purdy del Portland Timbers y el delantero Arturo \u00c1lvarez del Real Salt Lake, de la MLS estadounidense. En la Eliminatoria para la Copa Mundial del 2014, El Salvador se enfrentar\u00e1 a Rep\u00fablica Dominicana, Islas Caim\u00e1n y Surinam en choques a disputarse entre el 2 de septiembre y el 15 de noviembre\u2026<\/p>\n<div id=\"attachment_6928\" style=\"width: 228px\" class=\"wp-caption alignleft\"><a href=\"http:\/\/retrolab.ca\/elpopular\/wp-content\/uploads\/2011\/08\/FOTO-6-NOTAS.jpg\"><img loading=\"lazy\" decoding=\"async\" aria-describedby=\"caption-attachment-6928\" class=\"size-medium wp-image-6928\" title=\"Joao Plata\" src=\"http:\/\/retrolab.ca\/elpopular\/wp-content\/uploads\/2011\/08\/FOTO-6-NOTAS-218x300.jpg\" alt=\"\" width=\"218\" height=\"300\" \/><\/a><p id=\"caption-attachment-6928\" class=\"wp-caption-text\">Joao Plata no fue convocado a la selecci\u00f3n ecuatoriana sub 20 del actual mundial colombiano, sin embargo viene dando buenos partidos con el Toronto FC, lo vemos al lado de Juli\u00e1n de Guzm\u00e1n<\/p><\/div>\n<p>El ecuatoriano Antonio Valencia renov\u00f3 su contrato con el Manchester United por otros cuatro a\u00f1os. &#8220;Su velocidad, su capacidad de tirar centros y su versatilidad han sido muy importantes para nosotros&#8221; &#8220;Antonio ha hecho un aporte fant\u00e1stico desde su llegada&#8221;, declar\u00f3 el t\u00e9cnico Sir Alex Ferguson al anunciarse la pr\u00f3rroga este lunes. &#8220;Su velocidad, su capacidad de tirar centros y su versatilidad han sido muy importantes para nosotros&#8221;. El delantero de 25 a\u00f1os anot\u00f3 10 goles en 69 partidos desde que lleg\u00f3 al Manchester United procedente del Wigan en el 2009. En mayo de este a\u00f1o se proclam\u00f3 Campe\u00f3n de la Premier League con el club. Una rotura de tobillo lo tuvo inactivo seis meses, pero regres\u00f3 a tiempo para ayudar al Manchester United a llegar a la Final de la Champions League, que los ingleses perdieron ante el Barcelona. &#8220;Es un hombre tranquilo, que no llama la atenci\u00f3n, pero en el fondo tiene una gran personalidad. Su recuperaci\u00f3n de una lesi\u00f3n tan grave lo demuestra&#8221;, manifest\u00f3 Ferguson. Valencia encara la competencia de Ashley Young, quien acaba de llegar del Aston Villa. &#8220;Estoy feliz de quedarme con el United&#8221;, declar\u00f3 Valencia, quien ten\u00eda contrato por otras dos Temporadas. &#8220;Desde mi primer d\u00eda en Carrington (el complejo donde se entrena el club) me sent\u00ed feliz aqu\u00ed. Espero seguir creciendo como jugador&#8221;. &#8220;Quiero seguir contribuyendo para que este equipo gane m\u00e1s trofeos&#8221;, acot\u00f3\u2026<\/p>\n<div id=\"attachment_6930\" style=\"width: 185px\" class=\"wp-caption alignright\"><a href=\"http:\/\/retrolab.ca\/elpopular\/wp-content\/uploads\/2011\/08\/FOTO-7-NOTAS.jpg\"><img loading=\"lazy\" decoding=\"async\" aria-describedby=\"caption-attachment-6930\" class=\"size-medium wp-image-6930\" title=\"Eleazar Garc\u00eda\" src=\"http:\/\/retrolab.ca\/elpopular\/wp-content\/uploads\/2011\/08\/FOTO-7-NOTAS-175x300.jpg\" alt=\"\" width=\"175\" height=\"300\" \/><\/a><p id=\"caption-attachment-6930\" class=\"wp-caption-text\">Eleazar Garc\u00eda cumple buenos partidos con Ecuador United en los masters de la hispana<\/p><\/div>\n<p>Nacional de Montevideo tas\u00f3 en ocho millones de d\u00f3lares el pase del defensa internacional uruguayo Sebasti\u00e1n Coates, elegido como el mejor jugador joven de la Copa Am\u00e9rica que culmin\u00f3 hace una semana con la consagraci\u00f3n de Uruguay como campe\u00f3n. Coates, de 20 a\u00f1os y 1,96 de estatura, lleg\u00f3 al torneo en condici\u00f3n de suplente, pero con sus buenas actuaciones se gan\u00f3 un lugar entre los titulares y fue pieza importante en el equipo celeste. Nacional recibi\u00f3 un ofrecimiento concreto por el traspaso de Coates de parte del club Dnipro Dnipropetrovsk de Ucrania, que dirige el espa\u00f1ol Juande Ramos. La oferta se acerca a lo que pretende el equipo uruguayo para traspasar a Coates, pero el futbolista no quiere marcharse al f\u00fatbol ucraniano, se\u00f1alaron directivos del Nacional. Anteriormente a la Copa Am\u00e9rica, el Sao Paulo estuvo negociando su contrataci\u00f3n pero si llegar a un acuerdo econ\u00f3mico. La prensa uruguaya inform\u00f3 en los \u00faltimos d\u00edas que los italianos Lazio y Juventus y el ingl\u00e9s Manchester City tambi\u00e9n tienen a Coates en sus planes. El defensa es el \u00fanico de los 23 futbolistas uruguayos que lograron el t\u00edtulo de campeones de Am\u00e9rica que no juega en el exterior\u2026<\/p>\n<p>El futbolista ingl\u00e9s David Beckham, confes\u00f3 que no se arrepiente de su decisi\u00f3n de fichar con Los Angeles Galaxy y que al finalizar su contrato con este equipo se tomar\u00e1 un tiempo para analizar si contin\u00faa jugando. El veterano jugador de f\u00fatbol ingl\u00e9s, de 36 a\u00f1os, dijo hoy en declaraciones a la televisi\u00f3n Sky Sports News brit\u00e1nica que no lamenta haberse mudado a Estados Unidos, donde contin\u00faa su carrera como profesional, en Los Angeles Galaxy. &#8220;No lo lamento. No me arrepiento ni de los lugares donde jugu\u00e9 ni de lo que hice&#8221;, declar\u00f3 Beckham, ex jugador del Manchester United (1993-2003) y ex &#8220;gal\u00e1ctico&#8221; del Real Madrid (2003-2007). &#8220;Tuve \u00e9xito en Europa durante a\u00f1os, gan\u00e9 t\u00edtulos con el Manchester United y jugu\u00e9 en dos de los clubes m\u00e1s grandes del mundo. Tuve \u00e9xito en el Real Madrid y necesitaba un nuevo desaf\u00edo, y me encant\u00f3 ese reto&#8221;, se\u00f1al\u00f3, aludiendo a su paso a la Major League Soccer (MLS) estadounidense\u2026<\/p>\n<div id=\"attachment_6932\" style=\"width: 235px\" class=\"wp-caption alignleft\"><a href=\"http:\/\/retrolab.ca\/elpopular\/wp-content\/uploads\/2011\/08\/FOTO-8-NOTAS..jpg\"><img loading=\"lazy\" decoding=\"async\" aria-describedby=\"caption-attachment-6932\" class=\"size-medium wp-image-6932\" title=\"Copa Diario El Popular\" src=\"http:\/\/retrolab.ca\/elpopular\/wp-content\/uploads\/2011\/08\/FOTO-8-NOTAS.-225x300.jpg\" alt=\"\" width=\"225\" height=\"300\" \/><\/a><p id=\"caption-attachment-6932\" class=\"wp-caption-text\">Los  ni\u00f1os con sus entrenadores vuelven a la acci\u00f3n en Copa Diario El  Popular, este s\u00e1bado en las canchas \u201cRemberto Navia\u201d en la zona de Jane  &amp; Finch<\/p><\/div>\n<p>Joao Plata, finalmente no fue convocado a la selecci\u00f3n Ecuatoriana juvenil en el mundial de Colombia 2011, sin embargo la viene \u201crompiendo\u201d con Toronto FC, haciendo un par de goles al Real Estel\u00ed de Nicaragua que perdi\u00f3 2-1 en el estadio BMO por la CopaChampions, el mi\u00e9rcoles anterior. Hoy mismo juegan la revancha en Nicaragua, y si empatan los \u201crojos\u201d pasan a la siguiente ronda en donde integrara uno de los cuadrangulares.<\/p>\n<p>Toronto FC, en una de sus mejores actuaciones del a\u00f1o, remont\u00f3 un 0-2 frente a los Portland Timbers y se llev\u00f3 un empate de su visita a JELD-WEN Field. Portland arranc\u00f3 ganando 2-0. Peri Marosevic, quien lleg\u00f3 al Toronto la pasada semana proveniente del FC Dallas, marc\u00f3 el descuento en el minuto 71 con un potente zapatazo desde fuera del \u00e1rea. A 10&#8242; del final, Danny Koevermanns recibi\u00f3 en el punto penal un pase de Joao Plata y defini\u00f3 cruzado para marcar su segundo gol en la MLS y el segundo de Toronto en el partido. El empate final fue una gran decepci\u00f3n para Portland, aunque la realidad es que sirvi\u00f3 de poco para los dos. Toronto se ubica octavo en el Este, mientras que los Timbers ocupan la misma posici\u00f3n, en el Oeste\u2026<\/p>\n<p>Juan Vinueza, nos ha confirmado que la Copa 10 de Agosto ser\u00e1 donada por nuestro director Eduardo Urue\u00f1a, a nombre de Diario El Popular, como se hac\u00eda en a\u00f1os anteriorers. Esta tradicional copa del cl\u00e1sico entre chullas se llevar\u00e1 este s\u00e1bado. Pero al parecer Juan, desea jugar de titular contra el Pichincha, porque dice tener \u201ccuentas pendientes\u201d de otros cl\u00e1sicos. La decisi\u00f3n final la tendr\u00e1 su entrenador Pepe Llerena, del Ciudad de Quito\u2026<\/p>\n<p>Yanko Quiroz, el \u201cmariscal\u201d andaba presenciando al Deportivo Cuenca en la Liga hispana; Yanko, dice que est\u00e1 feliz y contento con el Esmeralda Sporting, pero a lo mejor si Ruperto, lo llama al Cuenca, acepta y lo veremos debutando en el cualquier momento\u2026<\/p>\n<p>Hasta la pr\u00f3xima\u2026<\/p>\n","protected":false},"excerpt":{"rendered":"<p>En estos d\u00edas se cumplir\u00e1 un a\u00f1o del deceso de don Nelson Robayo Salazar, dirigente, amigo, buen padre y ser humano ejemplar. Su extra\u00f1ada presencia&hellip;<\/p>\n","protected":false},"author":1,"featured_media":6934,"comment_status":"closed","ping_status":"open","sticky":false,"template":"","format":"standard","meta":{"footnotes":""},"categories":[28],"tags":[657],"class_list":["post-6916","post","type-post","status-publish","format-standard","has-post-thumbnail","hentry","category-deportes","tag-futbol-hispano"],"_links":{"self":[{"href":"https:\/\/diarioelpopular.com\/index.php\/wp-json\/wp\/v2\/posts\/6916","targetHints":{"allow":["GET"]}}],"collection":[{"href":"https:\/\/diarioelpopular.com\/index.php\/wp-json\/wp\/v2\/posts"}],"about":[{"href":"https:\/\/diarioelpopular.com\/index.php\/wp-json\/wp\/v2\/types\/post"}],"author":[{"embeddable":true,"href":"https:\/\/diarioelpopular.com\/index.php\/wp-json\/wp\/v2\/users\/1"}],"replies":[{"embeddable":true,"href":"https:\/\/diarioelpopular.com\/index.php\/wp-json\/wp\/v2\/comments?post=6916"}],"version-history":[{"count":0,"href":"https:\/\/diarioelpopular.com\/index.php\/wp-json\/wp\/v2\/posts\/6916\/revisions"}],"wp:featuredmedia":[{"embeddable":true,"href":"https:\/\/diarioelpopular.com\/index.php\/wp-json\/"}],"wp:attachment":[{"href":"https:\/\/diarioelpopular.com\/index.php\/wp-json\/wp\/v2\/media?parent=6916"}],"wp:term":[{"taxonomy":"category","embeddable":true,"href":"https:\/\/diarioelpopular.com\/index.php\/wp-json\/wp\/v2\/categories?post=6916"},{"taxonomy":"post_tag","embeddable":true,"href":"https:\/\/diarioelpopular.com\/index.php\/wp-json\/wp\/v2\/tags?post=6916"}],"curies":[{"name":"wp","href":"https:\/\/api.w.org\/{rel}","templated":true}]}}