{"id":7104,"date":"2011-08-04T21:19:35","date_gmt":"2011-08-05T01:19:35","guid":{"rendered":"http:\/\/retrolab.ca\/elpopular\/?p=7104"},"modified":"2011-08-04T21:19:35","modified_gmt":"2011-08-05T01:19:35","slug":"buenos-aires-foco-central-de-city-to-city-en-el-tiff","status":"publish","type":"post","link":"https:\/\/diarioelpopular.com\/index.php\/2011\/08\/04\/buenos-aires-foco-central-de-city-to-city-en-el-tiff\/","title":{"rendered":"Buenos Aires, foco central de &#8216;City to City&#8217; en el TIFF"},"content":{"rendered":"<div id=\"attachment_7105\" style=\"width: 710px\" class=\"wp-caption aligncenter\"><a href=\"http:\/\/retrolab.ca\/elpopular\/wp-content\/uploads\/2011\/08\/el_gato_desaparece.jpg\"><img loading=\"lazy\" decoding=\"async\" aria-describedby=\"caption-attachment-7105\" class=\"size-full wp-image-7105\" title=\"El gato desaparece\" src=\"http:\/\/retrolab.ca\/elpopular\/wp-content\/uploads\/2011\/08\/el_gato_desaparece.jpg\" alt=\"\" width=\"700\" height=\"420\" \/><\/a><p id=\"caption-attachment-7105\" class=\"wp-caption-text\">Un fotograma de la pel\u00edcula argentina &#039;El gato desaparece&#039;, del director argentino Carlos Sor\u00edn<\/p><\/div>\n<p><em>Jorge Gutman. Toronto.- <\/em>En la secci\u00f3n \u201cCity to City\u201d creada en 2009 por el <a href=\"http:\/\/www.tiff.net\/\" target=\"_blank\">Toronto International Film Festival<\/a> (TIFF)  para destacar la importancia de las ciudades del mundo como fuente de inspiraci\u00f3n cinematogr\u00e1fica, para este a\u00f1o ha sido seleccionada Buenos Aires, la capital de la Rep\u00fablica Argentina. Aunque esta noticia ya hab\u00eda sido difundida meses atr\u00e1s, reci\u00e9n este mi\u00e9rcoles  se dio a conocer los diez  t\u00edtulos que han sido elegidos para el ciclo.<\/p>\n<p><em><strong>Caprichosos de San Telmo <\/strong><\/em>(Argentina-Canad\u00e1), de Alison Murray, constituye un retrato de m\u00fasicos y bailarines trabajadores del vecindario de San Telmo, quienes han llevado a las calles de la ciudad las influencias multiculturales de la ciudad en la llamada \u201cMurga\u201d. Primicia Mundial.<\/p>\n<p><em><strong>El estudiante<\/strong><\/em> (Argentina). Santiago Mitre es el realizador de este  film que tuvo excelente repercusi\u00f3n cr\u00edtica  en ocasi\u00f3n de su estreno mundial en el Festival de Buenos Aires (BAFICI) de este a\u00f1o. El  realizador enfoca a los estudiantes con conciencia pol\u00edtica y social, a trav\u00e9s de uno de ellos que al entrar a la Universidad de Buenos Aires llega a descubrir su talento pol\u00edtico. Primicia norteamericana.<\/p>\n<p><em><strong>El gato desaparece <\/strong><\/em>(Argentina). En el \u00faltimo  film realizado por el inteligente realizador Carlos Sor\u00edn, la desaparici\u00f3n de un gato causa perturbaci\u00f3n y tensi\u00f3n en la vida de un matrimonio porte\u00f1o interpretado por Luis Luque y Beatriz Spelzini. Estreno Internacional<\/p>\n<p><em><strong>Las piedras<\/strong><\/em> (Argentina). En su triple condici\u00f3n de realizador, guionista y actor, Rom\u00e1n C\u00e1rdenas brinda la historia de una pareja \u2013\u00e9l un escritor con bloque creativo y ella una problematizada empleada de una empresa fumigadora- que convive sin que exista comunicaci\u00f3n entre ellos. En el BAFICI 2011, donde se present\u00f3 por primera vez, C\u00e1rdenas fue distinguido con el premio al mejor director. Estreno Internacional.<\/p>\n<p><em><strong>Pompeya <\/strong><\/em>(Argentina). En su debut cinematogr\u00e1fico, la directora  y guionista Tamae Garateguy relata la historia de un joven libretista de cine que es contratado por un conocido director para escribir su nuevo film; el mismo gira en torno a  gangsters y se desarrolla en Buenos, en el imaginario vecindario de  Pompeya plagado de secretos, delitos y disputas pol\u00edticas. Estreno norteamericano.<\/p>\n<p><em><strong>Tierra de los padres<\/strong><\/em> (Argentina), de Nicol\u00e1s Prividera, enfoca la historia contempor\u00e1nea de Argentina a trav\u00e9s de las palabras de escritores -sus padres fundadores y las voces de oposici\u00f3n- que se encuentran enterrados en el cementerio de La Recoleta, el m\u00e1s importante y prestigioso de la ciudad. Primicia Mundial.<\/p>\n<div id=\"attachment_7106\" style=\"width: 310px\" class=\"wp-caption alignright\"><a href=\"http:\/\/retrolab.ca\/elpopular\/wp-content\/uploads\/2011\/08\/UN-MUNDO-MISTERIOSO.jpg\"><img loading=\"lazy\" decoding=\"async\" aria-describedby=\"caption-attachment-7106\" class=\"size-medium wp-image-7106\" title=\"UN MUNDO MISTERIOSO\" src=\"http:\/\/retrolab.ca\/elpopular\/wp-content\/uploads\/2011\/08\/UN-MUNDO-MISTERIOSO-300x199.jpg\" alt=\"\" width=\"300\" height=\"199\" \/><\/a><p id=\"caption-attachment-7106\" class=\"wp-caption-text\">Una escena de &#039;Un mundo misterioso&#039;<\/p><\/div>\n<p><em><strong>Un mundo misterioso <\/strong><\/em>(Argentina-Alemania) donde el realizador Rodrigo Moreno analiza los efectos causados en un joven cuando su novia le anuncia el final de la relaci\u00f3n sentimental. El film se estren\u00f3 en el Festival de Berl\u00edn y se proyecta por primera vez en Am\u00e9rica del Norte.<\/p>\n<p><em><strong>Vaquero<\/strong><\/em> (Argentina). En su \u00f3pera prima Juan Minujin ofrece una comedia negra narrando los esfuerzos de un joven actor que desea impulsar su carrera participando en un western que va a ser filmado en Argentina por un director de Hollywood. Primicia Internacional.<\/p>\n<p>La lista precedente se completa con dos cl\u00e1sicos de Argentina; uno de ellos es <em><strong> Invasi\u00f3n <\/strong><\/em>(Argentina), excelente film  de Hugo Santiago escrito por Jorge Luis Borges en base a una historia de Adolfo Bioy Casares, que por primera vez se exhibe en Canad\u00e1 a pesar de que ha sido realizado en 1969; el otro t\u00edtulo es <em><strong>Mundo Gr\u00faa<\/strong><\/em> (1999), que fue el primer film de Pablo Trapero por el cual gan\u00f3 su merecida reputaci\u00f3n como uno de los mejores realizadores de Argentina.<\/p>\n<p>Adem\u00e1s de la presentaci\u00f3n de estas pel\u00edculas, el TIFF efectuar\u00e1 un simposio  con la presencia de directores argentinos que estar\u00e1n de vista y la participaci\u00f3n de expertos en cultura urbana. El panel de este a\u00f1o se denomina \u201cBuenos Aires-Una Conversaci\u00f3n\u201d que tendr\u00e1 lugar el martes 13 de septiembre en el TIFF Bell Lightbox. Este acontecimiento cultural estar\u00e1 abierto al p\u00fablico con entrada gratuita.<\/p>\n","protected":false},"excerpt":{"rendered":"<p>En la secci\u00f3n \u201cCity to City\u201d, creada en 2009 por el Toronto International Film Festival (TIFF) para destacar la importancia de las ciudades del mundo como fuente de inspiraci\u00f3n cinematogr\u00e1fica, para este a\u00f1o ha sido seleccionada la capital de la Rep\u00fablica Argentina.<\/p>\n","protected":false},"author":1,"featured_media":7105,"comment_status":"closed","ping_status":"open","sticky":false,"template":"","format":"standard","meta":{"footnotes":""},"categories":[80],"tags":[43,2084,4513,22],"class_list":["post-7104","post","type-post","status-publish","format-standard","has-post-thumbnail","hentry","category-cine-2","tag-argentina","tag-buenos-aires","tag-tiff-2011","tag-toronto"],"_links":{"self":[{"href":"https:\/\/diarioelpopular.com\/index.php\/wp-json\/wp\/v2\/posts\/7104","targetHints":{"allow":["GET"]}}],"collection":[{"href":"https:\/\/diarioelpopular.com\/index.php\/wp-json\/wp\/v2\/posts"}],"about":[{"href":"https:\/\/diarioelpopular.com\/index.php\/wp-json\/wp\/v2\/types\/post"}],"author":[{"embeddable":true,"href":"https:\/\/diarioelpopular.com\/index.php\/wp-json\/wp\/v2\/users\/1"}],"replies":[{"embeddable":true,"href":"https:\/\/diarioelpopular.com\/index.php\/wp-json\/wp\/v2\/comments?post=7104"}],"version-history":[{"count":0,"href":"https:\/\/diarioelpopular.com\/index.php\/wp-json\/wp\/v2\/posts\/7104\/revisions"}],"wp:featuredmedia":[{"embeddable":true,"href":"https:\/\/diarioelpopular.com\/index.php\/wp-json\/"}],"wp:attachment":[{"href":"https:\/\/diarioelpopular.com\/index.php\/wp-json\/wp\/v2\/media?parent=7104"}],"wp:term":[{"taxonomy":"category","embeddable":true,"href":"https:\/\/diarioelpopular.com\/index.php\/wp-json\/wp\/v2\/categories?post=7104"},{"taxonomy":"post_tag","embeddable":true,"href":"https:\/\/diarioelpopular.com\/index.php\/wp-json\/wp\/v2\/tags?post=7104"}],"curies":[{"name":"wp","href":"https:\/\/api.w.org\/{rel}","templated":true}]}}