{"id":7178,"date":"2011-08-05T23:55:28","date_gmt":"2011-08-06T03:55:28","guid":{"rendered":"http:\/\/retrolab.ca\/elpopular\/?p=7178"},"modified":"2011-08-05T23:55:28","modified_gmt":"2011-08-06T03:55:28","slug":"colombia-francia-y-portugal-sellan-su-pasaportes-y-uruguay-se-desinfla","status":"publish","type":"post","link":"https:\/\/diarioelpopular.com\/index.php\/2011\/08\/05\/colombia-francia-y-portugal-sellan-su-pasaportes-y-uruguay-se-desinfla\/","title":{"rendered":"Colombia, Francia y Portugal sellan su pasaportes, y Uruguay se desinfla"},"content":{"rendered":"<div id=\"attachment_7179\" style=\"width: 710px\" class=\"wp-caption aligncenter\"><a href=\"http:\/\/retrolab.ca\/elpopular\/wp-content\/uploads\/2011\/08\/Mundial-Sub20-Uruguay-Camer\u00fan.jpg\"><img loading=\"lazy\" decoding=\"async\" aria-describedby=\"caption-attachment-7179\" class=\"size-full wp-image-7179\" title=\"Mundial Sub'20, Uruguay-Camer\u00fan\" src=\"http:\/\/retrolab.ca\/elpopular\/wp-content\/uploads\/2011\/08\/Mundial-Sub20-Uruguay-Camer\u00fan.jpg\" alt=\"\" width=\"700\" height=\"420\" \/><\/a><p id=\"caption-attachment-7179\" class=\"wp-caption-text\">El jugador de la selecci\u00f3n de Camer\u00fan Edgar Salli consuela a Guillermo de los Santos, de la selecci\u00f3n de Uruguay, tras la derrota de los uruguayos 1-0 en el estadio El Camp\u00edn de Bogot\u00e1. Foto: Mauricio Due\u00f1as \/ Efe<\/p><\/div>\n<p><em>Gonzalo Pi\u00f1eros. Bogot\u00e1.- <\/em>Por la ventanilla migratoria aparecieron este viernes las selecciones de Colombia, Francia, Portugal y Nigeria para sellar sus pasaportes de entrada a los octavos de final del Mundial\u00a0sub&#8217;20, fase del torneo que Uruguay ver\u00e1 por televisi\u00f3n desde Montevideo.<\/p>\n<p>Los favoritos del grupo A no decepcionaron. Colombia, como local, y Francia, campe\u00f3n europeo sub&#8217;19, ratificaron las expectativas.<\/p>\n<p>Los pupilos de Eduardo Lara resolvieron antes del entretiempo el apretado partido que les plante\u00f3 Corea del Sur, gracias al punta Luis Muriel que sum\u00f3 su tercera anotaci\u00f3n y se uni\u00f3n al grupo de goleadores que comanda el brasile\u00f1o Philippe Coutinho.<\/p>\n<p>A pesar de la cachetada, Corea del Sur se mantuvo sereno, no se dej\u00f3 provocar y jug\u00f3 inteligentemente: con tres puntos y una diferencia de menos un gol aspira a seguir con vida como uno de los mejores terceros del torneo.<\/p>\n<p>Colombia con el 1-0 asegur\u00f3 el primer lugar de su grupo, consigui\u00f3 nueve puntos en tres partidos y garantiz\u00f3 su permanencia en Bogot\u00e1 para disputar la siguiente fase.<\/p>\n<p>Francia, a su vez, sufri\u00f3 de m\u00e1s para derrotar por 2-0 a Mal\u00ed. Solo hasta el minuto 70 Bakambu rompi\u00f3 el cerrojo africano, para que luego Lacazette ampliara la diferencia.<\/p>\n<p>Los &#8216;bleus&#8217; sumaron 6 puntos y esperar\u00e1n la definici\u00f3n de su rival para el partido de octavos que se disputar\u00e1 en Cartagena.<\/p>\n<p>La sorpresa de la jornada estuvo en la definici\u00f3n del grupo B.<\/p>\n<p>Uruguay, al caer por 0-1 contra Camer\u00fan, por primera vez en su historia en mundiales\u00a0sub&#8217;20\u00a0fue eliminado en la fase de grupos.<\/p>\n<p>Decepcionante final para la selecci\u00f3n de Juan Verzeri que lleg\u00f3 con el peso en la espalda del t\u00edtulo Celeste en la Copa Am\u00e9rica y el subcampeonato del Mundial Sub&#8217;17, ambos obtenidos en julio pasado.<\/p>\n<p>La tarea en cambio la hicieron Portugal y Camer\u00fan, quienes ganaron por la m\u00ednima diferencia y se adue\u00f1aron del primero y segundo lugar, respectivamente, de una zona \u00e1rida: solo siete goles en seis partidos.<\/p>\n<p>Con los resultados de hoy qued\u00f3 definida la llave de octavos de final entre Camer\u00fan, como segundo del grupo B, y M\u00e9xico, segundo del F, el pr\u00f3ximo 9 de agosto.<\/p>\n<p>Portugal, que ocup\u00f3 el primer lugar del B, jugar\u00e1 ese mismo d\u00eda contra el mejor tercero de los grupos A, C y D.<\/p>\n<p>El anfitri\u00f3n, Colombia, como l\u00edder del A enfrentar\u00e1 al mejor tercero de las zonas C, D y E tambi\u00e9n el 9 de agosto.<\/p>\n<p>Francia, segundo del A, chocar\u00e1 un d\u00eda despu\u00e9s contra el segundo del grupo C.<\/p>\n<p><strong>Clasificaci\u00f3n goleadores:<\/strong><\/p>\n<ul>\n<li>Con 3: Philippe Coutinho (BRA), Muriel (COL), Ibrahim (EGY).<\/li>\n<li>Con 2: Lacazette (FRA), Oar (AUS), J. Rodr\u00edguez (COL), J. Ruiz y Campbell (CRC), Sunu (FRA), Alfahmi (KSA), Egbedi, Kayode, Musa y Nwofor (NGA), Rodrigo (ESP) y Henrique (BRA).<\/li>\n<li>Con 1: M\u00e1rio Rui y N. Oliveira (POR) Luna (URU), Bevin (NZL), Almuwallad, Dagriri, Alfatil, Alshahrani, Alibrahim y Aldawsari (KSA), Govea (ECU), Ajagun y Suswam (NGA), Koke, Isco, Canales y \u00c1lvaro (ESP), Danilo, William y Dudu (BRA), Gaber, Hegazi y Sobhi (EGY), Lamela, Ferreyra, Villafa\u00f1ez y Cirigliano (ARG), Mbongo y Mbondi (CMR), Kim Young Uk, Kim K.J. y Jang H.S. (KOR); Fofana y Bakambu (FRA); Valencia y Arias (COL); Guarch y De Buen (MEX) y Lendric y Kamaric (CRO).<\/li>\n<li>En propia puerta: Tchaha (CMR), Ri Y.Ch.(RDC) y F. Calvo (CRC).<\/li>\n<\/ul>\n","protected":false},"excerpt":{"rendered":"<p>Por la ventanilla migratoria aparecieron las selecciones de Colombia, Francia, Portugal y Nigeria para sellar sus pasaportes de entrada a los octavos de final del Mundial sub&#8217;20, fase del torneo que Uruguay ver\u00e1 por televisi\u00f3n desde Montevideo.<\/p>\n","protected":false},"author":1,"featured_media":7179,"comment_status":"closed","ping_status":"open","sticky":false,"template":"","format":"standard","meta":{"footnotes":""},"categories":[28],"tags":[6997],"class_list":["post-7178","post","type-post","status-publish","format-standard","has-post-thumbnail","hentry","category-deportes","tag-sub20"],"_links":{"self":[{"href":"https:\/\/diarioelpopular.com\/index.php\/wp-json\/wp\/v2\/posts\/7178","targetHints":{"allow":["GET"]}}],"collection":[{"href":"https:\/\/diarioelpopular.com\/index.php\/wp-json\/wp\/v2\/posts"}],"about":[{"href":"https:\/\/diarioelpopular.com\/index.php\/wp-json\/wp\/v2\/types\/post"}],"author":[{"embeddable":true,"href":"https:\/\/diarioelpopular.com\/index.php\/wp-json\/wp\/v2\/users\/1"}],"replies":[{"embeddable":true,"href":"https:\/\/diarioelpopular.com\/index.php\/wp-json\/wp\/v2\/comments?post=7178"}],"version-history":[{"count":0,"href":"https:\/\/diarioelpopular.com\/index.php\/wp-json\/wp\/v2\/posts\/7178\/revisions"}],"wp:featuredmedia":[{"embeddable":true,"href":"https:\/\/diarioelpopular.com\/index.php\/wp-json\/"}],"wp:attachment":[{"href":"https:\/\/diarioelpopular.com\/index.php\/wp-json\/wp\/v2\/media?parent=7178"}],"wp:term":[{"taxonomy":"category","embeddable":true,"href":"https:\/\/diarioelpopular.com\/index.php\/wp-json\/wp\/v2\/categories?post=7178"},{"taxonomy":"post_tag","embeddable":true,"href":"https:\/\/diarioelpopular.com\/index.php\/wp-json\/wp\/v2\/tags?post=7178"}],"curies":[{"name":"wp","href":"https:\/\/api.w.org\/{rel}","templated":true}]}}