{"id":76270,"date":"2012-01-10T22:25:15","date_gmt":"2012-01-11T03:25:15","guid":{"rendered":"http:\/\/diarioelpopular.com\/?p=76270"},"modified":"2012-01-10T22:25:15","modified_gmt":"2012-01-11T03:25:15","slug":"ortega-inicia-su-mandato-defendiendo-el-plan-nuclear-de-iran","status":"publish","type":"post","link":"https:\/\/diarioelpopular.com\/index.php\/2012\/01\/10\/ortega-inicia-su-mandato-defendiendo-el-plan-nuclear-de-iran\/","title":{"rendered":"Ortega inicia su mandato defendiendo el plan nuclear de Ir\u00e1n"},"content":{"rendered":"<div id=\"attachment_76271\" style=\"width: 710px\" class=\"wp-caption aligncenter\"><a href=\"https:\/\/diarioelpopular.com\/wp-content\/uploads\/2012\/01\/Ortega-Ch\u00e1vez-Ahmadineyad.jpg\"><img loading=\"lazy\" decoding=\"async\" aria-describedby=\"caption-attachment-76271\" class=\"size-full wp-image-76271\" title=\"Ortega, Ch\u00e1vez, Ahmadineyad\" src=\"https:\/\/diarioelpopular.com\/wp-content\/uploads\/2012\/01\/Ortega-Ch\u00e1vez-Ahmadineyad.jpg\" alt=\"\" width=\"700\" height=\"420\" \/><\/a><p id=\"caption-attachment-76271\" class=\"wp-caption-text\">Los presidentes Hugo Ch\u00e1vez, de Venezuela, Mahmud Ahmadinejad, de Ir\u00e1n, y el nicarag\u00fcense reci\u00e9n ratificado para un nuevo periodo, Daniel Ortega, se dan un caluroso apret\u00f3n de mano durante la toma de posesi\u00f3n de este \u00faltimo en Managua, Nicaragua. Foto: AFP<\/p><\/div>\n<p><em><strong>Luis Felipe Palacios. Managua.-<\/strong><\/em> Daniel\u00a0Ortega\u00a0inici\u00f3 este martes su tercer mandato, y segundo consecutivo, con una defensa al programa nuclear que impulsa Ir\u00e1n, en un abierto desaf\u00edo a Estados Unidos, y demand\u00f3 el desarme del &#8220;armamento at\u00f3mico&#8221; de Israel.<\/p>\n<p>Tras ser investido para dirigir Nicaragua hasta el 2017 y en presencia de sus aliados y hom\u00f3logos Mahmud Ahmadineyad, de Ir\u00e1n, y Hugo Ch\u00e1vez, de Venezuela, Ortega\u00a0denunci\u00f3 una presunta conspiraci\u00f3n contra Teher\u00e1n, la cual, advirti\u00f3, amenaza la paz mundial.<\/p>\n<p>&#8220;Se ha venido armando una verdadera conspiraci\u00f3n en contra de Ir\u00e1n, que a final de cuentas va contra toda la regi\u00f3n, contra la paz del mundo&#8221;, se\u00f1al\u00f3\u00a0Ortega\u00a0en su largo discurso de investidura, ante la presencia de siete jefes de Estado y de Gobierno, y del pr\u00edncipe Felipe, heredero de la Corona espa\u00f1ola.<\/p>\n<p>Antes de jurar para su nuevo mandato para el periodo 2012-2017,\u00a0Ortega\u00a0se dio un efusivo apret\u00f3n de manos con Ahmadineyad y Ch\u00e1vez, ambos aliados suyos y adversarios de Estados Unidos.<\/p>\n<p>Ahmadineyad lleg\u00f3 a Managua procedente de Venezuela en el marco de un periplo de cinco d\u00edas por Latinoam\u00e9rica en un momento en que parte de la comunidad internacional ha intensificado su presi\u00f3n contra el programa nuclear de Ir\u00e1n por el temor a que pretenda desarrollar un arsenal at\u00f3mico.<\/p>\n<p>Parte de la comunidad internacional, con Washington a la cabeza, cree que el programa nuclear iran\u00ed tiene una vertiente militar destinada a fabricar bombas at\u00f3micas.<\/p>\n<p>Ir\u00e1n lo niega y defiende que solo tiene fines energ\u00e9ticos y m\u00e9dicos.<\/p>\n<p>El mandatario nicarag\u00fcense indic\u00f3 que si se empezara a negociar sobre el tema nuclear, se tendr\u00eda que pedir a Israel, del cual dijo es &#8220;el \u00fanico pa\u00eds en toda esa zona que tiene armamento at\u00f3mico&#8221;, que renuncie y lo destruya.<\/p>\n<p>&#8220;Estoy seguro que eso le llevar\u00eda unos aires de paz inmensos a esa regi\u00f3n&#8221;, continu\u00f3\u00a0Ortega, quien critic\u00f3 a las potencias por no llamar la atenci\u00f3n a Israel, que s\u00ed &#8220;tiene las armas at\u00f3micas&#8221;.<\/p>\n<p>Ortega\u00a0aconsej\u00f3 a Ir\u00e1n proponer a &#8220;Israel que empiece a desarmarse del armamento at\u00f3mico&#8221;.<\/p>\n<p>Seg\u00fan el l\u00edder sandinista, se est\u00e1 amenazando a Ir\u00e1n porque, pese a no tener &#8220;armamento at\u00f3mico, ni bombas at\u00f3micas&#8221;, tiene petr\u00f3leo.<\/p>\n<p>&#8220;Recordemos lo que pas\u00f3 en Irak. Juraron que el presidente Sadam Hussein, que en paz descanse, ten\u00eda armas at\u00f3micas. Lo juraron y aseguraron y, a partir de all\u00ed, lanzaron una invasi\u00f3n&#8221;, advirti\u00f3 el mandatario, en alusi\u00f3n a EE.UU.<\/p>\n<p>Ortega\u00a0aleg\u00f3 que todos los pa\u00edses tienen derecho a desarrollar la energ\u00eda at\u00f3mica para fines pac\u00edficos y, en todo caso, dijo, habr\u00eda que empezar un debate sobre la conveniencia o inconveniencia de continuar con la energ\u00eda at\u00f3mica con fines pac\u00edficos, porque en el mundo existe suficiente armamento at\u00f3mico para &#8220;explotar mil veces el planeta&#8221;.<\/p>\n<p>En su intervenci\u00f3n de m\u00e1s de una hora,\u00a0Ortega\u00a0tambi\u00e9n salud\u00f3 a Ch\u00e1vez, su principal aliado pol\u00edtico y econ\u00f3mico, quien &#8220;ha librado una batalla por la vida de manera integral&#8221;, en referencia al c\u00e1ncer que sufre.<\/p>\n<p>Adem\u00e1s, agradeci\u00f3 al pr\u00edncipe de Asturias la solidaridad incondicional de Espa\u00f1a con Nicaragua a lo largo de los a\u00f1os.<\/p>\n<p>&#8220;Espa\u00f1a ha mantenido en todo momento, en todo tiempo, independientemente de quien gobierne en Nicaragua o de quien gobierne en Espa\u00f1a, ha mantenido una cooperaci\u00f3n incondicional&#8221;, expres\u00f3, tras mencionar que, actualmente, el pueblo espa\u00f1ol enfrenta momentos dif\u00edciles, por la crisis econ\u00f3mica mundial.<\/p>\n<p>Asimismo, critic\u00f3 la &#8220;brutal&#8221; muerte de su amigo, el l\u00edder libio Muamar el Gadafi, que calific\u00f3 como un &#8220;crimen&#8221;.<\/p>\n<p>A la ceremonia de investidura de\u00a0Ortega\u00a0asistieron adem\u00e1s los presidentes Porfirio Lobo (Honduras), \u00c1lvaro Colom (Guatemala), Mauricio Funes (El Salvador), Michel Martelly (Hait\u00ed) y Desir\u00e9 Delano Bouterse (Surinam), entre otros invitados internacionales.<\/p>\n<p>Ortega, de 66 a\u00f1os, que cuenta con el respaldo de una abrumadora mayor\u00eda en el Congreso, inici\u00f3 as\u00ed un nuevo mandato luego de ser reelegido con una pol\u00e9mica candidatura en las elecciones del 6 de noviembre pasado, cuestionadas por observadores internacionales y locales y desconocidas por la oposici\u00f3n.<\/p>\n<p>El gobernante jur\u00f3 el cargo en medio de protestas de grupos opositores que consideran inconstitucional y fraudulenta su investidura.<\/p>\n","protected":false},"excerpt":{"rendered":"<p>Managua.- Daniel Ortega inici\u00f3 este martes su tercer mandato, y segundo consecutivo, con una defensa al programa nuclear que impulsa Ir\u00e1n, en un abierto desaf\u00edo a Estados Unidos, y demand\u00f3 el desarme del &#8220;armamento at\u00f3mico&#8221; de Israel.<\/p>\n","protected":false},"author":1,"featured_media":76271,"comment_status":"closed","ping_status":"open","sticky":false,"template":"","format":"standard","meta":{"footnotes":""},"categories":[23],"tags":[477,493,631,160,632,633],"class_list":["post-76270","post","type-post","status-publish","format-standard","has-post-thumbnail","hentry","category-latinoamerica","tag-ahmadineyad","tag-chavez","tag-daniel-ortega","tag-iran","tag-nicaragua","tag-nuclear"],"_links":{"self":[{"href":"https:\/\/diarioelpopular.com\/index.php\/wp-json\/wp\/v2\/posts\/76270","targetHints":{"allow":["GET"]}}],"collection":[{"href":"https:\/\/diarioelpopular.com\/index.php\/wp-json\/wp\/v2\/posts"}],"about":[{"href":"https:\/\/diarioelpopular.com\/index.php\/wp-json\/wp\/v2\/types\/post"}],"author":[{"embeddable":true,"href":"https:\/\/diarioelpopular.com\/index.php\/wp-json\/wp\/v2\/users\/1"}],"replies":[{"embeddable":true,"href":"https:\/\/diarioelpopular.com\/index.php\/wp-json\/wp\/v2\/comments?post=76270"}],"version-history":[{"count":0,"href":"https:\/\/diarioelpopular.com\/index.php\/wp-json\/wp\/v2\/posts\/76270\/revisions"}],"wp:featuredmedia":[{"embeddable":true,"href":"https:\/\/diarioelpopular.com\/index.php\/wp-json\/"}],"wp:attachment":[{"href":"https:\/\/diarioelpopular.com\/index.php\/wp-json\/wp\/v2\/media?parent=76270"}],"wp:term":[{"taxonomy":"category","embeddable":true,"href":"https:\/\/diarioelpopular.com\/index.php\/wp-json\/wp\/v2\/categories?post=76270"},{"taxonomy":"post_tag","embeddable":true,"href":"https:\/\/diarioelpopular.com\/index.php\/wp-json\/wp\/v2\/tags?post=76270"}],"curies":[{"name":"wp","href":"https:\/\/api.w.org\/{rel}","templated":true}]}}