{"id":7705,"date":"2011-08-11T13:29:58","date_gmt":"2011-08-11T17:29:58","guid":{"rendered":"http:\/\/retrolab.ca\/elpopular\/?p=7705"},"modified":"2011-08-11T13:29:58","modified_gmt":"2011-08-11T17:29:58","slug":"la-estatua-de-la-libertad-se-cerrara-un-ano-por-reformas","status":"publish","type":"post","link":"https:\/\/diarioelpopular.com\/index.php\/2011\/08\/11\/la-estatua-de-la-libertad-se-cerrara-un-ano-por-reformas\/","title":{"rendered":"La Estatua de la Libertad cerrar\u00e1 un a\u00f1o por reformas"},"content":{"rendered":"<div id=\"attachment_7706\" style=\"width: 710px\" class=\"wp-caption aligncenter\"><a href=\"http:\/\/retrolab.ca\/elpopular\/wp-content\/uploads\/2011\/08\/Estatua-de-la-libertad.jpg\"><img loading=\"lazy\" decoding=\"async\" aria-describedby=\"caption-attachment-7706\" class=\"size-full wp-image-7706\" title=\"Estatua de la Libertad\" src=\"http:\/\/retrolab.ca\/elpopular\/wp-content\/uploads\/2011\/08\/Estatua-de-la-libertad.jpg\" alt=\"\" width=\"700\" height=\"420\" \/><\/a><p id=\"caption-attachment-7706\" class=\"wp-caption-text\">La Estatua requiere una inversi\u00f3n de 27,25 millones de d\u00f3lares<\/p><\/div>\n<p><em><strong>Efe. Redacci\u00f3n Internacional.- <\/strong><\/em>La <a href=\"http:\/\/es.wikipedia.org\/wiki\/Estatua_de_la_Libertad\">Estatua\u00a0de la Libertad<\/a> cerrara, de nuevo, un a\u00f1o por reformas, seg\u00fan ha anunciado el secretario de Interior, Ken Salarzar, inform\u00f3 en su edici\u00f3n digital el diario<em> The New York Times.<\/em><\/p>\n<p>El rotativo neoyorquino destaca que el nuevo cierre se producir\u00e1 tras haber permanecido cerrada durante tres a\u00f1os por reformas tras el ataque del 11-S para hacer las mejoras de seguridad reclamadas por el Servicio Nacional de Parques.<\/p>\n<p>El principal s\u00edmbolo del llamado &#8220;sue\u00f1o americano&#8221; y una de las mayores atracciones tur\u00edsticas de Estados Unidos requiere una inversi\u00f3n de 27,25 millones de d\u00f3lares para las nuevas mejoras de seguridad y despu\u00e9s de la anterior inversi\u00f3n para reformar las v\u00edas de evacuaci\u00f3n por valor de 6,7 millones de d\u00f3lares.<\/p>\n<p>No obstante, funcionarios no identificados por el diario explicaron que las reformas a\u00fan no podr\u00e1n comenzar dado que no han sido completados los proyectos ni determinada la financiaci\u00f3n de las obras.<\/p>\n<p>Igualmente puntualizaron que no quieren que la Estatua\u00a0permanezca cerrada el 28 de octubre, el 125 aniversario de su inauguraci\u00f3n, por lo que ser\u00eda cerrada al p\u00fablico al d\u00eda siguiente.<\/p>\n<p>El responsable del Servicio de Parques de Ellis Island y de este monumento, Vince Swift, se\u00f1al\u00f3 que la gran mayor\u00eda de los turistas no sube por el interior y asegur\u00f3 que &#8220;van a vivir exactamente la misma experiencia&#8221; mientras la Estatua\u00a0permanezca cerrada.<\/p>\n","protected":false},"excerpt":{"rendered":"<p>El nuevo cierre del emblem\u00e1tico monumento neoyorquino se producir\u00e1 tras haber permanecido cerrado durante tres a\u00f1os por reformas tras el ataque del 11-S para hacer las mejoras de seguridad reclamadas por el Servicio Nacional de Parques de EE UU.<\/p>\n","protected":false},"author":1,"featured_media":7706,"comment_status":"closed","ping_status":"open","sticky":false,"template":"","format":"standard","meta":{"footnotes":""},"categories":[24],"tags":[120,7148,66,6721],"class_list":["post-7705","post","type-post","status-publish","format-standard","has-post-thumbnail","hentry","category-mundo","tag-estados-unidos","tag-estatua-de-la-libertad","tag-nueva-york","tag-reformas"],"_links":{"self":[{"href":"https:\/\/diarioelpopular.com\/index.php\/wp-json\/wp\/v2\/posts\/7705","targetHints":{"allow":["GET"]}}],"collection":[{"href":"https:\/\/diarioelpopular.com\/index.php\/wp-json\/wp\/v2\/posts"}],"about":[{"href":"https:\/\/diarioelpopular.com\/index.php\/wp-json\/wp\/v2\/types\/post"}],"author":[{"embeddable":true,"href":"https:\/\/diarioelpopular.com\/index.php\/wp-json\/wp\/v2\/users\/1"}],"replies":[{"embeddable":true,"href":"https:\/\/diarioelpopular.com\/index.php\/wp-json\/wp\/v2\/comments?post=7705"}],"version-history":[{"count":0,"href":"https:\/\/diarioelpopular.com\/index.php\/wp-json\/wp\/v2\/posts\/7705\/revisions"}],"wp:featuredmedia":[{"embeddable":true,"href":"https:\/\/diarioelpopular.com\/index.php\/wp-json\/"}],"wp:attachment":[{"href":"https:\/\/diarioelpopular.com\/index.php\/wp-json\/wp\/v2\/media?parent=7705"}],"wp:term":[{"taxonomy":"category","embeddable":true,"href":"https:\/\/diarioelpopular.com\/index.php\/wp-json\/wp\/v2\/categories?post=7705"},{"taxonomy":"post_tag","embeddable":true,"href":"https:\/\/diarioelpopular.com\/index.php\/wp-json\/wp\/v2\/tags?post=7705"}],"curies":[{"name":"wp","href":"https:\/\/api.w.org\/{rel}","templated":true}]}}