{"id":77729,"date":"2012-01-10T22:21:34","date_gmt":"2012-01-11T03:21:34","guid":{"rendered":"http:\/\/diarioelpopular.com\/?p=77729"},"modified":"2012-01-10T22:21:34","modified_gmt":"2012-01-11T03:21:34","slug":"despres-recupera-el-liderato-y-al-attiyah-se-despide-del-dakar","status":"publish","type":"post","link":"https:\/\/diarioelpopular.com\/index.php\/2012\/01\/10\/despres-recupera-el-liderato-y-al-attiyah-se-despide-del-dakar\/","title":{"rendered":"Dakar: Despres recupera el liderato y Al-Attiyah se despide"},"content":{"rendered":"<div id=\"attachment_77730\" style=\"width: 710px\" class=\"wp-caption aligncenter\"><a href=\"https:\/\/diarioelpopular.com\/wp-content\/uploads\/2012\/01\/Novena-etapa-del-Dakar.jpg\"><img loading=\"lazy\" decoding=\"async\" aria-describedby=\"caption-attachment-77730\" class=\"size-full wp-image-77730\" title=\"Novena etapa del Dakar\" src=\"https:\/\/diarioelpopular.com\/wp-content\/uploads\/2012\/01\/Novena-etapa-del-Dakar.jpg\" alt=\"\" width=\"700\" height=\"420\" \/><\/a><p id=\"caption-attachment-77730\" class=\"wp-caption-text\">El piloto de Kazajist\u00e1n Artur Ardavichus conduce su cami\u00f3n, en la novena etapa del rally Dakar entre Antofagasta e Iquique (Chile). Foto: Felipe Trueba \/ Efe<\/p><\/div>\n<p><em><strong>Gerard Soler. Iquique (Chile).-<\/strong><\/em> Pocas horas pudo saborear el liderato en motos el espa\u00f1ol Marc Coma (KTM), que vio como su gran rival, el franc\u00e9s Cyril Despres (KTM), ganaba la novena etapa y se lo arrebataba.<\/p>\n<p>En autos, cara y cruz para los Hummer. El estadounidense Robby Gordon logr\u00f3 su primer triunfo de etapa en este\u00a0Dakar\u00a0y el catar\u00ed Nasser Al-Attiyah abandon\u00f3 a media jornada, agobiado por las constantes aver\u00edas de su veh\u00edculo.<\/p>\n<p>La especial de hoy, entre las ciudades chilenas de Antofagasta e Iquique, fue una de las m\u00e1s largas y variadas del rally. Los corredores completaron casi 500 kil\u00f3metros por todo tipo de terrenos.<\/p>\n<p>Cruzaron ca\u00f1ones, pistas r\u00e1pidas, tramos por fuera de pista y un cord\u00f3n de dunas con el cl\u00e1sico descenso de la enorme monta\u00f1a de arena situada cerca de Iquique, justo antes de llegar al campamento.<\/p>\n<p>En motos el ganador fue Cyril Despres, que dej\u00f3 en manos de Marc Coma la responsabilidad de abrir la pista y aprovech\u00f3 que sal\u00eda varios minutos detr\u00e1s del catal\u00e1n para ara\u00f1ar tiempo.<\/p>\n<p>El galo le sac\u00f3 tres minutos y 54 segundos y avanz\u00f3 hasta la primera posici\u00f3n de la general con una ventaja de dos minutos y 28 segundos.<\/p>\n<p>M\u00e1s all\u00e1 del resultado de la etapa, en el campamento del\u00a0Dakar\u00a0a\u00fan coleaba la decisi\u00f3n de la organizaci\u00f3n del rally de descontar a Despres y otros cinco pilotos el tiempo que perdieron este lunes atrapados en un charco de barro en la octava etapa.<\/p>\n<p>El gran perjudicado por la controvertida medida fue Coma, que hab\u00eda pasado el lodazal con \u00e9xito y le hab\u00eda sacado diez minutos a Despres en la general.<\/p>\n<p>La direcci\u00f3n de la carrera le devolvi\u00f3 m\u00e1s de ocho minutos a Despres y el colch\u00f3n de Coma en la clasificaci\u00f3n se esfum\u00f3 y qued\u00f3 en menos de un minuto y medio, distancia que hoy se evapor\u00f3 del todo.<\/p>\n<p>Coma reconoci\u00f3 que anoche le cost\u00f3 conciliar el sue\u00f1o y que a\u00fan le da vueltas al asunto. Adem\u00e1s, consider\u00f3 que en algunas ocasiones debe lidiar con problemas que exceden el \u00e1mbito deportivo.<\/p>\n<p>&#8220;A veces tengo la sensaci\u00f3n de que tengo que luchar contra muchas cosas&#8221;, dijo.<\/p>\n<p>Despres, por su parte, trat\u00f3 de evitar referirse al tema y cuando lo hizo recurri\u00f3 a una met\u00e1fora para ofrecer su punto de vista.<\/p>\n<p>&#8220;Me gusta el rugby porque es un deporte donde hay una decisi\u00f3n del \u00e1rbitro y no se discute lo que decide&#8221;, dijo el galo, que consider\u00f3 que la decisi\u00f3n de la direcci\u00f3n de carrera fue acertada.<\/p>\n<p>Fuera del rifirrafe entre los dos grandes candidatos al triunfo, el espa\u00f1ol Joan Barreda (Husqvarna) consigui\u00f3 un trabajado tercer puesto y su compatriota Jordi Viladoms (KTM) fue octavo y subi\u00f3 hasta la cuarta plaza de la general, donde super\u00f3 al portugu\u00e9s Paulo Gon\u00e7alves, que recibi\u00f3 una penalizaci\u00f3n de 21 minutos.<\/p>\n<p>En la categor\u00eda de cuatro ruedas la novena etapa fue la del adi\u00f3s de Nasser Al-Attiyah, que no podr\u00e1 revalidar la corona que obtuvo el a\u00f1o pasado al volante de un Volkswagen.<\/p>\n<p>La marca germana opt\u00f3 por no participar en el\u00a0Dakar\u00a0y el catar\u00ed acept\u00f3 el reto de manejar un Hummer del equipo de Robby Gordon. Todo fue muy r\u00e1pido y el piloto lleg\u00f3 al\u00a0Dakar\u00a0sin apenas kil\u00f3metros de preparaci\u00f3n, y los problemas aparecieron a las primeras de cambio.<\/p>\n<p>En ocho etapas y media el Hummer de Al-Attiyah sufri\u00f3 un rosario de aver\u00edas que lo alejaron de sopet\u00f3n de la lucha por los puestos de cabeza.<\/p>\n<p>Primero fue la presi\u00f3n del aceite y el sistema el\u00e9ctrico, luego la sujeci\u00f3n del neum\u00e1tico de repuesto y finalmente la correa del alternador y el alternador.<\/p>\n<p>Hasta que hoy, en el kil\u00f3metro 174, Al-Attiyah arroj\u00f3 la toalla y se retir\u00f3 de la carrera.<\/p>\n<p>El abandono del catar\u00ed lleg\u00f3, parad\u00f3jicamente, el d\u00eda que su compa\u00f1ero de equipo -y jefe- consigui\u00f3 el primer triunfo de etapa en este\u00a0Dakar.<\/p>\n<p>Gordon sigue segundo en la general y se acerca un poco m\u00e1s al franc\u00e9s St\u00e9phane Peterhansel (Mini), que hoy fue segundo y sigue l\u00edder con una ventaja de casi seis minutos.<\/p>\n<p>El espa\u00f1ol Joan &#8216;Nani&#8217; Roma (Mini) qued\u00f3 tercero y mantiene el cuarto puesto en la clasificaci\u00f3n a menos de tres minutos del polaco Krzysztof Holowczyc (Mini), que marcha tercero.<\/p>\n<p>En quads el ganador de la jornada fue el argentino Alejandro Patronelli (Yamaha), que comanda la general con m\u00e1s de una hora de ventaja sobre su hermano Marcos.<\/p>\n<p>Tampoco cambia el l\u00edder en la carrera de camiones, donde el holand\u00e9s Gerard De Rooy (Iveco) sigue al frente con una c\u00f3moda ventaja.<\/p>\n<p>Este mi\u00e9rcoles se celebrar\u00e1 la \u00faltima etapa completa en territorio chileno antes de cruzar a Per\u00fa. Ser\u00e1n 377 kil\u00f3metros cronometrados entre Iquique y Arica en un trazado que combinar\u00e1 las pistas r\u00e1pidas, el resbaladizo &#8216;fesh-fesh&#8217; que anta\u00f1o el\u00a0Dakar\u00a0atravesaba en \u00c1frica y un sector de dunas.<\/p>\n","protected":false},"excerpt":{"rendered":"<p>Pocas horas pudo saborear el liderato en motos el espa\u00f1ol Marc Coma, que vio como su gran rival, el franc\u00e9s Cyril Despres, ganaba la novena etapa y se lo arrebataba. En autos, cara y cruz para los Hummer. Gordon logr\u00f3 su primer triunfo de etapa y Al-Attiyah abandon\u00f3, agobiado por las constantes aver\u00edas de su veh\u00edculo.<\/p>\n","protected":false},"author":1,"featured_media":77730,"comment_status":"closed","ping_status":"open","sticky":false,"template":"","format":"standard","meta":{"footnotes":""},"categories":[28],"tags":[636,46,173],"class_list":["post-77729","post","type-post","status-publish","format-standard","has-post-thumbnail","hentry","category-deportes","tag-al-attiyah","tag-dakar","tag-rally"],"_links":{"self":[{"href":"https:\/\/diarioelpopular.com\/index.php\/wp-json\/wp\/v2\/posts\/77729","targetHints":{"allow":["GET"]}}],"collection":[{"href":"https:\/\/diarioelpopular.com\/index.php\/wp-json\/wp\/v2\/posts"}],"about":[{"href":"https:\/\/diarioelpopular.com\/index.php\/wp-json\/wp\/v2\/types\/post"}],"author":[{"embeddable":true,"href":"https:\/\/diarioelpopular.com\/index.php\/wp-json\/wp\/v2\/users\/1"}],"replies":[{"embeddable":true,"href":"https:\/\/diarioelpopular.com\/index.php\/wp-json\/wp\/v2\/comments?post=77729"}],"version-history":[{"count":0,"href":"https:\/\/diarioelpopular.com\/index.php\/wp-json\/wp\/v2\/posts\/77729\/revisions"}],"wp:featuredmedia":[{"embeddable":true,"href":"https:\/\/diarioelpopular.com\/index.php\/wp-json\/"}],"wp:attachment":[{"href":"https:\/\/diarioelpopular.com\/index.php\/wp-json\/wp\/v2\/media?parent=77729"}],"wp:term":[{"taxonomy":"category","embeddable":true,"href":"https:\/\/diarioelpopular.com\/index.php\/wp-json\/wp\/v2\/categories?post=77729"},{"taxonomy":"post_tag","embeddable":true,"href":"https:\/\/diarioelpopular.com\/index.php\/wp-json\/wp\/v2\/tags?post=77729"}],"curies":[{"name":"wp","href":"https:\/\/api.w.org\/{rel}","templated":true}]}}