{"id":7830,"date":"2011-08-11T23:53:15","date_gmt":"2011-08-12T03:53:15","guid":{"rendered":"http:\/\/retrolab.ca\/elpopular\/?p=7830"},"modified":"2011-08-11T23:53:15","modified_gmt":"2011-08-12T03:53:15","slug":"el-sub20-entre-america-y-europa-con-permiso-de-nigeria","status":"publish","type":"post","link":"https:\/\/diarioelpopular.com\/index.php\/2011\/08\/11\/el-sub20-entre-america-y-europa-con-permiso-de-nigeria\/","title":{"rendered":"El Mundial Sub&#8217;20, entre Am\u00e9rica, Europa&#8230; y Nigeria"},"content":{"rendered":"<div id=\"attachment_7831\" style=\"width: 710px\" class=\"wp-caption aligncenter\"><a href=\"http:\/\/retrolab.ca\/elpopular\/wp-content\/uploads\/2011\/08\/Entrenamiento-de-Argentina-Sub20.jpg\"><img loading=\"lazy\" decoding=\"async\" aria-describedby=\"caption-attachment-7831\" class=\"size-full wp-image-7831\" title=\"Entrenamiento de Argentina Sub'20\" src=\"http:\/\/retrolab.ca\/elpopular\/wp-content\/uploads\/2011\/08\/Entrenamiento-de-Argentina-Sub20.jpg\" alt=\"\" width=\"700\" height=\"420\" \/><\/a><p id=\"caption-attachment-7831\" class=\"wp-caption-text\">Los jugadores de la selecci\u00f3n sub&#039;20 de Argentina realizan un entrenamiento en Cartagena (Colombia), donde se enfrentar\u00e1n a Portugal el pr\u00f3ximo 13 de agosto. Foto: Mauricio Due\u00f1as \/ Efe<\/p><\/div>\n<p><em><strong>L<\/strong><strong>uis Alejandro Amaya. Bogot\u00e1.-<\/strong><\/em> La vieja confrontaci\u00f3n entre Am\u00e9rica y Europa por la hegemon\u00eda del f\u00fatbol mundial se traslada ahora al \u00e1mbito juvenil en los cuartos de final del Mundial\u00a0Sub&#8217;20, pero esta vez hay un tercero en discordia: Nigeria.<\/p>\n<p>Argentina, Brasil, Colombia y M\u00e9xico, por un lado, y Espa\u00f1a, Francia y Portugal, por el otro, tratar\u00e1n de llevarse el trofeo m\u00e1ximo, pero Nigeria amenaza con mantenerlo en manos africanas tras la corona de Ghana en la edici\u00f3n de 2009.<\/p>\n<p>Colombia, cuya clasificaci\u00f3n a cuartos estuvo te\u00f1ida de sufrimiento por el juego que le plante\u00f3 Costa Rica, enfrentar\u00e1 el s\u00e1bado en Bogot\u00e1 a M\u00e9xico, que elimin\u00f3 a Camer\u00fan con una disciplina f\u00e9rrea como colectivo y un guardameta Jos\u00e9 Rodr\u00edguez que tuvo &#8216;su&#8217; noche en la definici\u00f3n de penaltis.<\/p>\n<p>Argentina, sin la espectacularidad de otros a\u00f1os, va paso a paso en pos de alcanzar el s\u00e9ptimo t\u00edtulo en la categor\u00eda, donde es rey hist\u00f3rico. Si bien en la fase de grupos los de Walter Perazzo fueron pr\u00e1cticos, no llenaron la retina y el p\u00fablico de Medell\u00edn les cobr\u00f3 esto, al darle su apoyo a Egipto en la llave de octavos.<\/p>\n<p>Una Portugal con su valla invicta ser\u00e1 su rival este s\u00e1bado en Cartagena. Los de Il\u00eddio Vale, s\u00f3lidos en su retaguardia, han apelado a un juego efectivo en extremo, sin que nada sobre, sin espacio para la l\u00edrica.<\/p>\n<p>La Canarinha brasile\u00f1a no quiere perderle el paso a Argentina en cuanto a t\u00edtulos y su nivel de juego ha crecido a medida que transcurre el torneo. Arabia Saud\u00ed prob\u00f3 el poder del ataque brasile\u00f1o tras recibir de estos un 3-0, pero su rival del pr\u00f3ximo domingo en Pereira les plantea un reto superior.<\/p>\n<p>La &#8216;Rojita&#8217; espa\u00f1ola, que quiere trasladar al campo juvenil la exhibici\u00f3n de poder\u00edo desarrollada desde la Euro 2008 por los mayores, son ese obst\u00e1culo para los de Ney Franco, aunque hayan derrotado a los surcoreanos en una prolongada tanda de penaltis.<\/p>\n<p>Con una delantera potente y una defensa vulnerada solo en dos ocasiones en este Mundial, Espa\u00f1a dar\u00e1 batalla por el cupo en las semifinales y as\u00ed encaminarse hacia su segundo t\u00edtulo.<\/p>\n<p>En la \u00faltima llave, Francia, que ha crecido a medida de los partidos y elimin\u00f3 a Ecuador, enfrentar\u00e1 en Cali el domingo a las &#8216;s\u00faper \u00e1guilas&#8217; nigerianas, a las que nada parece detenerlas tras ganarle por 1-0 a Inglaterra.<\/p>\n<p>Est\u00e1 por verse si los franceses, con su defensa equilibrada, logran evitar que Kayode, Egbedi, Nwofor y compa\u00f1\u00eda no consigan hacerles da\u00f1o.<\/p>\n<p>El tiempo y el juego dir\u00e1n cu\u00e1l selecci\u00f3n reflej\u00f3 m\u00e1s el estilo de su continente para conquistar la gloria en Colombia 2011.<\/p>\n<p>\u00bfLlegar\u00e1 Am\u00e9rica a su decimoprimer t\u00edtulo? \u00bfEuropa a su s\u00e9ptimo?<\/p>\n<p>\u00bfO \u00c1frica, con su \u00fanico representante, a su segundo?<\/p>\n","protected":false},"excerpt":{"rendered":"<p>La vieja confrontaci\u00f3n entre Am\u00e9rica y Europa por la hegemon\u00eda del f\u00fatbol mundial se traslada ahora al \u00e1mbito juvenil en los cuartos de final del Mundial Sub&#8217;20, pero esta vez hay un tercero en discordia: Nigeria.<\/p>\n","protected":false},"author":1,"featured_media":7831,"comment_status":"closed","ping_status":"open","sticky":false,"template":"","format":"standard","meta":{"footnotes":""},"categories":[28],"tags":[179,6997],"class_list":["post-7830","post","type-post","status-publish","format-standard","has-post-thumbnail","hentry","category-deportes","tag-futbol-2","tag-sub20"],"_links":{"self":[{"href":"https:\/\/diarioelpopular.com\/index.php\/wp-json\/wp\/v2\/posts\/7830","targetHints":{"allow":["GET"]}}],"collection":[{"href":"https:\/\/diarioelpopular.com\/index.php\/wp-json\/wp\/v2\/posts"}],"about":[{"href":"https:\/\/diarioelpopular.com\/index.php\/wp-json\/wp\/v2\/types\/post"}],"author":[{"embeddable":true,"href":"https:\/\/diarioelpopular.com\/index.php\/wp-json\/wp\/v2\/users\/1"}],"replies":[{"embeddable":true,"href":"https:\/\/diarioelpopular.com\/index.php\/wp-json\/wp\/v2\/comments?post=7830"}],"version-history":[{"count":0,"href":"https:\/\/diarioelpopular.com\/index.php\/wp-json\/wp\/v2\/posts\/7830\/revisions"}],"wp:featuredmedia":[{"embeddable":true,"href":"https:\/\/diarioelpopular.com\/index.php\/wp-json\/"}],"wp:attachment":[{"href":"https:\/\/diarioelpopular.com\/index.php\/wp-json\/wp\/v2\/media?parent=7830"}],"wp:term":[{"taxonomy":"category","embeddable":true,"href":"https:\/\/diarioelpopular.com\/index.php\/wp-json\/wp\/v2\/categories?post=7830"},{"taxonomy":"post_tag","embeddable":true,"href":"https:\/\/diarioelpopular.com\/index.php\/wp-json\/wp\/v2\/tags?post=7830"}],"curies":[{"name":"wp","href":"https:\/\/api.w.org\/{rel}","templated":true}]}}