{"id":78709,"date":"2012-01-11T10:29:03","date_gmt":"2012-01-11T15:29:03","guid":{"rendered":"http:\/\/diarioelpopular.com\/?p=78709"},"modified":"2012-01-11T10:29:03","modified_gmt":"2012-01-11T15:29:03","slug":"notas-del-futbol-hispano-25","status":"publish","type":"post","link":"https:\/\/diarioelpopular.com\/index.php\/2012\/01\/11\/notas-del-futbol-hispano-25\/","title":{"rendered":"Notas del f\u00fatbol hispano"},"content":{"rendered":"<div id=\"attachment_78710\" style=\"width: 307px\" class=\"wp-caption alignright\"><a href=\"https:\/\/diarioelpopular.com\/wp-content\/uploads\/2012\/01\/FOTO-1-VALDES-SPORTING-LA-ORIGINAL-11-enero-2012.jpg\"><img loading=\"lazy\" decoding=\"async\" aria-describedby=\"caption-attachment-78710\" class=\"size-medium wp-image-78710\" title=\"FOTO 1  VALDES SPORTING LA ORIGINAL  11 enero 2012\" src=\"https:\/\/diarioelpopular.com\/wp-content\/uploads\/2012\/01\/FOTO-1-VALDES-SPORTING-LA-ORIGINAL-11-enero-2012-297x300.jpg\" alt=\"\" width=\"297\" height=\"300\" \/><\/a><p id=\"caption-attachment-78710\" class=\"wp-caption-text\">\u201cVald\u00e9s Sporting\u201d present\u00f3 un justo reclamo y se gan\u00f3 los puntos que hab\u00edan perdido ante el \u201cSport Boys\u201d<\/p><\/div>\n<p>El s\u00e1bado pasado se reiniciaron las actividades en los torneos de indoor soccer de la comunidad hispana, con una aceptable cantidad de p\u00fablico en las grader\u00edas y con los equipos respondiendo a los horarios de las programaciones, claro est\u00e1 que con algunas excepciones, debido a que en algunos equipos hay varios jugadores que est\u00e1n disfrutando de sus vacaciones de fin de a\u00f1o, en sus respectivos pa\u00edses. Seguramente, al igual que las programaciones de viernes y s\u00e1bado, todo volver\u00e1 a la normalidad en las pr\u00f3ximas fechas, pensando como todos los a\u00f1os en pasar lo mejor posible los fines de semana del crudo invierno.<\/p>\n<p>La Liga Centro Sur \u201cLa Original\u201d, despu\u00e9s de verificar los documentos del jugador Fernando Mangione (que jug\u00f3 por el equipo \u201cSport Boys\u201d) dio la raz\u00f3n al equipo \u201cVald\u00e9s Sporting Club\u201d por el reclamo presentado por la edad del mencionado jugador y le otorg\u00f3 los tres puntos. Como siempre, con la correcci\u00f3n que caracteriza a don Sa\u00fal Varela, mandam\u00e1s de la liga, inform\u00f3 por escrito al representante del \u201cSport Boys\u201d de la decisi\u00f3n de la organizaci\u00f3n:<\/p>\n<blockquote><p>Sr. Juan Solar<\/p>\n<p>Representante del Sport Boys- Categor\u00eda M\u00e1ster<\/p>\n<p>Por este medio se le comunica lo siguiente:<\/p>\n<p>Que el jugador Fernando Mangione (nacido el 16 de Enero de 1976) no tiene la edad correspondiente\u00a0para jugar en la categor\u00eda de M\u00e1ster.<\/p>\n<p>Por lo tanto el partido jugado contra \u201cVald\u00e9s\u00a0 Sporting Club\u201d jugado el s\u00e1bado 7 de Enero del 2012, autom\u00e1ticamente queda confiscado a favor del \u201cVald\u00e9s Sporting Club\u201d con el marcador de 2&#215;0 por haber alineado al mencionado jugador.<\/p>\n<p>att.<\/p>\n<p>Sa\u00fal Varela.<\/p><\/blockquote>\n<div id=\"attachment_78712\" style=\"width: 250px\" class=\"wp-caption alignleft\"><a href=\"https:\/\/diarioelpopular.com\/wp-content\/uploads\/2012\/01\/FOTO-2-MICHAEL-MOSCOSO-BRANDON-GABARRO-CHRIS-McCONNACHIE-UNITED-NATIONS.jpg\"><img loading=\"lazy\" decoding=\"async\" aria-describedby=\"caption-attachment-78712\" class=\" wp-image-78712 \" title=\"FOTO 2  MICHAEL MOSCOSO-BRANDON GABARRO-CHRIS McCONNACHIE UNITED NATIONS\" src=\"https:\/\/diarioelpopular.com\/wp-content\/uploads\/2012\/01\/FOTO-2-MICHAEL-MOSCOSO-BRANDON-GABARRO-CHRIS-McCONNACHIE-UNITED-NATIONS-300x256.jpg\" alt=\"\" width=\"240\" height=\"205\" \/><\/a><p id=\"caption-attachment-78712\" class=\"wp-caption-text\">Michael Moscoso, Brandon Gabarro y Chris MacConnachie grandes valores del elenco \u201cUnited Nations\u201d<\/p><\/div>\n<p>Con esta decisi\u00f3n el equipo \u201cSport Boys\u201d, se puede decir que tuvo una mala jornada el s\u00e1bado pasado, porque perdi\u00f3 en la cancha con el elenco \u201cHacha y Tiza\u201d por tres a uno. Nos informa don Sa\u00fal Varela que los equipos de \u201cJane y Finch\u201d y \u201cArgentina MZA\u201d en la categor\u00eda de adultos, se enfrentan este s\u00e1bado a las 4:45pm. Al encuentro llegan los dos equipos en calidad de invictos, aunque \u201cJane y Finch\u201d es el l\u00edder de la competencia con 24 puntos producto de ocho victorias, \u201cArgentina MZA\u201d tiene 18 unidades, con dos partidos menos.<\/p>\n<p>\u201cUnited Nations\u201d se juega un partido que le da la posibilidad de subir en la tabla de posiciones en la categor\u00eda de Adultos al enfrentarse al \u201cAll Blacks F.C.\u201d que lo supera por un punto, se presume ser\u00e1 otro de los buenos encuentros de la jornada sabatina.<\/p>\n<div id=\"attachment_78713\" style=\"width: 220px\" class=\"wp-caption alignright\"><a href=\"https:\/\/diarioelpopular.com\/wp-content\/uploads\/2012\/01\/FOTO-3-JOSE-PEKERMAN.jpg\"><img loading=\"lazy\" decoding=\"async\" aria-describedby=\"caption-attachment-78713\" class=\" wp-image-78713 \" title=\"FOTO 3 JOSE PEKERMAN\" src=\"https:\/\/diarioelpopular.com\/wp-content\/uploads\/2012\/01\/FOTO-3-JOSE-PEKERMAN.jpg\" alt=\"\" width=\"210\" height=\"126\" \/><\/a><p id=\"caption-attachment-78713\" class=\"wp-caption-text\">Jos\u00e9 Perkerman es el nuevo director t\u00e9cnico de la Selecci\u00f3n de Futbol de Colombia<\/p><\/div>\n<p>El argentino Jos\u00e9 Pekerman acept\u00f3 conducir a la selecci\u00f3n nacional de Colombia en las eliminatorias mundialistas y firmar\u00e1 en los pr\u00f3ximos d\u00edas, anunci\u00f3 la semana pasada la Federaci\u00f3n Colombiana de Futbol. El t\u00e9cnico se reuni\u00f3 en Miami con el presidente de la Federaci\u00f3n Luis Bedoya y regresar\u00e1 a Argentina para reunirse con sus asesores. Pekerman procurar\u00e1 clasificar a Colombia al Mundial de Brasil 2014. &#8220;El Comit\u00e9 Ejecutivo de la Federaci\u00f3n Colombiana de F\u00fatbol, en cabeza de su presidente, Luis H. Bedoya Giraldo, ha llegado a un acuerdo con el argentino Jos\u00e9 N\u00e9stor Pekerman para convertirse en el nuevo director t\u00e9cnico de la Selecci\u00f3n Colombia de Mayores&#8221;, afirm\u00f3 la Federaci\u00f3n en un comunicado de prensa.<\/p>\n<div id=\"attachment_78715\" style=\"width: 225px\" class=\"wp-caption alignleft\"><a href=\"https:\/\/diarioelpopular.com\/wp-content\/uploads\/2012\/01\/FOTO-4-KEVEN-CASELLA-VILLA-DEL-PARQUE-2.jpg\"><img loading=\"lazy\" decoding=\"async\" aria-describedby=\"caption-attachment-78715\" class=\" wp-image-78715 \" title=\"FOTO 4  KEVEN CASELLA VILLA DEL PARQUE 2\" src=\"https:\/\/diarioelpopular.com\/wp-content\/uploads\/2012\/01\/FOTO-4-KEVEN-CASELLA-VILLA-DEL-PARQUE-2-239x300.jpg\" alt=\"\" width=\"215\" height=\"270\" \/><\/a><p id=\"caption-attachment-78715\" class=\"wp-caption-text\">Keven Casella, jugador de \u201cVilla del Parque\u201d en una acci\u00f3n en el partido que ganaron a \u201cLos Primos\u201d en el torneo \u201cCentro Sur La Original\u201d<\/p><\/div>\n<p>\u201cVilla del Parque\u201d se enfrenta al \u201cCiudad de Quito\u201d en un interesante partido pues ambos elencos est\u00e1n con 15 puntos en la tabla de posiciones de la divisi\u00f3n de Adultos en el torneo de la liga \u201cCentro Sur La Original\u201d.<\/p>\n<div id=\"attachment_78714\" style=\"width: 160px\" class=\"wp-caption alignright\"><a href=\"https:\/\/diarioelpopular.com\/wp-content\/uploads\/2012\/01\/FOTO-5-PATO.jpg\"><img loading=\"lazy\" decoding=\"async\" aria-describedby=\"caption-attachment-78714\" class=\"size-full wp-image-78714 \" title=\"FOTO 5  PATO\" src=\"https:\/\/diarioelpopular.com\/wp-content\/uploads\/2012\/01\/FOTO-5-PATO.jpg\" alt=\"\" width=\"150\" height=\"200\" \/><\/a><p id=\"caption-attachment-78714\" class=\"wp-caption-text\">El brasile\u00f1o Pato se ha convertido en el nuevo objetivo del \u201cPar\u00eds Saint-Germain\u201d<\/p><\/div>\n<p>El brasile\u00f1o Pato se ha convertido en el objetivo prioritario del Par\u00eds Saint-Germain en el mercado de invierno, pero el delantero solo llegar\u00e1 al equipo que dirige Carlo Ancelotti si el Mil\u00e1n se lleva al argentino Carlos T\u00e9vez del Manchester City. El fichaje de Pato, de 22 a\u00f1os, pod\u00eda acelerase si los nuevos due\u00f1os catar\u00edes del PSG ponen en la mesa una oferta de unos 50 millones de euros para finiquitar los dos a\u00f1os y medio de contrato que el internacional brasile\u00f1o tiene a\u00fan con el AC Mil\u00e1n, algo que parece poco probable, seg\u00fan las informaciones. Sin embargo, el cambio de fichas del equipo de Silvio Berlusconi de Pato por T\u00e9vez, de 27 a\u00f1os, podr\u00eda complicarse ya que el t\u00e9cnico del Manchester City y ex entrenador del Inter de Mil\u00e1n, Roberto Manchini, no tendr\u00eda intenci\u00f3n de facilitar una operaci\u00f3n que podr\u00eda beneficiar al Mil\u00e1n.<\/p>\n<div id=\"attachment_78720\" style=\"width: 250px\" class=\"wp-caption alignleft\"><a href=\"https:\/\/diarioelpopular.com\/wp-content\/uploads\/2012\/01\/FOTO-6-OLIMPO-F.C..jpg\"><img loading=\"lazy\" decoding=\"async\" aria-describedby=\"caption-attachment-78720\" class=\" wp-image-78720 \" title=\"FOTO 6  OLIMPO F.C.\" src=\"https:\/\/diarioelpopular.com\/wp-content\/uploads\/2012\/01\/FOTO-6-OLIMPO-F.C.-300x253.jpg\" alt=\"\" width=\"240\" height=\"202\" \/><\/a><p id=\"caption-attachment-78720\" class=\"wp-caption-text\">\u201cOlimpo\u201d elenco del grupo B en el torneo de la liga \u201cBurocr\u00e1tica Comercial\u201d<\/p><\/div>\n<p>\u201cOlimpo F.C.\u201d joven equipo que va escalando semana a semana la tabla de posiciones de la liga \u201cBurocr\u00e1tica Comercial\u201d que se juega en el moderno gimnasio del \u201cSt. Basil The Great College\u201d, el s\u00e1bado pasado venci\u00f3 por siete a seis al poderoso equipo de \u201cSolo Boys\u201d en un gran partido.<\/p>\n<div id=\"attachment_78721\" style=\"width: 196px\" class=\"wp-caption alignright\"><a href=\"https:\/\/diarioelpopular.com\/wp-content\/uploads\/2012\/01\/FOTO-7-LUIS-MOSQUERA.jpg\"><img loading=\"lazy\" decoding=\"async\" aria-describedby=\"caption-attachment-78721\" class=\"size-full wp-image-78721\" title=\"FOTO 7  LUIS MOSQUERA\" src=\"https:\/\/diarioelpopular.com\/wp-content\/uploads\/2012\/01\/FOTO-7-LUIS-MOSQUERA.jpg\" alt=\"\" width=\"186\" height=\"237\" \/><\/a><p id=\"caption-attachment-78721\" class=\"wp-caption-text\">Luis Fernando Mosquera nuevo integrante del \u201cAtl\u00e9tico Nacional\u201d de Colombia<\/p><\/div>\n<p>Luis Fernando Mosquera se convirti\u00f3 en nuevo jugador de Atl\u00e9tico Nacional. El volante ofensivo, ex jugador del Centauros, Quind\u00edo, Santa Fe, Jaguares de Chiapas e Independiente Medell\u00edn, acept\u00f3 el ofrecimiento del onceno nacionalista luego de una reuni\u00f3n con el presidente Juan Carlos De la Cuesta. Mosquera suma 179 partidos profesionales y 47 goles marcados, uno de ellos con la Selecci\u00f3n Colombia en un partido amistoso en 2008 frente a Venezuela. Es natural de Buenaventura y el pr\u00f3ximo 17 de agosto cumplir\u00e1 26 a\u00f1os.<\/p>\n<p><a href=\"https:\/\/diarioelpopular.com\/wp-content\/uploads\/2012\/01\/FOTO-7A-MACNELLY-TORRES.jpg\"><img loading=\"lazy\" decoding=\"async\" class=\"alignleft size-medium wp-image-78722\" title=\"FOTO 7A   MACNELLY TORRES\" src=\"https:\/\/diarioelpopular.com\/wp-content\/uploads\/2012\/01\/FOTO-7A-MACNELLY-TORRES-199x300.jpg\" alt=\"\" width=\"199\" height=\"300\" \/><\/a>Pese a finiquitar el arribo de Mosquera, el equipo de Santiago Escobar baraja el posible retorno de Macnelly Torres que jug\u00f3 el semestre anterior en el San Luis Potos\u00ed del f\u00fatbol mexicano.&#8221;Es una posibilidad pero no hay nada cerrado&#8221;, aclar\u00f3 de antemano Nicol\u00e1s Arizmendi, gerente deportivo de Nacional. La opci\u00f3n de repatriar al creativo barranquillero surgi\u00f3 despu\u00e9s de descartar en un alto porcentaje el fichaje de Dami\u00e1n Manso por m\u00faltiples obst\u00e1culos en la negociaci\u00f3n con su club de origen. La dirigencia del conjunto aval\u00f3 la opci\u00f3n del regreso de Torres siempre y cuando Nacional desembolse el dinero en el que est\u00e1 tasado el futbolista.<\/p>\n<div id=\"attachment_78724\" style=\"width: 250px\" class=\"wp-caption alignright\"><a href=\"https:\/\/diarioelpopular.com\/wp-content\/uploads\/2012\/01\/FOTO-8-HACHA-Y-TIZA-LA-ORIGINAL.jpg\"><img loading=\"lazy\" decoding=\"async\" aria-describedby=\"caption-attachment-78724\" class=\" wp-image-78724 \" title=\"FOTO 8 HACHA Y TIZA LA ORIGINAL\" src=\"https:\/\/diarioelpopular.com\/wp-content\/uploads\/2012\/01\/FOTO-8-HACHA-Y-TIZA-LA-ORIGINAL-300x209.jpg\" alt=\"\" width=\"240\" height=\"167\" \/><\/a><p id=\"caption-attachment-78724\" class=\"wp-caption-text\">\u201cHacha y Tiza\u201d equipo de la categor\u00eda M\u00e1ster en el torneo \u201cTaca Airlines\u201d<\/p><\/div>\n<p>Se retira del torneo de la liga \u201cCentro Sur La Original\u201d la escuadra \u201cMontevideo Wanderers\u201d que participaba en la categor\u00eda adultos, seg\u00fan inform\u00f3 el delegado del equipo don Gerardo Magno a la organizaci\u00f3n, el motivo manifestado es \u201chay varios jugadores que no est\u00e1n en el pa\u00eds, otros est\u00e1n lesionados y algunos por motivos de trabajo\u201d. Adem\u00e1s a esta altura de los torneos los jugadores en actividad est\u00e1n comprometidos con otros equipos, creemos que esta decisi\u00f3n es la m\u00e1s correcta en vez de estar faltando a las programaciones perjudicando a la organizaci\u00f3n.<\/p>\n<div id=\"attachment_78726\" style=\"width: 180px\" class=\"wp-caption alignleft\"><a href=\"https:\/\/diarioelpopular.com\/wp-content\/uploads\/2012\/01\/FOTO-9-RONALDO.jpg\"><img loading=\"lazy\" decoding=\"async\" aria-describedby=\"caption-attachment-78726\" class=\"size-full wp-image-78726\" title=\"FOTO 9 RONALDO\" src=\"https:\/\/diarioelpopular.com\/wp-content\/uploads\/2012\/01\/FOTO-9-RONALDO.jpg\" alt=\"\" width=\"170\" height=\"242\" \/><\/a><p id=\"caption-attachment-78726\" class=\"wp-caption-text\">Ronaldo, la ex estrella de la selecci\u00f3n brasilera, sali\u00f3 del hospital donde estuvo internado por contraer Denge<\/p><\/div>\n<p>Ronaldo tiene dengue y est\u00e1 en convalecencia, escribi\u00f3 el lunes pasado el ex astro brasile\u00f1o en su cuenta en la red social tras salir de un hospital. Aparentemente el futbolista retirado contrajo esta enfermedad transmitida por mosquitos cuando vacacionaba en un poblado costero del noreste de Brasil. Una portavoz de la agencia de mercadotecnia deportiva que Ronaldo dirige confirm\u00f3 que tiene dengue. La mujer habl\u00f3 a condici\u00f3n de guardar el anonimato porque carece de autorizaci\u00f3n para declarar sobre el asunto. Ronaldo le agradeci\u00f3 en las redes sociales a sus seguidores por los buenos deseos que ha recibido. Ahora descansa mientras atiende la enfermedad, escribi\u00f3, y espera mejorar pronto.<\/p>\n<div id=\"attachment_78727\" style=\"width: 190px\" class=\"wp-caption alignright\"><a href=\"https:\/\/diarioelpopular.com\/wp-content\/uploads\/2012\/01\/FOTO-10-OMAR-GRANADOS-MAURICIO-VASQUEZ.jpg\"><img loading=\"lazy\" decoding=\"async\" aria-describedby=\"caption-attachment-78727\" class=\" wp-image-78727 \" title=\"FOTO 10  OMAR GRANADOS MAURICIO VASQUEZ\" src=\"https:\/\/diarioelpopular.com\/wp-content\/uploads\/2012\/01\/FOTO-10-OMAR-GRANADOS-MAURICIO-VASQUEZ-225x300.jpg\" alt=\"\" width=\"180\" height=\"240\" \/><\/a><p id=\"caption-attachment-78727\" class=\"wp-caption-text\">Omar Granados de \u201cAzul y Blanco\u201d, con su amigo Mauricio V\u00e1squez, en el torneo \u201cT\u00edpico Centroamericano\u201d<\/p><\/div>\n<p>Enojado se fue el s\u00e1bado pasado Omar Granados con el arbitraje en el partido que su equipo empat\u00f3 a dos goles con \u201cTejutepeque\u201d. Seg\u00fan el dirigente, delegado, jugador, utilero, aguatero, masajista Granados, su equipo debi\u00f3 ganar el encuentro pues eso le hubiese permitido salir de la \u00faltima posici\u00f3n en la que el \u201cAzul y Blanco\u201d se encuentra.<\/p>\n<p>El capit\u00e1n de la Selecci\u00f3n Espa\u00f1ola y del Real Madrid, Iker Casillas, cuenta ya con su propia avenida en M\u00f3stoles, una v\u00eda de mil 914 metros con la que el municipio quiere homenajear a su c\u00e9lebre vecino, que fue elegido por cuarta vez el mejor portero del mundo. Ante un centenar de personas y acompa\u00f1ado del alcalde en funciones, Daniel Ortiz, Casillas inaugur\u00f3 la avenida que lleva su nombre, la antigua avenida de los Deportes, que une el centro de la ciudad, con los campos de futbol que tambi\u00e9n llevan su nombre, y con el nuevo Palacio de los Deportes Andr\u00e9s Torrej\u00f3n.<\/p>\n<div id=\"attachment_78728\" style=\"width: 181px\" class=\"wp-caption alignleft\"><a href=\"https:\/\/diarioelpopular.com\/wp-content\/uploads\/2012\/01\/FOTO-11-IKER-CASILLAS.jpg\"><img loading=\"lazy\" decoding=\"async\" aria-describedby=\"caption-attachment-78728\" class=\" wp-image-78728  \" title=\"\u00cdKER CASILLAS\" src=\"https:\/\/diarioelpopular.com\/wp-content\/uploads\/2012\/01\/FOTO-11-IKER-CASILLAS-237x300.jpg\" alt=\"\" width=\"171\" height=\"216\" \/><\/a><p id=\"caption-attachment-78728\" class=\"wp-caption-text\">El arquero seleccionado espa\u00f1ol, Iker Casillas cuenta con una calle con su nombre en la localidad de M\u00f3stoles, Espana. Foto: Javier Liz\u00f3n \/ Efe<\/p><\/div>\n<p>Casillas confes\u00f3 sentir una &#8220;alegr\u00eda inmensa&#8221; y &#8220;orgullo&#8221; ante la atenci\u00f3n que ha tenido la corporaci\u00f3n municipal hacia su persona. &#8220;Vincula la ciudad de M\u00f3stoles a mi nombre y mi nombre a la ciudad de M\u00f3stoles y eso va a ser de por vida&#8221; se\u00f1al\u00f3 el portero, que se cri\u00f3 en esta ciudad madrile\u00f1a, que tiene la Medalla de Oro del Ayuntamiento y hace poco m\u00e1s de un a\u00f1o fue nombrado Hijo predilecto de la misma, tras la victoria en el Mundial de F\u00fatbol.<\/p>\n<div id=\"attachment_78733\" style=\"width: 280px\" class=\"wp-caption alignright\"><a href=\"https:\/\/diarioelpopular.com\/wp-content\/uploads\/2012\/01\/FOTO-12-LOS-PRIMOS.jpg\"><img loading=\"lazy\" decoding=\"async\" aria-describedby=\"caption-attachment-78733\" class=\" wp-image-78733 \" title=\"FOTO 12 LOS PRIMOS\" src=\"https:\/\/diarioelpopular.com\/wp-content\/uploads\/2012\/01\/FOTO-12-LOS-PRIMOS-300x187.jpg\" alt=\"\" width=\"270\" height=\"168\" \/><\/a><p id=\"caption-attachment-78733\" class=\"wp-caption-text\">\u201cLos Primos\u201d elenco de la categor\u00eda de adultos en el torneo de la liga \u201cCentro Sur La Original\u201d<\/p><\/div>\n<p>\u201cLos Primos\u201d tiene la oportunidad de salir del fondo de la tabla de posiciones si ganan al \u201cAll Black F.C.\u201d en su enfrentamiento el pr\u00f3ximo viernes. Un partido duro, pero no imposible de ganar.<\/p>\n<div id=\"attachment_78735\" style=\"width: 187px\" class=\"wp-caption alignleft\"><a href=\"https:\/\/diarioelpopular.com\/wp-content\/uploads\/2012\/01\/FOTO-13-KAKA.jpg\"><img loading=\"lazy\" decoding=\"async\" aria-describedby=\"caption-attachment-78735\" class=\" wp-image-78735  \" title=\"FOTO 13  KAKA\" src=\"https:\/\/diarioelpopular.com\/wp-content\/uploads\/2012\/01\/FOTO-13-KAKA-276x300.jpg\" alt=\"\" width=\"177\" height=\"192\" \/><\/a><p id=\"caption-attachment-78735\" class=\"wp-caption-text\">El nuevo entrenador del Par\u00eds Saint-Germain quiere a Kak\u00e1, en vez de David Beckham<\/p><\/div>\n<p>El nuevo entrenador del Par\u00eds Saint-Germain, Carlo Ancelotti, desempe\u00f1\u00f3 un &#8220;papel principal&#8221; en la decisi\u00f3n del ingl\u00e9s David Beckham de no fichar por el club parisino ya que el t\u00e9cnico hizo saber que prefer\u00eda al centrocampista brasile\u00f1o del Real Madrid Kak\u00e1, con quien ya trabaj\u00f3 en el Mil\u00e1n. As\u00ed se afirm\u00f3 y se destaca que el entrenador italiano quiere tener voz y voto en las decisiones deportivas, privilegio del que no disfrut\u00f3 su sucesor, Antoine Kombouar\u00e9. &#8220;Entre los jugadores que entren\u00f3 en Mil\u00e1n, Kak\u00e1 es con el que actualmente el italiano sue\u00f1a con trabajar de nuevo&#8221;, recuerda que en ediciones anteriores ya hab\u00eda publicado que &#8220;el origen del cambio de tendencia&#8221; en el fichaje que parec\u00eda hecho &#8220;hay que buscarlo en las reticencias de Carlo Ancelotti para integrar a Beckham en su proyecto de juego&#8221;.<\/p>\n<div id=\"attachment_78739\" style=\"width: 179px\" class=\"wp-caption alignright\"><a href=\"https:\/\/diarioelpopular.com\/wp-content\/uploads\/2012\/01\/FOTO-14-LUIS-DIAZ-SPORT-ABADENCE-11-de-enero-2012.jpg\"><img loading=\"lazy\" decoding=\"async\" aria-describedby=\"caption-attachment-78739\" class=\" wp-image-78739 \" title=\"FOTO 14 LUIS DIAZ SPORT ABADENCE 11 de enero 2012\" src=\"https:\/\/diarioelpopular.com\/wp-content\/uploads\/2012\/01\/FOTO-14-LUIS-DIAZ-SPORT-ABADENCE-11-de-enero-2012-188x300.jpg\" alt=\"\" width=\"169\" height=\"270\" \/><\/a><p id=\"caption-attachment-78739\" class=\"wp-caption-text\">Luis D\u00edaz h\u00e1bil jugador del \u201cSport Abadence\u201d puntero del Grupo B en el torneo \u201cT\u00edpico Centroamericano\u201d<\/p><\/div>\n<p>El futbolista uruguayo del Liverpool Luis Su\u00e1rez emiti\u00f3 una disculpa p\u00fablica luego de haber sido suspendido por ocho partidos en la Liga Premier por insultos raciales contra Patrice Evra, pero no le pidi\u00f3 perd\u00f3n al defensor del Manchester United. Su\u00e1rez fue citado en varios peri\u00f3dicos brit\u00e1nicos diciendo: &#8220;Admit\u00ed a la comisi\u00f3n que dije una palabra en espa\u00f1ol s\u00f3lo una vez. Les dije a los miembros del panel que no voy a volver a usarla en una cancha de futbol en Inglaterra&#8221;.\u00a0&#8220;Nunca us\u00e9 esa palabra de una manera despectiva y si ofende a alguien, quiero disculparme por eso&#8221;, agreg\u00f3. Su\u00e1rez recibi\u00f3 una suspensi\u00f3n de ocho partidos y fue multado con 40 mil libras esterlinas (62 mil d\u00f3lares) por la federaci\u00f3n inglesa luego de que una comisi\u00f3n independiente de tres integrantes lo encontrara culpable de insultos racistas contra Evra.<\/p>\n<p>El \u201cSport Abadence\u201d puntero de la categor\u00eda Adultos quiere seguir liderando la tabla de posiciones en la cual tiene 21 puntos alej\u00e1ndose de \u201cSolo Boys\u201d y \u201cPuro Toque\u201d sus m\u00e1s cercanos seguidores.<\/p>\n<div id=\"attachment_78740\" style=\"width: 160px\" class=\"wp-caption alignleft\"><a href=\"https:\/\/diarioelpopular.com\/wp-content\/uploads\/2012\/01\/FOTO-15-MAURICIO-PINILLA.jpg\"><img loading=\"lazy\" decoding=\"async\" aria-describedby=\"caption-attachment-78740\" class=\"size-thumbnail wp-image-78740\" title=\"FOTO 15  MAURICIO PINILLA\" src=\"https:\/\/diarioelpopular.com\/wp-content\/uploads\/2012\/01\/FOTO-15-MAURICIO-PINILLA-150x150.jpg\" alt=\"\" width=\"150\" height=\"150\" \/><\/a><p id=\"caption-attachment-78740\" class=\"wp-caption-text\">Mauricio Pinilla, en la mira del \u201cBoca Juniors\u201d argentino<\/p><\/div>\n<p>Con el pasar de las horas, ha comenzado a sonar fuertemente el nombre de Mauricio Pinilla en Boca Juniors. &#8220;Pinilla me gusta. Es alto y fuerte de cabeza. F\u00edsica y t\u00e9cnicamente es el tipo de jugador que queremos&#8221;, afirm\u00f3 el DT del cuadro de La Bombonera. La posibilidad de que el actual goleador del Palermo arribe al campe\u00f3n argentino se ha ido acercando, debido a los problemas en las negociaciones por Humberto Suazo, ya que su alto precio (20 millones de d\u00f3lares) ser\u00eda la piedra de tope para la llegada del sanantonino al equipo de la franja dorada. As\u00ed lo ratific\u00f3 el presidente del club argentino, Daniel Angelici, quien reiter\u00f3 el inter\u00e9s del conjunto multicampe\u00f3n de Am\u00e9rica por el ex atacante de Universidad de Chile. &#8220;Nuestro candidato n\u00famero uno es Suazo. Su caso est\u00e1 dif\u00edcil y las otras opciones son Mauricio Pinilla y Jackson Mart\u00ednez. Entre ellos saldr\u00e1 el atacante de Boca&#8221;, se\u00f1al\u00f3 el mandam\u00e1s de la escuadra trasandino.<\/p>\n<div id=\"attachment_78742\" style=\"width: 250px\" class=\"wp-caption alignright\"><a href=\"https:\/\/diarioelpopular.com\/wp-content\/uploads\/2012\/01\/FOTO-16-PURO-TOQUE.jpg\"><img loading=\"lazy\" decoding=\"async\" aria-describedby=\"caption-attachment-78742\" class=\" wp-image-78742 \" title=\"FOTO 16 PURO TOQUE\" src=\"https:\/\/diarioelpopular.com\/wp-content\/uploads\/2012\/01\/FOTO-16-PURO-TOQUE-300x225.jpg\" alt=\"\" width=\"240\" height=\"180\" \/><\/a><p id=\"caption-attachment-78742\" class=\"wp-caption-text\">Puro Toque\u201d, escuadra del Grupo B en la liga \u201cBurocr\u00e1tica Comercial\u201d<\/p><\/div>\n<p>\u201cPuro Toque\u201d tuvo una buena oportunidad la semana pasada de acortar distancia en la tabla de posiciones, pero varios de sus jugadores no llegaron a tiempo al compromiso con \u201cSport Abadence\u201d con el cual perdieron por cinco a siete. El comentario general era qu\u00e9 hubiese pasado si los muchachos del \u201ctoque\u201d llegaran todos al inicio de la contienda.<\/p>\n<div id=\"attachment_78743\" style=\"width: 175px\" class=\"wp-caption alignleft\"><a href=\"https:\/\/diarioelpopular.com\/wp-content\/uploads\/2012\/01\/FOTO-17-CLAUDIO-PIZARRO.jpg\"><img loading=\"lazy\" decoding=\"async\" aria-describedby=\"caption-attachment-78743\" class=\" wp-image-78743 \" title=\"FOTO 17  CLAUDIO PIZARRO\" src=\"https:\/\/diarioelpopular.com\/wp-content\/uploads\/2012\/01\/FOTO-17-CLAUDIO-PIZARRO.jpg\" alt=\"\" width=\"165\" height=\"248\" \/><\/a><p id=\"caption-attachment-78743\" class=\"wp-caption-text\">Claudio Pizarro contin\u00faa en el \u201cWerder Bremen\u201d, no va a ning\u00fan equipo italiano.<\/p><\/div>\n<p>A pesar de que Claudio Pizarro ha manifestado que le interesa emigrar a otra liga, exactamente a Italia, la directiva de Werder Bremen ha indicado que el \u2018Bombardero\u2019 no se mover\u00e1 y cuando se abra el mercado de pases todo permanecer\u00e1 igual en el club. Klaus Allofs, gerente deportivo del Werder Bremen manifest\u00f3: \u201cNo habr\u00e1 sorpresas cuando se abra el marcador de pases. Claudio ya convers\u00f3 con nosotros y nos dijo que se quedar\u00e1\u201d. Sin embargo, sembr\u00f3 la duda con una parte de sus declaraciones. \u201cLo que pase en julio pr\u00f3ximo (t\u00e9rmino de temporada), no lo s\u00e9\u201d. En los \u00faltimos d\u00edas a Claudio Pizarro se le vincul\u00f3 con diversos equipos de la Serie A de Italia. El rumor indica que Inter de Mil\u00e1n lo tendr\u00eda como opci\u00f3n, sin embargo, el Genoa de Italia tambi\u00e9n ha mostrado inter\u00e9s en contar con sus servicios.<\/p>\n<p>Nos vemos la pr\u00f3xima semana en las notas del futbol hispano.<\/p>\n","protected":false},"excerpt":{"rendered":"<p>El s\u00e1bado pasado se reiniciaron las actividades en los torneos de indoor soccer de la comunidad hispana, con una aceptable cantidad de p\u00fablico en las&hellip;<\/p>\n","protected":false},"author":1,"featured_media":78713,"comment_status":"closed","ping_status":"open","sticky":false,"template":"","format":"standard","meta":{"footnotes":""},"categories":[28],"tags":[179,657],"class_list":["post-78709","post","type-post","status-publish","format-standard","has-post-thumbnail","hentry","category-deportes","tag-futbol-2","tag-futbol-hispano"],"_links":{"self":[{"href":"https:\/\/diarioelpopular.com\/index.php\/wp-json\/wp\/v2\/posts\/78709","targetHints":{"allow":["GET"]}}],"collection":[{"href":"https:\/\/diarioelpopular.com\/index.php\/wp-json\/wp\/v2\/posts"}],"about":[{"href":"https:\/\/diarioelpopular.com\/index.php\/wp-json\/wp\/v2\/types\/post"}],"author":[{"embeddable":true,"href":"https:\/\/diarioelpopular.com\/index.php\/wp-json\/wp\/v2\/users\/1"}],"replies":[{"embeddable":true,"href":"https:\/\/diarioelpopular.com\/index.php\/wp-json\/wp\/v2\/comments?post=78709"}],"version-history":[{"count":0,"href":"https:\/\/diarioelpopular.com\/index.php\/wp-json\/wp\/v2\/posts\/78709\/revisions"}],"wp:featuredmedia":[{"embeddable":true,"href":"https:\/\/diarioelpopular.com\/index.php\/wp-json\/"}],"wp:attachment":[{"href":"https:\/\/diarioelpopular.com\/index.php\/wp-json\/wp\/v2\/media?parent=78709"}],"wp:term":[{"taxonomy":"category","embeddable":true,"href":"https:\/\/diarioelpopular.com\/index.php\/wp-json\/wp\/v2\/categories?post=78709"},{"taxonomy":"post_tag","embeddable":true,"href":"https:\/\/diarioelpopular.com\/index.php\/wp-json\/wp\/v2\/tags?post=78709"}],"curies":[{"name":"wp","href":"https:\/\/api.w.org\/{rel}","templated":true}]}}