{"id":7889,"date":"2011-08-11T21:47:55","date_gmt":"2011-08-12T01:47:55","guid":{"rendered":"http:\/\/retrolab.ca\/elpopular\/?p=7889"},"modified":"2011-08-11T21:47:55","modified_gmt":"2011-08-12T01:47:55","slug":"mexico-recuerda-a-cantinflas-el-mito-que-acabo-desgastado","status":"publish","type":"post","link":"https:\/\/diarioelpopular.com\/index.php\/2011\/08\/11\/mexico-recuerda-a-cantinflas-el-mito-que-acabo-desgastado\/","title":{"rendered":"M\u00e9xico recuerda a Cantinflas, el mito popular que acab\u00f3 desgastado"},"content":{"rendered":"<div id=\"attachment_7893\" style=\"width: 404px\" class=\"wp-caption alignright\"><a href=\"http:\/\/retrolab.ca\/elpopular\/wp-content\/uploads\/2011\/08\/Mario-Moreno-Cantinflas.jpg\"><img loading=\"lazy\" decoding=\"async\" aria-describedby=\"caption-attachment-7893\" class=\"size-full wp-image-7893  \" title=\"Mario Moreno, Cantinflas\" src=\"http:\/\/retrolab.ca\/elpopular\/wp-content\/uploads\/2011\/08\/Mario-Moreno-Cantinflas.jpg\" alt=\"\" width=\"394\" height=\"443\" \/><\/a><p id=\"caption-attachment-7893\" class=\"wp-caption-text\">Mario Moreno, Cantinflas<\/p><\/div>\n<p><em><strong>Alberto Cabezas. Ciudad de M\u00e9xico.- <\/strong><\/em>El actor Mario Moreno Reyes protagoniz\u00f3 dos vidas, la propia, de la que este viernes se cumplen cien a\u00f1os, y la del legendario personaje de Cantinflas, un mito popular mexicano que ser\u00eda inmortalizado en el paseo de las Estrellas de Hollywood pero terminar\u00eda desgastado.<\/p>\n<p>La fama de uno de los comediantes m\u00e1s universales que ha dado M\u00e9xico dejar\u00eda a Moreno Reyes (1911-1993) a las puertas del Premio Pr\u00edncipe de Asturias de las Artes, del que en 1992 le separar\u00eda un solo voto y que para el que en 1993 volver\u00eda a ser nominado doce d\u00edas antes de su muerte.<\/p>\n<p>El polifac\u00e9tico\u00a0Cantinflas\u00a0era una actor nervioso que sus primeros pasos los dio bajo las carpa del circo y que tiene el honor de haber dado al menos un nuevo verbo a la lengua espa\u00f1ola, cantinflear, incorporado al Diccionario de la Real Academia de la Lengua en 1992.<\/p>\n<p>Traicionado a veces por los nervios, hablaba de forma disparatada e incongruente y sin decir nada, un comportamiento con el que dej\u00f3 su impronta en 42 pel\u00edculas de variable calidad.<\/p>\n<p>Su carrera cinematogr\u00e1fica comenzar\u00eda a los 25 a\u00f1os, con &#8220;No te enga\u00f1es, coraz\u00f3n&#8221; (1936), una trayectoria que luego afianzar\u00eda con &#8220;As\u00ed es mi tierra&#8221; (1937), &#8220;Ah\u00ed est\u00e1 el detalle&#8221; (1940), &#8220;El gendarme desconocido&#8221; (1941) y &#8220;Ni sangre ni arena&#8221; (1941), con la que surgir\u00eda el toreo bufo.<\/p>\n<p>En entrevista con Efe, el cr\u00edtico mexicano Carlos Bonfil, del diario La Jornada, refiere que\u00a0Cantinflas\u00a0fue &#8220;un c\u00f3mico excepcional&#8221; que con los a\u00f1os &#8220;se vuelve predecible, lleno de f\u00f3rmulas y clich\u00e9s&#8221;, que terminar\u00eda convertido en una figura &#8220;accesoria&#8221;.<\/p>\n<p>&#8220;La imagen clave que los mexicanos conservamos de\u00a0Cantinflas\u00a0es la de un ser cr\u00edtico, subversivo en el habla, que expone la ret\u00f3rica gastada de los gobiernos en turno&#8221;, fueran del talante que fuesen, agrega.<\/p>\n<p>Cantinflas\u00a0o El Peladito era un proletario de ascendencia ind\u00edgena, como lo denotaba su color moreno y su bigotito, que con el tiempo perder\u00eda autenticidad &#8220;para volverse un miembro de la burgues\u00eda, un personaje oficialista, cercano al r\u00e9gimen&#8221;, se\u00f1ala Bonfil.<\/p>\n<p>Aspir\u00f3 entonces a &#8220;representar la tipolog\u00eda del mexicano&#8221; tal como lo conceb\u00eda el Estado de entonces, como una persona &#8220;responsable, trabajadora, ligada y obediente del poder, d\u00f3cil y simp\u00e1tica&#8221;, pero ya sin la subversi\u00f3n del principio.<\/p>\n<p>El cr\u00edtico comenta que con los a\u00f1os\u00a0Cantinflas\u00a0se convertir\u00eda en &#8220;una industria&#8221;, y con ese \u00e1nimo han manejado hasta hoy su legado sus herederos.<\/p>\n<p>Perder la rebeld\u00eda y capacidad cr\u00edtica para optar por la parodia se reflej\u00f3 en su cine, ya que a partir de entonces todas sus cintas &#8220;tienen un final feliz&#8221;.<\/p>\n<p>Bonfil destaca entre su legado dos de ellas, &#8220;Ah\u00ed est\u00e1 el detalle&#8221;, de Juan Bustillo Oro (1940), y &#8220;\u00c1guila o sol&#8221;, de Polito Sol (1937).<\/p>\n<p>Quiz\u00e1s el momento de mayor reconocimiento internacional lo alcanzar\u00eda en 1957, al ganar el Globo de Oro tras el \u00e9xito internacional de &#8220;La vuelta al mundo en 80 d\u00edas&#8221; (1956).<\/p>\n<p>Actor y empresario, Mario Fortino Alfonso Moreno Reyes fue el cuarto de ocho hijos y se cri\u00f3 en la colonia Guerrero de Ciudad de M\u00e9xico y de la mano de\u00a0Cantinflasganar\u00eda un espacio en la llamada \u00c9poca de Oro del cine mexicano (1936-1955) junto a figuras como Mar\u00eda F\u00e9lix o Jorge Negrete.<\/p>\n<p>Fue aficionado al baile y al boxeo y por poco tiempo se entren\u00f3 en este deporte, que llevar\u00eda al cine.<\/p>\n<p>Sus primeros pasos en el mundo de la far\u00e1ndula los dar\u00eda como bailar\u00edn y actor sustituto despu\u00e9s, para culminar, abrazando la comedia, convirti\u00e9ndose en un gran actor, alabado por el propio Charles Chaplin.<\/p>\n<p>Estuvo casado con la inmigrante rusa Valentina Ivanova, con quien adoptar\u00eda a Mario Moreno Ivanova, su hijo, y protagoniz\u00f3 numerosas campa\u00f1as altruistas.<\/p>\n<p>Con el tiempo, sin embargo, parte de la gente &#8220;empez\u00f3 a cansarse de\u00a0Cantinflas&#8221;, quien seguir\u00eda gozando de bastante fama, pero convertido ya en un &#8220;c\u00f3mico de familia, del humor blanco&#8221;.<\/p>\n<p>El 20 de abril de 1993, a los 81 a\u00f1os de edad, un c\u00e1ncer de pulm\u00f3n terminar\u00eda con su vida.<\/p>\n<p>Fue velado en el Palacio de Bellas Artes de Ciudad de M\u00e9xico y enterrado en el Pante\u00f3n Espa\u00f1ol capitalino, en la misma cripta donde reposan sus padres, suegros y esposa.<\/p>\n<p>El Consejo Nacional para la Cultura y las Artes de M\u00e9xico (Conaculta), que le ha rendido homenaje estos d\u00edas en la Cineteca Nacional, le considera &#8220;un referente en el cine nacional, en la cr\u00edtica social y la cultura mexicana&#8221; no s\u00f3lo por sus pel\u00edculas, sino por sus aportaciones al idioma espa\u00f1ol.<\/p>\n","protected":false},"excerpt":{"rendered":"<p>El actor Mario Moreno Reyes protagoniz\u00f3 dos vidas, la propia, de la que este viernes se cumplen cien a\u00f1os, y la del legendario personaje de Cantinflas, un mito popular mexicano que ser\u00eda inmortalizado en el paseo de las Estrellas de Hollywood pero terminar\u00eda desgastado.<\/p>\n","protected":false},"author":1,"featured_media":7890,"comment_status":"closed","ping_status":"open","sticky":false,"template":"","format":"standard","meta":{"footnotes":""},"categories":[80],"tags":[6947,6597,7168,167],"class_list":["post-7889","post","type-post","status-publish","format-standard","has-post-thumbnail","hentry","category-cine-2","tag-cantinflas","tag-centenario","tag-mario-moreno","tag-mexico"],"_links":{"self":[{"href":"https:\/\/diarioelpopular.com\/index.php\/wp-json\/wp\/v2\/posts\/7889","targetHints":{"allow":["GET"]}}],"collection":[{"href":"https:\/\/diarioelpopular.com\/index.php\/wp-json\/wp\/v2\/posts"}],"about":[{"href":"https:\/\/diarioelpopular.com\/index.php\/wp-json\/wp\/v2\/types\/post"}],"author":[{"embeddable":true,"href":"https:\/\/diarioelpopular.com\/index.php\/wp-json\/wp\/v2\/users\/1"}],"replies":[{"embeddable":true,"href":"https:\/\/diarioelpopular.com\/index.php\/wp-json\/wp\/v2\/comments?post=7889"}],"version-history":[{"count":0,"href":"https:\/\/diarioelpopular.com\/index.php\/wp-json\/wp\/v2\/posts\/7889\/revisions"}],"wp:featuredmedia":[{"embeddable":true,"href":"https:\/\/diarioelpopular.com\/index.php\/wp-json\/"}],"wp:attachment":[{"href":"https:\/\/diarioelpopular.com\/index.php\/wp-json\/wp\/v2\/media?parent=7889"}],"wp:term":[{"taxonomy":"category","embeddable":true,"href":"https:\/\/diarioelpopular.com\/index.php\/wp-json\/wp\/v2\/categories?post=7889"},{"taxonomy":"post_tag","embeddable":true,"href":"https:\/\/diarioelpopular.com\/index.php\/wp-json\/wp\/v2\/tags?post=7889"}],"curies":[{"name":"wp","href":"https:\/\/api.w.org\/{rel}","templated":true}]}}