{"id":8238,"date":"2011-08-15T23:07:48","date_gmt":"2011-08-16T03:07:48","guid":{"rendered":"http:\/\/retrolab.ca\/elpopular\/?p=8238"},"modified":"2011-08-15T23:07:48","modified_gmt":"2011-08-16T03:07:48","slug":"brasil-y-mexico-se-citan-en-una-semifinal-34-anos-despues","status":"publish","type":"post","link":"https:\/\/diarioelpopular.com\/index.php\/2011\/08\/15\/brasil-y-mexico-se-citan-en-una-semifinal-34-anos-despues\/","title":{"rendered":"Brasil y M\u00e9xico se citan 34 a\u00f1os despu\u00e9s"},"content":{"rendered":"<div id=\"attachment_8239\" style=\"width: 710px\" class=\"wp-caption aligncenter\"><a href=\"http:\/\/retrolab.ca\/elpopular\/wp-content\/uploads\/2011\/08\/Oscar.jpg\"><img loading=\"lazy\" decoding=\"async\" aria-describedby=\"caption-attachment-8239\" class=\"size-full wp-image-8239\" title=\"Oscar\" src=\"http:\/\/retrolab.ca\/elpopular\/wp-content\/uploads\/2011\/08\/Oscar.jpg\" alt=\"\" width=\"700\" height=\"420\" \/><\/a><p id=\"caption-attachment-8239\" class=\"wp-caption-text\">El jugador Oscar, de la selecci\u00f3n de Brasil sub&#039;20, durante un entrenamiento en el gimnasio en Pereira Foto: Paolo Aguilar \/ Efe<\/p><\/div>\n<p><em><strong>Luis Alejandro Amaya. Bogot\u00e1.-<\/strong><\/em> Brasil y M\u00e9xico se volver\u00e1n a encontrar en una semifinal del Mundial\u00a0Sub&#8217;20\u00a0despu\u00e9s de 34 a\u00f1os en tanto que Francia y Portugal protagonizar\u00e1n un partido sin antecedentes en una instancia similar de esta competici\u00f3n.<\/p>\n<p>Un selecci\u00f3n mexicana\u00a0sub&#8217;20\u00a0como la que ahora juega en el Mundial de Colombia, dobleg\u00f3 por 5-3 en una tanda de penaltis a Brasil en las semifinales del torneo disputado en 1977 en T\u00fanez.<\/p>\n<p>Brasil y M\u00e9xico chocar\u00e1n el pr\u00f3ximo mi\u00e9rcoles en Pereira despu\u00e9s de haber dejado en el camino a otros dos serios candidatos al t\u00edtulo de la XVIII edici\u00f3n.<\/p>\n<p>Con una medida de 2,6 goles por partido gracias a los trece marcados en cinco salidas, Brasil tiene en la actualidad un tr\u00edo de ases: Henrique, Philippe Coutinho y Dudu, con tres tantos cada uno.<\/p>\n<p>Estos jugadores dejaron en el olvido a la pareja Neymar-Lucas, responsable en gran parte de la clasificaci\u00f3n al Mundial de Colombia con la conquista del Campeonato Sudamericano jugador en Per\u00fa.<\/p>\n<p>M\u00e9xico ha derribado obst\u00e1culos y sumado kil\u00f3metros de vuelo en Colombia con la ambici\u00f3n de repetir en la categor\u00eda\u00a0sub&#8217;20\u00a0el t\u00edtulo Mundial que otros compatriotas ya ganaron el 10 de julio en Sub&#8217;17.<\/p>\n<p>Los mexicanos han anotado siete veces, cinco de ellas en segundos tiempos de sus partidos, lo que indica que los de Juan Carlos Ch\u00e1vez llegan m\u00e1s s\u00f3lidos que sus rivales a los minutos finales.<\/p>\n<p>Edson Rivera es un nuevo referente para los de Ch\u00e1vez luego de firmar un doblete en victoria por 3-1 que ape\u00f3 a Colombia del Mundial y catapult\u00f3 al Tri a semifinales.<\/p>\n<p>Pero ha mostrado juego de conjunto y por eso han destacado tambi\u00e9n Eric Torres, Taufic Guarch, Diego De Buen y Carlos Orrant\u00eda.<\/p>\n<p>En la otra llave, que se jugar\u00e1 el mismo d\u00eda en el estadio Atanasio Girardot, de Medell\u00edn, Francia enfrentar\u00e1 a una Portugal que parece haberle puesto ladrillos a su puerta.<\/p>\n<p>Francia llega a esta instancia fortalecida con el desempe\u00f1o de Alexandre Lacazette, que con cuatro goles ha presentado su candidatura al t\u00edtulo de ca\u00f1onero, que de momento est\u00e1 en las manos del ya eliminado delantero espa\u00f1ol \u00c1lvaro V\u00e1zquez.<\/p>\n<p>Lacazette insin\u00faa ya un importante duelo de poder con el guardameta portugu\u00e9s Mika, imbatible en el torneo a lo largo de los 480 minutos que ha jugado su selecci\u00f3n.<\/p>\n<p>Portugal, adem\u00e1s, complet\u00f3 el s\u00e1bado frente a Argentina 531 minutos sin encajar un gol, tras el convertido por el chileno Arturo Vidal en el Mundial de Canad\u00e1 2007.<\/p>\n<p>Pero no solo Mika ha garantizado esta condici\u00f3n de imbatible. La defensa lusa, liderada por el capit\u00e1n Nuno Reis, ha sido una barrera inexpugnable para sus cinco rivales anteriores.<\/p>\n<p>Los portugueses han tenido la especial habilidad de ganar con lo justo: tres goles en cinco partidos). El \u00faltimo, contra Argentina, lo resolvi\u00f3 en una tanda de penaltis.<\/p>\n","protected":false},"excerpt":{"rendered":"<p>Brasil y M\u00e9xico se volver\u00e1n a encontrar en una semifinal del Mundial Sub&#8217;20 despu\u00e9s de 34 a\u00f1os en tanto que Francia y Portugal protagonizar\u00e1n un partido sin antecedentes en una instancia similar de esta competici\u00f3n.<\/p>\n","protected":false},"author":1,"featured_media":8239,"comment_status":"closed","ping_status":"open","sticky":false,"template":"","format":"standard","meta":{"footnotes":""},"categories":[28],"tags":[478,167,6997],"class_list":["post-8238","post","type-post","status-publish","format-standard","has-post-thumbnail","hentry","category-deportes","tag-brasil","tag-mexico","tag-sub20"],"_links":{"self":[{"href":"https:\/\/diarioelpopular.com\/index.php\/wp-json\/wp\/v2\/posts\/8238","targetHints":{"allow":["GET"]}}],"collection":[{"href":"https:\/\/diarioelpopular.com\/index.php\/wp-json\/wp\/v2\/posts"}],"about":[{"href":"https:\/\/diarioelpopular.com\/index.php\/wp-json\/wp\/v2\/types\/post"}],"author":[{"embeddable":true,"href":"https:\/\/diarioelpopular.com\/index.php\/wp-json\/wp\/v2\/users\/1"}],"replies":[{"embeddable":true,"href":"https:\/\/diarioelpopular.com\/index.php\/wp-json\/wp\/v2\/comments?post=8238"}],"version-history":[{"count":0,"href":"https:\/\/diarioelpopular.com\/index.php\/wp-json\/wp\/v2\/posts\/8238\/revisions"}],"wp:featuredmedia":[{"embeddable":true,"href":"https:\/\/diarioelpopular.com\/index.php\/wp-json\/"}],"wp:attachment":[{"href":"https:\/\/diarioelpopular.com\/index.php\/wp-json\/wp\/v2\/media?parent=8238"}],"wp:term":[{"taxonomy":"category","embeddable":true,"href":"https:\/\/diarioelpopular.com\/index.php\/wp-json\/wp\/v2\/categories?post=8238"},{"taxonomy":"post_tag","embeddable":true,"href":"https:\/\/diarioelpopular.com\/index.php\/wp-json\/wp\/v2\/tags?post=8238"}],"curies":[{"name":"wp","href":"https:\/\/api.w.org\/{rel}","templated":true}]}}