{"id":8321,"date":"2011-08-16T23:36:46","date_gmt":"2011-08-17T03:36:46","guid":{"rendered":"http:\/\/retrolab.ca\/elpopular\/?p=8321"},"modified":"2011-08-16T23:36:46","modified_gmt":"2011-08-17T03:36:46","slug":"mexico-a-seguir-sonando-brasil-a-imponer-su-jerarquia","status":"publish","type":"post","link":"https:\/\/diarioelpopular.com\/index.php\/2011\/08\/16\/mexico-a-seguir-sonando-brasil-a-imponer-su-jerarquia\/","title":{"rendered":"El sue\u00f1o de M\u00e9xico frente a la jerarqu\u00eda de Brasil"},"content":{"rendered":"<div id=\"attachment_8322\" style=\"width: 710px\" class=\"wp-caption aligncenter\"><a href=\"http:\/\/retrolab.ca\/elpopular\/wp-content\/uploads\/2011\/08\/Mundial-Sub20.-Entrenamiento-de-M\u00e9xico.jpg\"><img loading=\"lazy\" decoding=\"async\" aria-describedby=\"caption-attachment-8322\" class=\"size-full wp-image-8322\" title=\"Mundial Sub'20. Entrenamiento de M\u00e9xico\" src=\"http:\/\/retrolab.ca\/elpopular\/wp-content\/uploads\/2011\/08\/Mundial-Sub20.-Entrenamiento-de-M\u00e9xico.jpg\" alt=\"\" width=\"700\" height=\"420\" \/><\/a><p id=\"caption-attachment-8322\" class=\"wp-caption-text\">La selecci\u00f3n sub&#039;20 de M\u00e9xico se entrena antes de las semifinales contra Brasil. Foto: Carlos Dur\u00e1n \/ Efe<\/p><\/div>\n<p><em><strong>Ram\u00f3n Orosa. Pereira (Colombia).- <\/strong><\/em>M\u00e9xico quiere continuar este mi\u00e9rcoles en el Hern\u00e1n Ram\u00edrez Villegas, de Pereira, con el inolvidable sue\u00f1o de verano que est\u00e1n viviendo en 2011 sus selecciones m\u00e1s j\u00f3venes ante una Brasil dispuesta a imponer su jerarqu\u00eda de equipo siempre exigido y acostumbrado a las m\u00e1s altas cumbres futbol\u00edsticas.<\/p>\n<p>Entre ambos combinados se jugar\u00e1n la plaza americana en la final del Mundial\u00a0Sub&#8217;20\u00a0de Colombia, que tambi\u00e9n tiene asegurado un equipo europeo, el que salga victorioso de la otra semifinal, Francia-Portugal.<\/p>\n<p>Todav\u00eda con la piel erizada por la gloriosa final del Mundial Sub&#8217;17, en el estadio Azteca ante 100.000 espectadores, M\u00e9xico pretende mantener ese esp\u00edritu y refrendar el poderoso juego que en cuartos de final hizo claudicar a la efervescente e ilusionada Colombia.<\/p>\n<p>Enfrente, no obstante, estar\u00e1 Brasil, que casi es decirlo todo. En este caso una Brasil que super\u00f3 un obst\u00e1culo poco menos que insalvable, la espl\u00e9ndida Espa\u00f1a y su inquebrantable fe en el estilo que tanto la ha dado en los \u00faltimos a\u00f1os.<\/p>\n<p>Todav\u00eda est\u00e1n los jugadores brasile\u00f1os impactados por la capacidad espa\u00f1ola de salir jugando la pelota desde atr\u00e1s y seguir combinando fuesen cuales fuesen las trabas que les iban poniendo en todas las partes del campo.<\/p>\n<p>Pero de los de Ney Franco fueron capaces de reinventarse a medida que transcurr\u00eda el choque y resolvieron con lo que tienen arriba, cinco jugadores de indudable entidad: Oscar, Henrique, Philippe Coutinho, Willian y Dudu. Los cuatro primeros salieron de inicio y el quinto, Dudu, fue el que m\u00e1s problemas creo a la defensa roja.<\/p>\n<p>Aunque la estrella fue Henrique, clave en los dos goles verdeamarlhos. Y tambi\u00e9n el meta Gabriel, firme en todo el campeonato y h\u00e9roe en la tanda de penales con Espa\u00f1a deteniendo dos de ellos.<\/p>\n<p>Brasil continu\u00f3 as\u00ed con una trayectoria de menos a m\u00e1s que comenz\u00f3 cediendo un empate con Egipto y despu\u00e9s, hasta toparse con Espa\u00f1a, fue cumpliendo en sus compromisos como acostumbra de tiempo ac\u00e1: con acciones fulgurantes producto del enorme talento individual y asociativo que atesora m\u00e1s que de un juego colectivo que las generen.<\/p>\n<p>Con jugadas raudas, veloces y precisas en los \u00faltimos treinta metros tendr\u00e1 que estar vigilante una M\u00e9xico que tambi\u00e9n ha exhibido m\u00e1s de una fortaleza. Por ejemplo, la de su firmeza defensiva, su capacidad de leer el juego y la gestaci\u00f3n de contraataques letales para sus rivales en los que mide muy bien los tiempos.<\/p>\n<p>Los de Juan Carlos Chavez, adem\u00e1s, parecen llegar en su mejor momento tras un primera fase sin alardes (segundo de grupo, con 4 puntos, y una derrota inicial ante una Argentina por debajo del nivel de otros campeonatos) y unos octavos en los que un tard\u00edo tanto de Camer\u00fan parec\u00eda mandarles a casa antes de un r\u00e1pido empate y una tanda de penaltis con los africanos negados.<\/p>\n<p>Fue ante Colombia, la ilusionada y hasta entonces imparable local, cuando M\u00e9xico present\u00f3 las credenciales que hoy hacen que preocupe, y mucho, a Brasil.<\/p>\n<p>Especialmente la presencia del omnipresente Enr\u00edquez en medio campo y el trabajo de Ulises D\u00e1vila de enganche. Tambi\u00e9n la solidez de su portero Jos\u00e9 Rodr\u00edguez, a pesar de error que le provoc\u00f3 el pasto en el tanto cafetero, y el resto de su defensa.<\/p>\n<p>Asimismo, la ayuda que recibe D\u00e1vila arriba de Erick Torres, por el costado de Carlos Orrantia y el gol que pueda aportar Edson Rivera, autor de dos tantos saltando al campo pasada la media hora de juego.<\/p>\n<p>En definitiva, cuarto enfrentamiento Brasil-M\u00e9xico en un Mundial\u00a0Sub&#8217;20, segundo ya en la ronda de semifinales. En esa primera pelea entre ambos por la final, hace ya 34 a\u00f1os, en 1977 en T\u00fanez, los aztecas se llevaron el gato al agua en la tanda de penaltis (5-3).<\/p>\n<p>Posteriormente, empate a 2 en la liguilla inicial en Oporto (Portugal) en 1991 y 2-1 a favor de los brasileiros en 1993 en Adelaida (Australia).<\/p>\n<p>Por lo dem\u00e1s, segunda semifinal de M\u00e9xico en este torneo y und\u00e9cima ya de una Brasil que tiene adem\u00e1s la responsabilidad a\u00f1adida de defender el f\u00fatbol de la regi\u00f3n que acoge el Mundial, Sudam\u00e9rica, que est\u00e1 teniendo con Colombia un magn\u00edfico anfitri\u00f3n.<\/p>\n<p><strong>Alineaciones probables y ficha del partido:<\/strong><\/p>\n<ul>\n<li><strong>Brasil:<\/strong> Gabriel; Danilo, Juan, Bruno Uvini, Gabriel Silva; Fernando, Casemiro, Oscar; P. Coutinho, Henrique y Willian. Seleccionador: Ney Franco.<\/li>\n<li><strong>M\u00e9xico: <\/strong>Rodr\u00edguez; Acosta, Ara\u00fajo, Reyes; Iba\u00f1ez, De Buen, Enr\u00edquez, Orrantia; D\u00e1vila, Torres y E. Rivera. Seleccionador: Juan Carlos Chavez.<\/li>\n<li><strong>\u00c1rbitro:<\/strong> Mark Clattenburg (ENG).<\/li>\n<li><strong>Estadio: <\/strong>Hern\u00e1n Ram\u00edrez Villegas.<\/li>\n<li><strong>Hora:<\/strong> 20.00 local (01.00 GMT).<\/li>\n<\/ul>\n<p><a href=\"http:\/\/retrolab.ca\/elpopular\/wp-content\/uploads\/2011\/08\/Semifinales-dle-Mundial-Sub20.jpg\"><img loading=\"lazy\" decoding=\"async\" class=\"aligncenter size-full wp-image-8323\" title=\"Semifinales dle Mundial Sub'20\" src=\"http:\/\/retrolab.ca\/elpopular\/wp-content\/uploads\/2011\/08\/Semifinales-dle-Mundial-Sub20.jpg\" alt=\"\" width=\"990\" height=\"987\" \/><\/a><\/p>\n<p>&nbsp;<\/p>\n","protected":false},"excerpt":{"rendered":"<p>M\u00e9xico quiere continuar este mi\u00e9rcoles con el inolvidable sue\u00f1o de verano que est\u00e1n viviendo en 2011 sus selecciones m\u00e1s j\u00f3venes ante una Brasil dispuesta a imponer su jerarqu\u00eda de equipo siempre exigido y acostumbrado a las m\u00e1s altas cumbres futbol\u00edsticas.<\/p>\n","protected":false},"author":1,"featured_media":8322,"comment_status":"closed","ping_status":"open","sticky":false,"template":"","format":"standard","meta":{"footnotes":""},"categories":[28],"tags":[478,179,167,6997],"class_list":["post-8321","post","type-post","status-publish","format-standard","has-post-thumbnail","hentry","category-deportes","tag-brasil","tag-futbol-2","tag-mexico","tag-sub20"],"_links":{"self":[{"href":"https:\/\/diarioelpopular.com\/index.php\/wp-json\/wp\/v2\/posts\/8321","targetHints":{"allow":["GET"]}}],"collection":[{"href":"https:\/\/diarioelpopular.com\/index.php\/wp-json\/wp\/v2\/posts"}],"about":[{"href":"https:\/\/diarioelpopular.com\/index.php\/wp-json\/wp\/v2\/types\/post"}],"author":[{"embeddable":true,"href":"https:\/\/diarioelpopular.com\/index.php\/wp-json\/wp\/v2\/users\/1"}],"replies":[{"embeddable":true,"href":"https:\/\/diarioelpopular.com\/index.php\/wp-json\/wp\/v2\/comments?post=8321"}],"version-history":[{"count":0,"href":"https:\/\/diarioelpopular.com\/index.php\/wp-json\/wp\/v2\/posts\/8321\/revisions"}],"wp:featuredmedia":[{"embeddable":true,"href":"https:\/\/diarioelpopular.com\/index.php\/wp-json\/"}],"wp:attachment":[{"href":"https:\/\/diarioelpopular.com\/index.php\/wp-json\/wp\/v2\/media?parent=8321"}],"wp:term":[{"taxonomy":"category","embeddable":true,"href":"https:\/\/diarioelpopular.com\/index.php\/wp-json\/wp\/v2\/categories?post=8321"},{"taxonomy":"post_tag","embeddable":true,"href":"https:\/\/diarioelpopular.com\/index.php\/wp-json\/wp\/v2\/tags?post=8321"}],"curies":[{"name":"wp","href":"https:\/\/api.w.org\/{rel}","templated":true}]}}