{"id":8328,"date":"2011-08-16T23:51:08","date_gmt":"2011-08-17T03:51:08","guid":{"rendered":"http:\/\/retrolab.ca\/elpopular\/?p=8328"},"modified":"2011-08-16T23:51:08","modified_gmt":"2011-08-17T03:51:08","slug":"lacazette-mika-el-gran-duelo-del-francia-portugal","status":"publish","type":"post","link":"https:\/\/diarioelpopular.com\/index.php\/2011\/08\/16\/lacazette-mika-el-gran-duelo-del-francia-portugal\/","title":{"rendered":"Lacazette-Mika, el gran duelo del Francia-Portugal"},"content":{"rendered":"<div id=\"attachment_8329\" style=\"width: 710px\" class=\"wp-caption aligncenter\"><a href=\"http:\/\/retrolab.ca\/elpopular\/wp-content\/uploads\/2011\/08\/Mika.jpg\"><img loading=\"lazy\" decoding=\"async\" aria-describedby=\"caption-attachment-8329\" class=\"size-full wp-image-8329\" title=\"Mika\" src=\"http:\/\/retrolab.ca\/elpopular\/wp-content\/uploads\/2011\/08\/Mika.jpg\" alt=\"\" width=\"700\" height=\"420\" \/><\/a><p id=\"caption-attachment-8329\" class=\"wp-caption-text\">El arquero portugu\u00e9s Mika, durante el entrenamiento de la selecci\u00f3n Sub&#039;20 de Portugal, antes de la semifinal contra Francia. Foto: Mauricio Due\u00f1as \/ Efe<\/p><\/div>\n<p><em><strong>Efe. Bogot\u00e1.- <\/strong><\/em>El duelo entre el delantero franc\u00e9s Alexandre Lacazette y el guardameta portugu\u00e9s Mika aparece como protagonista del partido entre las selecciones de ambos jugadores, que disputar\u00e1n este mi\u00e9rcoles en la ciudad de Medell\u00edn una de las semifinales del Mundial\u00a0Sub&#8217;20\u00a0de Colombia.<\/p>\n<p>El equipo de Francis Smerecki llega a la semifinal fortalecido por el desempe\u00f1o de su goleador Lacazette, que hasta el momento suma cuatro tantos en su cuenta personal y est\u00e1 solo a uno del l\u00edder de artilleros, el espa\u00f1ol \u00c1lvaro V\u00e1squez, ya eliminado.<\/p>\n<p>El reto de Lacazette ser\u00e1 vencer la hasta ahora muralla imbatible del portero portugu\u00e9s Mika, quien lleva 525 minutos con el arco en cero.<\/p>\n<p>Los campeones\u00a0Sub&#8217;20\u00a0de Europa, que nunca han alcanzado el t\u00edtulo mundial en esta categor\u00eda, llegan a la semifinal con la motivaci\u00f3n de haber dejado en el camino a Nigeria, uno de los equipos con mayor rendimiento del certamen mundialista, luego de superarlo en 120 minutos por 3-2.<\/p>\n<p>Aunque el seleccionador Smerecki tiene a Lacazette como suplente, en esta oportunidad seguramente ir\u00e1 desde el comienzo del juego tras la ausencia obligada de Gilles Sunu, quien se lesion\u00f3 frente a Nigeria.<\/p>\n<p>&#8220;Nos hemos metido en la pugna por las medallas, y vamos a ir a por el t\u00edtulo. Conocemos bien a los portugueses, les vimos jugar en el Europeo del a\u00f1o pasado, les seguimos la pista en el torneo de Toulon y hemos estado al tanto de su rendimiento aqu\u00ed&#8221;, ha se\u00f1alado a los periodistas Smerecki.<\/p>\n<p>Portugal\u00a0llega con la confianza de haber dejado en el camino al m\u00e1ximo campe\u00f3n mundial\u00a0Sub&#8217;20, Argentina, y con la seguridad que le representa en su porter\u00eda el invencible Mika, que est\u00e1 respaldado adem\u00e1s por una de las mejores defensas del campeonato liderada por el capit\u00e1n Nuno Reis.<\/p>\n<p>En el trabajo ofensivo el equipo lusitano ha ganado con lo justo, tras registrar solo tres goles en tres partidos, adem\u00e1s de dos empates por 0-0.<\/p>\n<p>Solo dos equipos han llegado a las semifinales de un campeonato mundial de esta categor\u00eda con un registro tan bajo de goles: Inglaterra en 1993 y\u00a0Portugal\u00a0en 1989, a\u00f1o en el que precisamente los lusos se proclamaron campeones del mundo.<\/p>\n<p>Para el compromiso de ma\u00f1ana el equipo de Ilidio Vale no podr\u00e1 contar con el centrocampista Sana, por doble tarjeta amarilla.<\/p>\n<p>&#8220;Hemos llegado hasta aqu\u00ed como un equipo y a\u00fan no lo hemos dado todo. De nada sirve no recibir goles si al final no levantamos la Copa. No es mi intenci\u00f3n subestimar a nuestros rivales, pero que se preparen para enfrentarse a nosotros&#8221;, ha se\u00f1alado el portero Mika a los periodistas en Medell\u00edn.<\/p>\n<p>&#8220;Hemos venido por el tercer t\u00edtulo mundial de\u00a0Portugal\u00a0en la categor\u00eda y tenemos los medios necesarios para conseguirlo&#8221;, agreg\u00f3 Mika.<\/p>\n<p><strong>Alineaciones probables y ficha del partido:<\/strong><\/p>\n<ul>\n<li><strong>Francia:<\/strong> Ligali; Nego, Faure, Kolodziejczak, Fofana; Koulibaly, Coquelin, Grenier, Lacazette, Griezmann y Bakambu. Seleccionador: Francis Smerecki.<\/li>\n<li><strong>Portugal:<\/strong> Mika; Roderick, Nuno Reis, Cedric, Tiago Ferreira, Danilo, Sergio Oliveira, Julio Alves, Pel\u00e9 , Nelson Oliveira y Caetano. Seleccionador: Ilidio Vale.<\/li>\n<li><strong>\u00c1rbitro:<\/strong> Cuneyt Cakir, de Turqu\u00eda.<\/li>\n<li><strong>Estadio:<\/strong> Atanasio Giradot, de Medell\u00edn<\/li>\n<li><strong>Hora:<\/strong> 17:00 local (22:00 gmt).<\/li>\n<\/ul>\n<p><a href=\"http:\/\/retrolab.ca\/elpopular\/wp-content\/uploads\/2011\/08\/Semifinales-dle-Mundial-Sub20.jpg\"><img loading=\"lazy\" decoding=\"async\" class=\"aligncenter size-full wp-image-8323\" title=\"Semifinales dle Mundial Sub'20\" src=\"http:\/\/retrolab.ca\/elpopular\/wp-content\/uploads\/2011\/08\/Semifinales-dle-Mundial-Sub20.jpg\" alt=\"\" width=\"990\" height=\"987\" \/><\/a><\/p>\n","protected":false},"excerpt":{"rendered":"<p>El duelo entre el delantero franc\u00e9s Alexandre Lacazette y el guardameta portugu\u00e9s Mika aparece como protagonista del partido entre las selecciones de ambos jugadores, que disputar\u00e1n este mi\u00e9rcoles en la ciudad de Medell\u00edn una de las semifinales del Mundial Sub&#8217;20 de Colombia.<\/p>\n","protected":false},"author":1,"featured_media":8329,"comment_status":"closed","ping_status":"open","sticky":false,"template":"","format":"standard","meta":{"footnotes":""},"categories":[28],"tags":[183,179,3613,6393,6997],"class_list":["post-8328","post","type-post","status-publish","format-standard","has-post-thumbnail","hentry","category-deportes","tag-francia","tag-futbol-2","tag-portugal","tag-semifinal","tag-sub20"],"_links":{"self":[{"href":"https:\/\/diarioelpopular.com\/index.php\/wp-json\/wp\/v2\/posts\/8328","targetHints":{"allow":["GET"]}}],"collection":[{"href":"https:\/\/diarioelpopular.com\/index.php\/wp-json\/wp\/v2\/posts"}],"about":[{"href":"https:\/\/diarioelpopular.com\/index.php\/wp-json\/wp\/v2\/types\/post"}],"author":[{"embeddable":true,"href":"https:\/\/diarioelpopular.com\/index.php\/wp-json\/wp\/v2\/users\/1"}],"replies":[{"embeddable":true,"href":"https:\/\/diarioelpopular.com\/index.php\/wp-json\/wp\/v2\/comments?post=8328"}],"version-history":[{"count":0,"href":"https:\/\/diarioelpopular.com\/index.php\/wp-json\/wp\/v2\/posts\/8328\/revisions"}],"wp:featuredmedia":[{"embeddable":true,"href":"https:\/\/diarioelpopular.com\/index.php\/wp-json\/"}],"wp:attachment":[{"href":"https:\/\/diarioelpopular.com\/index.php\/wp-json\/wp\/v2\/media?parent=8328"}],"wp:term":[{"taxonomy":"category","embeddable":true,"href":"https:\/\/diarioelpopular.com\/index.php\/wp-json\/wp\/v2\/categories?post=8328"},{"taxonomy":"post_tag","embeddable":true,"href":"https:\/\/diarioelpopular.com\/index.php\/wp-json\/wp\/v2\/tags?post=8328"}],"curies":[{"name":"wp","href":"https:\/\/api.w.org\/{rel}","templated":true}]}}