{"id":8420,"date":"2011-08-17T14:47:24","date_gmt":"2011-08-17T18:47:24","guid":{"rendered":"http:\/\/retrolab.ca\/elpopular\/?p=8420"},"modified":"2011-08-17T14:47:24","modified_gmt":"2011-08-17T18:47:24","slug":"importante-primera-cita-en-panama-para-el-toronto-fc","status":"publish","type":"post","link":"https:\/\/diarioelpopular.com\/index.php\/2011\/08\/17\/importante-primera-cita-en-panama-para-el-toronto-fc\/","title":{"rendered":"Importante primera cita en Panam\u00e1 para el Toronto FC"},"content":{"rendered":"<div id=\"attachment_8427\" style=\"width: 710px\" class=\"wp-caption aligncenter\"><a href=\"http:\/\/retrolab.ca\/elpopular\/wp-content\/uploads\/2011\/08\/Juli\u00e1n-de-Guzm\u00e1n-peq.jpg\"><img loading=\"lazy\" decoding=\"async\" aria-describedby=\"caption-attachment-8427\" class=\"size-full wp-image-8427\" title=\"Juli\u00e1n de Guzm\u00e1n\" src=\"http:\/\/retrolab.ca\/elpopular\/wp-content\/uploads\/2011\/08\/Juli\u00e1n-de-Guzm\u00e1n-peq.jpg\" alt=\"\" width=\"700\" height=\"420\" \/><\/a><p id=\"caption-attachment-8427\" class=\"wp-caption-text\">El centrocampista internacional del Toronto FC Juli\u00e1n de Guzm\u00e1n<\/p><\/div>\n<p><strong><em>Efe. Panam\u00e1.-<\/em><\/strong> El equipo paname\u00f1o Tauro FC buscar\u00e1 aprovechar este jueves su condici\u00f3n de local para obtener un triunfo ante el Toronto FC, en el primer partido entre ambas escuadras en la fase de grupos de la Liga de Campeones de la Concacaf.<\/p>\n<p>El encuentro se disputar\u00e1 a las 19.00 hora local (00.00 GMT) en el estadio Rommel Fern\u00e1ndez, en el sector este de la capital paname\u00f1a.<\/p>\n<p>&#8220;Los puntos que podamos sumar como locales ser\u00e1n muy importantes (&#8230;) si es que queremos llegar hasta donde tenemos planeado, que es la pr\u00f3xima ronda&#8221;, se\u00f1al\u00f3 el presidente del Tauro, el paname\u00f1o Gianpaolo Gronchi, en una conferencia de prensa.<\/p>\n<p>Gronchi dijo que el grupo en el que quedaron es muy dif\u00edcil, por lo que est\u00e1n obligados a ganar y a tratar de obtener algunos puntos como visitantes.<\/p>\n<p>En ese grupo C tambi\u00e9n est\u00e1n los Pumas de la UNAM, de M\u00e9xico, y el Dallas FC, de Estados Unidos.<\/p>\n<p>Un poco m\u00e1s confiado se mostr\u00f3 el t\u00e9cnico taurino, Juan Carlos Cubillas, aunque algo molesto porque hasta ahora no hab\u00edan podido pisar la grama del Rommel Fern\u00e1ndez.<\/p>\n<p>Cubillas indic\u00f3 que el Tauro saldr\u00e1 onfiado en lograr los tres puntos, teniendo como figuras principales a los exmiembros de la selecci\u00f3n nacional Luis Moreno (zaguero), Juan De Dios P\u00e9rez (mediocampista) y Victor Ren\u00e9 Mendieta hijo (delantero).<\/p>\n<p>No obstante, Cubillas se mostr\u00f3 preocupado porque su equipo no ha podido entrenarse en la cancha del Rommel porque no le fue prestada por el Instituto Paname\u00f1o de Deportes (Pandeportes).<\/p>\n<p>Para el Tauro FC, esta ser\u00e1 su tercera participaci\u00f3n en la &#8216;Concachampions&#8217;, en la que no ha podido pasar de la etapa preliminar tras ser apeado por el Islanders, de Puerto Rico, en la primera ocasi\u00f3n (2008-2009), y por el Marathon, de Honduras (2010-2011).<\/p>\n<p>En la liga local, el equipo taurino est\u00e1 en el segundo lugar de la tabla, con 10 puntos, detr\u00e1s del San Francisco de La Chorrera, con un total de tres victorias, un empate y una derrota.<\/p>\n<p>El Toronto FC, que tiene previsto llegar a \u00faltima hora de la tarde a suelo istme\u00f1o, visita Panam\u00e1 por segunda ocasi\u00f3n en el marco de este torneo, despu\u00e9s de que el a\u00f1o pasado se fuera con un marcador adverso de 1-0 frente al \u00c1rabe Unido.<\/p>\n<p>A diferencia de su adversario de ma\u00f1ana, el club canadiense tuvo que pasar por una primera fase frente al Real Estel\u00ed, de Nicaragua, a quien dej\u00f3 en el camino tras disputar dos partidos.<\/p>\n<p>El Toronto FC, que no tiene previsto efectuar una sesi\u00f3n de entrenamiento en el pa\u00eds centroamericano, no contar\u00e1 en esta ocasi\u00f3n con el mediocampista alem\u00e1n Torsten Frings, quien recibi\u00f3 dos tarjetas amarillas en su serie de partidos ante los nicarag\u00fcenses.<\/p>\n<p>Sin embargo, el equipo dirigido por el holand\u00e9s Aron Winter contar\u00e1 entre sus filas con los miembros de la selecci\u00f3n canadiense Juli\u00e1n de Guzm\u00e1n (mediocampista), Adriann Cann (defensa) y Ferry Dunfield (mediocampista).<\/p>\n<p>Winter espera tambi\u00e9n una buena actuaci\u00f3n de su equipo, que est\u00e1 ubicado en los \u00faltimos lugares de la &#8216;Major League Soccer&#8217; (MLS) de Estados Unidos.<\/p>\n","protected":false},"excerpt":{"rendered":"<p>El equipo paname\u00f1o Tauro FC buscar\u00e1 aprovechar este jueves su condici\u00f3n de local para obtener un triunfo ante el Toronto FC, en el primer partido entre ambas escuadras en la fase de grupos de la Liga de Campeones de la Concacaf.<\/p>\n","protected":false},"author":1,"featured_media":8427,"comment_status":"closed","ping_status":"open","sticky":false,"template":"","format":"standard","meta":{"footnotes":""},"categories":[28],"tags":[2381,7252,179,7253,817],"class_list":["post-8420","post","type-post","status-publish","format-standard","has-post-thumbnail","hentry","category-deportes","tag-concacaf","tag-concachampions","tag-futbol-2","tag-liga-de-campeones-de-la-concacaf","tag-toronto-fc"],"_links":{"self":[{"href":"https:\/\/diarioelpopular.com\/index.php\/wp-json\/wp\/v2\/posts\/8420","targetHints":{"allow":["GET"]}}],"collection":[{"href":"https:\/\/diarioelpopular.com\/index.php\/wp-json\/wp\/v2\/posts"}],"about":[{"href":"https:\/\/diarioelpopular.com\/index.php\/wp-json\/wp\/v2\/types\/post"}],"author":[{"embeddable":true,"href":"https:\/\/diarioelpopular.com\/index.php\/wp-json\/wp\/v2\/users\/1"}],"replies":[{"embeddable":true,"href":"https:\/\/diarioelpopular.com\/index.php\/wp-json\/wp\/v2\/comments?post=8420"}],"version-history":[{"count":0,"href":"https:\/\/diarioelpopular.com\/index.php\/wp-json\/wp\/v2\/posts\/8420\/revisions"}],"wp:featuredmedia":[{"embeddable":true,"href":"https:\/\/diarioelpopular.com\/index.php\/wp-json\/"}],"wp:attachment":[{"href":"https:\/\/diarioelpopular.com\/index.php\/wp-json\/wp\/v2\/media?parent=8420"}],"wp:term":[{"taxonomy":"category","embeddable":true,"href":"https:\/\/diarioelpopular.com\/index.php\/wp-json\/wp\/v2\/categories?post=8420"},{"taxonomy":"post_tag","embeddable":true,"href":"https:\/\/diarioelpopular.com\/index.php\/wp-json\/wp\/v2\/tags?post=8420"}],"curies":[{"name":"wp","href":"https:\/\/api.w.org\/{rel}","templated":true}]}}