{"id":8459,"date":"2011-08-17T22:30:02","date_gmt":"2011-08-18T02:30:02","guid":{"rendered":"http:\/\/retrolab.ca\/elpopular\/?p=8459"},"modified":"2011-08-17T22:30:02","modified_gmt":"2011-08-18T02:30:02","slug":"portugal-y-su-defensa-imbatible-en-la-final-sub20","status":"publish","type":"post","link":"https:\/\/diarioelpopular.com\/index.php\/2011\/08\/17\/portugal-y-su-defensa-imbatible-en-la-final-sub20\/","title":{"rendered":"Portugal y su defensa imbatible, en la final"},"content":{"rendered":"<div id=\"attachment_8460\" style=\"width: 710px\" class=\"wp-caption aligncenter\"><a href=\"http:\/\/retrolab.ca\/elpopular\/wp-content\/uploads\/2011\/08\/Mundial-Sub20Francia-Portugal.jpg\"><img loading=\"lazy\" decoding=\"async\" aria-describedby=\"caption-attachment-8460\" class=\"size-full wp-image-8460\" title=\"Mundial Sub'20,Francia-Portugal\" src=\"http:\/\/retrolab.ca\/elpopular\/wp-content\/uploads\/2011\/08\/Mundial-Sub20Francia-Portugal.jpg\" alt=\"\" width=\"700\" height=\"420\" \/><\/a><p id=\"caption-attachment-8460\" class=\"wp-caption-text\">Los jugadores de Portugal celebran su paso a la final. Foto: Mauricio Due\u00f1as \/ Efe<\/p><\/div>\n<p><em><strong>Efe. Bogot\u00e1.-<\/strong><\/em> La selecci\u00f3n de Portugal, invicta y con un excelente trabajo en defensa, super\u00f3 este mi\u00e9rcoles por 2-0 a Francia y se convirti\u00f3 en la primera finalista del Mundial\u00a0Sub&#8217;20\u00a0de F\u00fatbol que culminar\u00e1 el pr\u00f3ximo s\u00e1bado en Bogot\u00e1.<\/p>\n<p>Danilo en el minuto 9 y Nelson Oliveira en el 40, de penalti, le entregaron el triunfo al equipo de Ilidio Vale, que ahora espera al ganador entre Brasil y M\u00e9xico.<\/p>\n<p>Cuando parec\u00eda que Francia iba a ser el due\u00f1o de las acciones, tras inquietar desde el primer minuto al guardameta Mika, tras un remate de Bakamb\u00fa, y luego de tocar y controlar el bal\u00f3n en los primeros minutos, su suerte cambi\u00f3 radicalmente ante un Portugal que no necesit\u00f3 mucho tiempo para acomodarse en el terreno de juego.<\/p>\n<p>Por eso en el minuto 9, ante el asombro de los seguidores franceses, Portugal concret\u00f3 la primera anotaci\u00f3n luego de un tiro de esquina que le qued\u00f3 a Danilo, quien de cabeza desubic\u00f3 al portero Ligali para el 0-1 parcial.<\/p>\n<p>Francia intent\u00f3 reaccionar de inmediato al recuperar el bal\u00f3n y en el minuto 13 Grenier por poco consigue el empate luego de un remate de tiro libre que Mika logr\u00f3 sacar al tiro de esquina.<\/p>\n<p>Los tiros de media distancia tambi\u00e9n inquietaron a la defensa portuguesa que reaccion\u00f3 perfectamente, como sucedi\u00f3 en el minuto 37 una vez m\u00e1s con Grenier tras un nuevo remate que detuvo el portero luso.<\/p>\n<p>Fue as\u00ed como los dirigidos por Ilidio Vale retomaron el control del bal\u00f3n con jugadores como Danilo, Alex, Pel\u00e9 y Nelson Oliveira, y luego de un tiro libre, la defensa francesa intent\u00f3 despejar el bal\u00f3n, pero el \u00e1rbitro turco Cuneyt Cakir consider\u00f3 que Koulibaly cometi\u00f3 una falta sobre Danilo en el \u00e1rea, para decretar un penalti.<\/p>\n<p>Nelson Oliveira fue el encargado de cobrarlo con pierna derecha en el minuto 40 para concretar el segundo gol de Portugal.<\/p>\n<p>En la etapa complementaria, Francia se aboc\u00f3 al ataque, ante un Portugal que confirm\u00f3 su efectiva defensa para impedir que la porter\u00eda de Mika fuera vulnerada.<\/p>\n<p>En el minuto 58, Fofana pudo alcanzar el descuento tras un remate que detuvo Mika, quien complet\u00f3 570 minutos sin recibir gol.<\/p>\n<p>Los de Francis Smerecki no renunciaron a atacar, pero sus remates de media distancia, de tiro libre, y sus contantes toques fueron infructuosos en su trabajo ofensivo.<\/p>\n<p>En el minuto 84 se registr\u00f3 la m\u00e1s cercana situaci\u00f3n de gol para Francia, en la que Nego remat\u00f3 un bal\u00f3n que primero peg\u00f3 en el travesa\u00f1o y sali\u00f3 finalmente desviado.<\/p>\n<p><strong>Ficha t\u00e9cnica:<\/strong><\/p>\n<ul>\n<li><strong>0. Francia: <\/strong>Ligali; Nego, Fontaine, Kolodziejczak (m.73, Lejeune), Fofana, Koulibaly, Coquelin, Grenier, Sunu (m.60, Kakuta), Griezmann y Bakambu (m.52, Lacazette). Seleccionador: Francis Smerecki.<strong><\/strong><\/li>\n<li><strong>2. Portugal: <\/strong>Mika; Roderick, Nuno Reis, Cedric, Mario Rui, Danilo, S\u00e9rgio Oliveira (m.89, Tiago), Julio Alves, Pel\u00e9, Nelson Oliveira, Alex. Seleccionador: Ilidio Vale.<strong><\/strong><\/li>\n<li><strong>Goles:<\/strong> 0-1, m.9: Danilo. 0-2, m.40: Nelson Oliveira, de penalti.<strong><\/strong><\/li>\n<li><strong>\u00c1rbitro:<\/strong> El turco Cuneyt Cakir amonest\u00f3 a los franceses Koulibaly, Fontaine y Lejeune y a los portugueses Alves, Nego, S\u00e9rgio Oliveira y Mika.<strong><\/strong><\/li>\n<li><strong>Incidencias: <\/strong>partido semifinal del Mundial\u00a0Sub&#8217;20\u00a0disputado en el estadio Atanasio Girardot de Medell\u00edn, ante 40.000 espectadores.<\/li>\n<\/ul>\n","protected":false},"excerpt":{"rendered":"<p>La selecci\u00f3n de Portugal, invicta y con un excelente trabajo en defensa, super\u00f3 este mi\u00e9rcoles por 2-0 a Francia y se convirti\u00f3 en la primera finalista del Mundial Sub&#8217;20 de F\u00fatbol que culminar\u00e1 el pr\u00f3ximo s\u00e1bado en Bogot\u00e1.<\/p>\n","protected":false},"author":1,"featured_media":8460,"comment_status":"closed","ping_status":"open","sticky":false,"template":"","format":"standard","meta":{"footnotes":""},"categories":[28],"tags":[183,3613,6393,6997],"class_list":["post-8459","post","type-post","status-publish","format-standard","has-post-thumbnail","hentry","category-deportes","tag-francia","tag-portugal","tag-semifinal","tag-sub20"],"_links":{"self":[{"href":"https:\/\/diarioelpopular.com\/index.php\/wp-json\/wp\/v2\/posts\/8459","targetHints":{"allow":["GET"]}}],"collection":[{"href":"https:\/\/diarioelpopular.com\/index.php\/wp-json\/wp\/v2\/posts"}],"about":[{"href":"https:\/\/diarioelpopular.com\/index.php\/wp-json\/wp\/v2\/types\/post"}],"author":[{"embeddable":true,"href":"https:\/\/diarioelpopular.com\/index.php\/wp-json\/wp\/v2\/users\/1"}],"replies":[{"embeddable":true,"href":"https:\/\/diarioelpopular.com\/index.php\/wp-json\/wp\/v2\/comments?post=8459"}],"version-history":[{"count":0,"href":"https:\/\/diarioelpopular.com\/index.php\/wp-json\/wp\/v2\/posts\/8459\/revisions"}],"wp:featuredmedia":[{"embeddable":true,"href":"https:\/\/diarioelpopular.com\/index.php\/wp-json\/"}],"wp:attachment":[{"href":"https:\/\/diarioelpopular.com\/index.php\/wp-json\/wp\/v2\/media?parent=8459"}],"wp:term":[{"taxonomy":"category","embeddable":true,"href":"https:\/\/diarioelpopular.com\/index.php\/wp-json\/wp\/v2\/categories?post=8459"},{"taxonomy":"post_tag","embeddable":true,"href":"https:\/\/diarioelpopular.com\/index.php\/wp-json\/wp\/v2\/tags?post=8459"}],"curies":[{"name":"wp","href":"https:\/\/api.w.org\/{rel}","templated":true}]}}