{"id":8743,"date":"2011-08-21T20:02:18","date_gmt":"2011-08-22T00:02:18","guid":{"rendered":"http:\/\/retrolab.ca\/elpopular\/?p=8743"},"modified":"2011-08-21T20:02:18","modified_gmt":"2011-08-22T00:02:18","slug":"brasil-conquista-su-quinto-mundial-sub20","status":"publish","type":"post","link":"https:\/\/diarioelpopular.com\/index.php\/2011\/08\/21\/brasil-conquista-su-quinto-mundial-sub20\/","title":{"rendered":"Brasil conquista su quinto Mundial Sub&#8217;20"},"content":{"rendered":"<div id=\"attachment_8744\" style=\"width: 710px\" class=\"wp-caption aligncenter\"><a href=\"http:\/\/retrolab.ca\/elpopular\/wp-content\/uploads\/2011\/08\/Finbal-del-Mundial-Sub20-Brasil-Portugal.jpg\"><img loading=\"lazy\" decoding=\"async\" aria-describedby=\"caption-attachment-8744\" class=\"size-full wp-image-8744\" title=\"Final del Mundial Sub'20, Brasil-Portugal\" src=\"http:\/\/retrolab.ca\/elpopular\/wp-content\/uploads\/2011\/08\/Finbal-del-Mundial-Sub20-Brasil-Portugal.jpg\" alt=\"\" width=\"700\" height=\"420\" \/><\/a><p id=\"caption-attachment-8744\" class=\"wp-caption-text\">El arquero portugu\u00e9s Mika se lamenta tras la derrota ante Brasil en la final del Mundial Sub&#039;20. Brasil gan\u00f3 por 3-2 a Portugal y se coron\u00f3 campe\u00f3n del mundo. Foto: Mauricio Due\u00f1as \/ Efe<\/p><\/div>\n<div id=\"attachment_8765\" style=\"width: 310px\" class=\"wp-caption alignright\"><a href=\"http:\/\/retrolab.ca\/elpopular\/wp-content\/uploads\/2011\/08\/Brasil-campe\u00f3n-del-Mundial-Sub20-02.jpg\"><img loading=\"lazy\" decoding=\"async\" aria-describedby=\"caption-attachment-8765\" class=\"size-medium wp-image-8765\" title=\"Brasil, campe\u00f3n del Mundial Sub'20 02\" src=\"http:\/\/retrolab.ca\/elpopular\/wp-content\/uploads\/2011\/08\/Brasil-campe\u00f3n-del-Mundial-Sub20-02-300x229.jpg\" alt=\"\" width=\"300\" height=\"229\" \/><\/a><p id=\"caption-attachment-8765\" class=\"wp-caption-text\">Los jugadores brasile\u00f1os celebran el t\u00edtulo. Foto: Efe<\/p><\/div>\n<p><em><strong>M<\/strong><strong>arisol Larrahondo B. Bogot\u00e1.- <\/strong><\/em>La selecci\u00f3n brasile\u00f1a de f\u00fatbol, en una noche inspirada del creativo Oscar, que marc\u00f3 tres goles, conquist\u00f3 este domingo su quinto Mundial en la categor\u00eda\u00a0Sub&#8217;20\u00a0al superar por 3-2 a Portugal al cabo de un tiempo extra de treinta minutos.<\/p>\n<p>La final se repiti\u00f3 veinte a\u00f1os despu\u00e9s pero esta vez sonr\u00edo a Brasil, que en 1991 cay\u00f3 en una tanda de penaltis despu\u00e9s de empatar sin goles en el tiempo reglamentario.<\/p>\n<p>El h\u00e9roe de la noche brasile\u00f1a en Bogot\u00e1 fue Oscar, quien marc\u00f3 los tres goles del equipo dirigido por Ney Franco a los minutos 5, 78 y 111.<\/p>\n<p>Portugal aliment\u00f3 su esperanza de llegar al tercer t\u00edtulo con las dianas de Alex en el minuto 9 y Nelson Oliveira en el 59.<\/p>\n<p>Brasil se hizo absoluto en las ediciones mundialistas de 1983, 1985, 1993, 2003 y 2011, y qued\u00f3 a un t\u00edtulo de alcanzar a Argentina, el &#8216;rey de Copas&#8217; en esta categor\u00eda.<\/p>\n<p>El primer gol brasile\u00f1o surgi\u00f3 de una falta ejecutada por Oscar. En medio del tumulto en el \u00e1rea el remate franco termin\u00f3 rozando la cabeza de Nelson Oliveira y el portero Mika resignado a recoger por primera vez en el torneo el bal\u00f3n en el fondo de la red.<\/p>\n<p>Pero el equipo de Ilidio Vale reaccion\u00f3 de inmediato y a los 9 minutos consigui\u00f3 la igualdad a trav\u00e9s de Alex.<\/p>\n<p>Los brasile\u00f1os un tanto sorprendidos trataron de recuperar el control del juego y produjeron una peligrosa jugada en el \u00e1rea de Mika en la que el bal\u00f3n peg\u00f3 dos veces en el palo y parec\u00eda que entraba al arco, pero el \u00e1rbitro Mark Geiger, no lo consider\u00f3 as\u00ed.<\/p>\n<p>De ah\u00ed en m\u00e1s el equipo de Ney Franco sigui\u00f3 presionando, buscando la ventaja, que no pudo encontrar tras la f\u00e9rrea defensa de los lusitanos.<\/p>\n<p>Fue solo hasta los \u00faltimos minutos del primer tiempo que Brasil volvi\u00f3 a tener el bal\u00f3n y en el minuto 44 el zaguero Juan tuvo una oportunidad al rematar a distancia por encima del horizontal.<\/p>\n<p>En el segundo tiempo emergi\u00f3 el punta Nelson Oliveira como figura. El premio a su tenacidad lleg\u00f3 a los 59 minutos en una jugada en solitario por la derecha. Dej\u00f3 atr\u00e1s a la defensa y filtr\u00f3 el bal\u00f3n por entre las piernas del portero Gabriel.<\/p>\n<p>Nelson Oliveira continu\u00f3 dando dolores de cabeza a la defensa del equipo Canarinho.<\/p>\n<p>Brasil no renunci\u00f3 a atacar y en el minuto 78, tras un pase de Dud\u00fa, que gan\u00f3 la espalda de Pel\u00e9, Oscar recogi\u00f3 un rebote defectuoso de Mika y fij\u00f3 el 2-2 con el que ambos equipos, ahogados por el esfuerzo en una ciudad situada a 2.640 metros sobre el nivel del mar, se fueron al tiempo extra.<\/p>\n<p>El reci\u00e9n ingresado Caetano tuvo la oportunidad de darle la ventaja a Portugal en el minuto 98 en una llegada solo frente a Gabriel, que contuvo un bal\u00f3n que iba en par\u00e1bola.<\/p>\n<p>En el minuto 111, un lanzamiento venenoso, inesperado de Oscar, sorprendi\u00f3 a Mika, que no pudo contener su trayectoria hacia la escuadra.<\/p>\n<p>El juego acab\u00f3 y Brasil festej\u00f3 su quinto t\u00edtulo mundial\u00a0Sub&#8217;20, revirtiendo la historia 20 a\u00f1os despu\u00e9s de que Portugal se impuso en una tanda de penaltis.<\/p>\n<p><strong>Ficha t\u00e9cnica:<\/strong><\/p>\n<ul>\n<li><strong>3. Brasil: <\/strong>Gabriel; Danilo, Bruno Uvini, Juan, Gabriel Silva (m.46, Allan); Casemiro, Fernando, Oscar; Philippe Coutinho (m.62, Dudu), Henrique y Willian (m.46, Negueba).<\/li>\n<li><strong>2. Portugal:<\/strong> Mika; Cedric (m.52, Julio Alves), Roderick, Nuno Reis, Mario Rui; Danilo, Pel\u00e9, San\u00e1 (m.99, Ricardo Dias); Sergio Oliveira, Alex (m.82, Caetano) y Nelson Oliveira.<\/li>\n<li><strong>Goles:<\/strong> 1-0, m.5: Oscar. 1-1, m.9: Alex. 1-2, m.59: Nelson Oliveira. 2-2, m.78: Oscar. 3-2, m.111: Oscar.<\/li>\n<li><strong>\u00c1rbitro: <\/strong>El estadounidense Mark Geiger amonest\u00f3 a Roderick, Pel\u00e9, Sergio Oliveira, Henrique, Juan, Julio Alves, San\u00e1 y Nelson Oliveira.<\/li>\n<li><strong>Incidencias: <\/strong>Partido de la final del Mundial\u00a0Sub&#8217;20\u00a0de f\u00fatbol disputado en el estadio Nemesio Camacho &#8216;El Camp\u00edn&#8217;, de Bogot\u00e1 ante unos 36.058 espectadores.<\/li>\n<\/ul>\n<p>&nbsp;<\/p>\n","protected":false},"excerpt":{"rendered":"<p>La selecci\u00f3n brasile\u00f1a de f\u00fatbol, en una noche inspirada del creativo Oscar, que marc\u00f3 tres goles, conquist\u00f3 este domingo su quinto Mundial en la categor\u00eda Sub&#8217;20 al superar por 3-2 a Portugal al cabo de un tiempo extra de treinta minutos.<\/p>\n","protected":false},"author":1,"featured_media":8744,"comment_status":"closed","ping_status":"open","sticky":false,"template":"","format":"standard","meta":{"footnotes":""},"categories":[28],"tags":[478,2583,3009,3613,6997],"class_list":["post-8743","post","type-post","status-publish","format-standard","has-post-thumbnail","hentry","category-deportes","tag-brasil","tag-final","tag-mundial","tag-portugal","tag-sub20"],"_links":{"self":[{"href":"https:\/\/diarioelpopular.com\/index.php\/wp-json\/wp\/v2\/posts\/8743","targetHints":{"allow":["GET"]}}],"collection":[{"href":"https:\/\/diarioelpopular.com\/index.php\/wp-json\/wp\/v2\/posts"}],"about":[{"href":"https:\/\/diarioelpopular.com\/index.php\/wp-json\/wp\/v2\/types\/post"}],"author":[{"embeddable":true,"href":"https:\/\/diarioelpopular.com\/index.php\/wp-json\/wp\/v2\/users\/1"}],"replies":[{"embeddable":true,"href":"https:\/\/diarioelpopular.com\/index.php\/wp-json\/wp\/v2\/comments?post=8743"}],"version-history":[{"count":0,"href":"https:\/\/diarioelpopular.com\/index.php\/wp-json\/wp\/v2\/posts\/8743\/revisions"}],"wp:featuredmedia":[{"embeddable":true,"href":"https:\/\/diarioelpopular.com\/index.php\/wp-json\/"}],"wp:attachment":[{"href":"https:\/\/diarioelpopular.com\/index.php\/wp-json\/wp\/v2\/media?parent=8743"}],"wp:term":[{"taxonomy":"category","embeddable":true,"href":"https:\/\/diarioelpopular.com\/index.php\/wp-json\/wp\/v2\/categories?post=8743"},{"taxonomy":"post_tag","embeddable":true,"href":"https:\/\/diarioelpopular.com\/index.php\/wp-json\/wp\/v2\/tags?post=8743"}],"curies":[{"name":"wp","href":"https:\/\/api.w.org\/{rel}","templated":true}]}}